{"id":105701,"date":"2025-12-02T12:48:09","date_gmt":"2025-12-02T12:48:09","guid":{"rendered":"https:\/\/www.europesays.com\/fi\/105701\/"},"modified":"2025-12-02T12:48:09","modified_gmt":"2025-12-02T12:48:09","slug":"antti-kurhinen-joutui-sairaalaan-kertoo-tuskaisena-voinnistaan","status":"publish","type":"post","link":"https:\/\/www.europesays.com\/fi\/105701\/","title":{"rendered":"Antti Kurhinen joutui sairaalaan: Kertoo tuskaisena voinnistaan"},"content":{"rendered":"<p>Antti Kurhinen julkaisi tuskaisia videoita tiistaina Instagram-tililleen.<\/p>\n<p><img decoding=\"async\" class=\"image image-show image-preview\" src=\"https:\/\/www.europesays.com\/fi\/wp-content\/uploads\/2025\/12\/25113c1e010fa2bcccdb057a627873ec3b19d274e257f927480ee87f9f5f6385.jpg\" alt=\"\"\/><img decoding=\"async\" class=\"image image-show\" src=\"https:\/\/www.europesays.com\/fi\/wp-content\/uploads\/2025\/12\/1764679689_541_25113c1e010fa2bcccdb057a627873ec3b19d274e257f927480ee87f9f5f6385.jpg\" alt=\"\"\/><\/p>\n<p> Antti Kurhinen on suomalainen mediapersoona. ATTE KAJOVA<\/p>\n<p class=\"paragraph\">Mediapersoona <strong>Antti Kurhinen<\/strong>, 41, joutui sairaalaan. Asia ilmenee Kurhisen Instagram-tililt\u00e4.<\/p>\n<p class=\"paragraph\">Kurhinen julkaisi puoli kahden aikaan iltap\u00e4iv\u00e4ll\u00e4 Instagram-tilins\u00e4 <a href=\"https:\/\/www.instagram.com\/stories\/keisarikurhinen\/3778664294045756235\/\" rel=\"noopener nofollow\" target=\"_blank\">tarinat-osioon<\/a> videoita suoraan sairaalapedilt\u00e4, jossa h\u00e4n makaa sairaalakaavussa tippa k\u00e4dess\u00e4. Tarinat ovat katsottavissa 24 tunnin ajan.<\/p>\n<p class=\"paragraph\">Ensimm\u00e4isess\u00e4 videossa Kurhinen hengitt\u00e4\u00e4 raskaasti ja kuvaa kasvojaan. Toisessa videossa h\u00e4n pystyy jo puhumaan.<\/p>\n<p class=\"paragraph\">Kurhisen mukaan h\u00e4n ei viel\u00e4 itsek\u00e4\u00e4n tied\u00e4 mik\u00e4 h\u00e4nell\u00e4 on. H\u00e4n kertoo her\u00e4nneens\u00e4 y\u00f6ll\u00e4 voimakkaisiin vatsakipuihin.<\/p>\n<p class=\"paragraph\">\u2013 J\u00e4rkytt\u00e4v\u00e4t vatsakivut tuli viiden aikaan aamulla. Sitten paheni lis\u00e4\u00e4 vaan, kun s\u00f6i. Menin mehil\u00e4iseen ja siell\u00e4 vasta kivut olivatkin. En pystynyt en\u00e4\u00e4 edes puhumaan. Siit\u00e4 ambulanssilla Meilahteen ja t\u00e4\u00e4ll\u00e4 lis\u00e4\u00e4 kipul\u00e4\u00e4kett\u00e4.<\/p>\n<p class=\"paragraph\">Kurhinen lis\u00e4\u00e4, ett\u00e4 h\u00e4nelt\u00e4 on otettu syd\u00e4nfilmi ja verikokeet. Syd\u00e4nfilmiss\u00e4 n\u00e4kyi jotain erikoista. Seuraavaksi h\u00e4nelt\u00e4 otetaan kuvia vatsasta.<\/p>\n<p class=\"paragraph\">\u2013 T\u00e4llaista. Ei ole kivaa. T\u00e4llaisia kipuja en ole koskaan tuntenut mahassani. Min\u00e4 itkin. Min\u00e4 itkin ja vollotin kivusta. T\u00e4m\u00e4 on j\u00e4rkytt\u00e4v\u00e4\u00e4.<\/p>\n<p class=\"paragraph\">Kurhinen muistetaan muun muassa Big Brother -ohjelmasta. H\u00e4n on my\u00f6s pit\u00e4nyt aikanaan Suomen ensimm\u00e4ist\u00e4 seksinukkebordellia.<\/p>\n<p><script async src=\"\/\/www.instagram.com\/embed.js\"><\/script><\/p>\n","protected":false},"excerpt":{"rendered":"Antti Kurhinen julkaisi tuskaisia videoita tiistaina Instagram-tililleen. Antti Kurhinen on suomalainen mediapersoona. ATTE KAJOVA Mediapersoona Antti Kurhinen, 41,&hellip;\n","protected":false},"author":2,"featured_media":105702,"comment_status":"","ping_status":"","sticky":false,"template":"","format":"standard","meta":{"footnotes":""},"categories":[130],"tags":[35,137,33,31,30,2461,32,502,167,140,139,109],"class_list":{"0":"post-105701","1":"post","2":"type-post","3":"status-publish","4":"format-standard","5":"has-post-thumbnail","7":"category-viihde","8":"tag-24h","9":"tag-entertainment","10":"tag-fi","11":"tag-finland","12":"tag-finnish","13":"tag-sairaalat-ja-terveyskeskukset","14":"tag-suomi","15":"tag-terveydenhoito","16":"tag-terveys","17":"tag-tv-ja-elokuvat","18":"tag-tv-ohjelmat","19":"tag-viihde"},"share_on_mastodon":{"url":"https:\/\/pubeurope.com\/@fi\/115650055666004596","error":""},"_links":{"self":[{"href":"https:\/\/www.europesays.com\/fi\/wp-json\/wp\/v2\/posts\/105701","targetHints":{"allow":["GET"]}}],"collection":[{"href":"https:\/\/www.europesays.com\/fi\/wp-json\/wp\/v2\/posts"}],"about":[{"href":"https:\/\/www.europesays.com\/fi\/wp-json\/wp\/v2\/types\/post"}],"author":[{"embeddable":true,"href":"https:\/\/www.europesays.com\/fi\/wp-json\/wp\/v2\/users\/2"}],"replies":[{"embeddable":true,"href":"https:\/\/www.europesays.com\/fi\/wp-json\/wp\/v2\/comments?post=105701"}],"version-history":[{"count":0,"href":"https:\/\/www.europesays.com\/fi\/wp-json\/wp\/v2\/posts\/105701\/revisions"}],"wp:featuredmedia":[{"embeddable":true,"href":"https:\/\/www.europesays.com\/fi\/wp-json\/wp\/v2\/media\/105702"}],"wp:attachment":[{"href":"https:\/\/www.europesays.com\/fi\/wp-json\/wp\/v2\/media?parent=105701"}],"wp:term":[{"taxonomy":"category","embeddable":true,"href":"https:\/\/www.europesays.com\/fi\/wp-json\/wp\/v2\/categories?post=105701"},{"taxonomy":"post_tag","embeddable":true,"href":"https:\/\/www.europesays.com\/fi\/wp-json\/wp\/v2\/tags?post=105701"}],"curies":[{"name":"wp","href":"https:\/\/api.w.org\/{rel}","templated":true}]}}