{"id":105703,"date":"2025-12-02T12:51:09","date_gmt":"2025-12-02T12:51:09","guid":{"rendered":"https:\/\/www.europesays.com\/fi\/105703\/"},"modified":"2025-12-02T12:51:09","modified_gmt":"2025-12-02T12:51:09","slug":"metsahallitus-hakee-kesaharjoittelijoita-kainuuseen-ja-pohjois-pohjanmaalle-kainuu","status":"publish","type":"post","link":"https:\/\/www.europesays.com\/fi\/105703\/","title":{"rendered":"Mets\u00e4hallitus hakee kes\u00e4\u00adharjoittelijoita Kainuuseen ja Pohjois-Pohjanmaalle | Kainuu"},"content":{"rendered":"<p class=\"aw-1gybjub aw-5vja16 kEtdKx kmuxyA yle__article__paragraph\">Harjoittelu\u00adpaikat on tarkoitettu mets\u00e4alaa ammattikorkea\u00adkoulussa tai yliopistossa opiskeleville. Haku p\u00e4\u00e4ttyy 31. tammikuuta.<\/p>\n<p><img decoding=\"async\" alt=\"Jane Rekola,inventoija, mets\u00e4hallitus, mets\u00e4inventointi.\" src=\"https:\/\/www.europesays.com\/fi\/wp-content\/uploads\/2025\/12\/39-134037966d017cf8ea27.jpeg\" class=\"aw-1l9m598 hKVVvP\"\/><\/p>\n<p>Avaa kuvien katselu<\/p>\n<p>Arkistokuvassa Mets\u00e4hallituksen ty\u00f6ntekij\u00e4 inventoimassa puun m\u00e4\u00e4r\u00e4\u00e4 relaskoopin avulla. Kuva: Thomas Hagstr\u00f6m \/ Yle<\/p>\n<p class=\"aw-1gybjub aw-1p7kakr kEtdKx cEmitX yle__article__paragraph\">Mets\u00e4hallitus Mets\u00e4talous hakee ensi kes\u00e4ksi korkeakouluharjoittelijoita. Mets\u00e4talouden teht\u00e4vi\u00e4 p\u00e4\u00e4see koko maassa harjoittelemaan noin 60 harjoittelijaa.<\/p>\n<p class=\"aw-1gybjub aw-1p7kakr kEtdKx cEmitX yle__article__paragraph\">Pohjois-Pohjanmaan ja Kainuun alueelle Mets\u00e4hallitus Mets\u00e4talous ottaa harjoitteluun 19 opiskelijaa 3\u20134 kuukautta kest\u00e4v\u00e4\u00e4n harjoitteluun.<\/p>\n<p>Mets\u00e4hallituksen harjoittelu Kainuussa ja Pohjois-Pohjanmaalla 2026<\/p>\n<ul class=\"aw-1jjocuh iJTSwP yle__article__list yle__article__list--ul\">\n<li class=\"aw-1j7gwms gNYKfi\">mets\u00e4nsuunnittelua 10 opiskelijaa<\/li>\n<li class=\"aw-1j7gwms gNYKfi\">mets\u00e4nhoidon ja tienpidon ohjausteht\u00e4vi\u00e4 6 opiskelijaa<\/li>\n<li class=\"aw-1j7gwms gNYKfi\">puunkorjuun- ja kuljetuksen ohjausteht\u00e4vi\u00e4 3 opiskelijaa<\/li>\n<li class=\"aw-1j7gwms gNYKfi\">Paikkakunnat: Haapaj\u00e4rvi, Kajaani, Kuhmo, Kuusamo, Oulu, Pudasj\u00e4rvi, Puolanka, Suomussalmi ja Taivalkoski<\/li>\n<li class=\"aw-1j7gwms gNYKfi\">Yhdelle toimipaikalle voidaan palkata 1\u20133 harjoittelijaa<\/li>\n<li class=\"aw-1j7gwms gNYKfi\">Hakuaika p\u00e4\u00e4ttyy 31.1.2026.<\/li>\n<\/ul>\n<p class=\"aw-1gybjub aw-1p7kakr kEtdKx cEmitX yle__article__paragraph\">Harjoittelupaikat ovat alueilla, joilla on paljon valtion talousk\u00e4yt\u00f6ss\u00e4 olevia monik\u00e4ytt\u00f6metsi\u00e4.<\/p>\n<p class=\"aw-1gybjub aw-1p7kakr kEtdKx cEmitX yle__article__paragraph\">Harjoittelupaikat on tarkoitettu mets\u00e4alaa ammattikorkeakoulussa tai yliopistossa opiskeleville. Tarjolla on mets\u00e4suunnittelua sek\u00e4 mets\u00e4nhoidon, tienpidon ja puunkorjuun ja -kuljetuksen ohjausteht\u00e4vi\u00e4.<\/p>\n<p class=\"aw-1gybjub aw-1p7kakr kEtdKx cEmitX yle__article__paragraph\">Hallintop\u00e4\u00e4llikk\u00f6 <strong class=\"aw-ak79eh KyCXm yle__article__strong\">Jarmo Leskinen<\/strong> Mets\u00e4hallitus Mets\u00e4talous -yhti\u00f6st\u00e4 kertoo, ett\u00e4 kilpailu on kovinta suurimpien kaupunkien harjoittelupaikoista.<\/p>\n<p class=\"aw-1gybjub aw-1p7kakr kEtdKx cEmitX yle__article__paragraph\">Sen vuoksi Mets\u00e4hallitus kannustaakin opiskelijoita hakemaan my\u00f6s kauemmas ja pienemmille paikkakunnille, joissa p\u00e4\u00e4see tutustumaan monenlaisiin metsiin.<\/p>\n","protected":false},"excerpt":{"rendered":"Harjoittelu\u00adpaikat on tarkoitettu mets\u00e4alaa ammattikorkea\u00adkoulussa tai yliopistossa opiskeleville. Haku p\u00e4\u00e4ttyy 31. tammikuuta. Avaa kuvien katselu Arkistokuvassa Mets\u00e4hallituksen ty\u00f6ntekij\u00e4&hellip;\n","protected":false},"author":2,"featured_media":105704,"comment_status":"","ping_status":"","sticky":false,"template":"","format":"standard","meta":{"footnotes":""},"categories":[76],"tags":[79,77,33,31,30,723,1847,823,1963,791,728,32,78,860],"class_list":{"0":"post-105703","1":"post","2":"type-post","3":"status-publish","4":"format-standard","5":"has-post-thumbnail","7":"category-talous","8":"tag-business","9":"tag-economy","10":"tag-fi","11":"tag-finland","12":"tag-finnish","13":"tag-kainuu","14":"tag-metsahallitus","15":"tag-metsat","16":"tag-metsatalous","17":"tag-opiskelu","18":"tag-pohjois-pohjanmaa","19":"tag-suomi","20":"tag-talous","21":"tag-tyoelama"},"share_on_mastodon":{"url":"https:\/\/pubeurope.com\/@fi\/115650067597717013","error":""},"_links":{"self":[{"href":"https:\/\/www.europesays.com\/fi\/wp-json\/wp\/v2\/posts\/105703","targetHints":{"allow":["GET"]}}],"collection":[{"href":"https:\/\/www.europesays.com\/fi\/wp-json\/wp\/v2\/posts"}],"about":[{"href":"https:\/\/www.europesays.com\/fi\/wp-json\/wp\/v2\/types\/post"}],"author":[{"embeddable":true,"href":"https:\/\/www.europesays.com\/fi\/wp-json\/wp\/v2\/users\/2"}],"replies":[{"embeddable":true,"href":"https:\/\/www.europesays.com\/fi\/wp-json\/wp\/v2\/comments?post=105703"}],"version-history":[{"count":0,"href":"https:\/\/www.europesays.com\/fi\/wp-json\/wp\/v2\/posts\/105703\/revisions"}],"wp:featuredmedia":[{"embeddable":true,"href":"https:\/\/www.europesays.com\/fi\/wp-json\/wp\/v2\/media\/105704"}],"wp:attachment":[{"href":"https:\/\/www.europesays.com\/fi\/wp-json\/wp\/v2\/media?parent=105703"}],"wp:term":[{"taxonomy":"category","embeddable":true,"href":"https:\/\/www.europesays.com\/fi\/wp-json\/wp\/v2\/categories?post=105703"},{"taxonomy":"post_tag","embeddable":true,"href":"https:\/\/www.europesays.com\/fi\/wp-json\/wp\/v2\/tags?post=105703"}],"curies":[{"name":"wp","href":"https:\/\/api.w.org\/{rel}","templated":true}]}}