{"id":105710,"date":"2025-12-02T13:06:09","date_gmt":"2025-12-02T13:06:09","guid":{"rendered":"https:\/\/www.europesays.com\/fi\/105710\/"},"modified":"2025-12-02T13:06:09","modified_gmt":"2025-12-02T13:06:09","slug":"gogi-mavromichalis-ja-joulun-overein-kalenteri-sai-napakkaa-palautetta","status":"publish","type":"post","link":"https:\/\/www.europesays.com\/fi\/105710\/","title":{"rendered":"Gogi Mavromichalis ja joulun \u00f6verein kalenteri &#8211; sai napakkaa palautetta"},"content":{"rendered":"<p>            Matti Matikainen\n        <\/p>\n<p class=\"subtitle \">Gogin joulukalenteri on aiheuttanut kitkaa seuraajien kodeissa.<\/p>\n<p class=\"article-content article-content-width !bg-background\"> on julkisuudessa viett\u00e4miens\u00e4 vuosien aikana p\u00e4\u00e4ssyt esittelem\u00e4\u00e4n lahjakkuuttaan laajalla skaalalla.\u00a0<\/p>\n<p class=\"font-weight-bold m-font-weight-bold article-content article-content-width !bg-background\">Videolla Gogi kertoo ensimm\u00e4isest\u00e4 autostaan:<\/p>\n<p class=\"article-content article-content-width !bg-background\">Nuoruusvuosinaan Salatuissa el\u00e4miss\u00e4 teinitytt\u00f6jen syd\u00e4mi\u00e4 sulattanut Gogi on osoittanut taitonsa paitsi juontajana my\u00f6s tanssijana. H\u00e4n kisaili 2024 Tanssii t\u00e4htien kanssa -ohjelmassa, sijoittuen varsin kelvollisesti kuudenneksi.\u00a0<\/p>\n<p>        <a itemprop=\"url\" href=\"https:\/\/www.seiska.fi\/kotimaa\/gogi-mavromichaliksen-aidin-uskomattoman-nerokas-vinkki-kauppareissulle-vuoden-pirkkaniksi\/1949367\" rel=\"nofollow noopener\" target=\"_blank\"><\/p>\n<p>\nGogin \u00e4iti\n<\/p>\n<p class=\"section-date\">\n        <strong class=\"article-section\" data-section=\"kotimaa\"><br \/>\n            kotimaa<br \/>\n        <\/strong><br \/>\n        2.10. 17:30\n    <\/p>\n<p>Gogi Mavromichaliksen \u00e4idin uskomattoman nerokas vinkki kauppareissulle: &#8221;Vuoden pirkkaniksi&#8221;\n    <\/p>\n<p itemprop=\"description\" class=\"subtitle \">\n    Juontajan \u00e4iti keksi nerokkaan keinon ehk\u00e4ist\u00e4 parisuhderiitoja.\n<\/p>\n<p>        <\/a><\/p>\n<p class=\"article-content article-content-width !bg-background\"><a href=\"https:\/\/www.seiska.fi\/kotimaa\/oho-gogista-paljastui-todellinen-taiteilija\/1880041\" target=\"_blank\" rel=\"nofollow noopener\">Kes\u00e4ll\u00e4 somehauskuuttajanakin tunnettu Gogi yll\u00e4tti taiteellisilla lahjoillaan<\/a>. H\u00e4n julkaisi hein\u00e4kuussa Instagramissa kuvia tekemist\u00e4\u00e4n tauluista.\u00a0<\/p>\n<p>                <img decoding=\"async\" src=\"https:\/\/www.europesays.com\/fi\/wp-content\/uploads\/2025\/12\/2009378.webp\" width=\"576\" height=\"720\" alt=\"Gogin perheess\u00e4 ei ole tyytyminen kaupan valmiskalentereihin.\" loading=\"lazy\" \/>            <\/p>\n<p>\n            Gogin perheess\u00e4 ei ole tyytyminen kaupan valmiskalentereihin.<br \/>\n            Timo Korhonen\n        <\/p>\n<p class=\"article-content article-content-width !bg-background\">\u2013\u00a0Kangaspohja, 3D-tulostus, tasoitemassa, akryylimaali, Gogi kertoi tuolloin luomisprosessistaan<\/p>\n<p>T\u00e4t\u00e4 kalenteria ei kaupasta l\u00f6ydy<\/p>\n<p class=\"article-content article-content-width !bg-background\">Joulukuu tarjosi pian kaksilapsisen perheen is\u00e4lle mahdollisuuden esitell\u00e4 taitojaan j\u00e4lleen. Heti viikon alkajaisiksi Gogi julkaisi Instagram-tarinoissaan materiaalia v\u00e4s\u00e4\u00e4m\u00e4st\u00e4\u00e4n, v\u00e4hint\u00e4\u00e4nkin n\u00e4ytt\u00e4v\u00e4st\u00e4 joulukalenterista.\u00a0<\/p>\n<p>        <a itemprop=\"url\" href=\"https:\/\/www.seiska.fi\/kotimaa\/mita-ihmetta-gogi-mavromichalis-oikein-tekee-80-luvulta-peraisin-olevalla-vekottimella\/1834541\" rel=\"nofollow noopener\" target=\"_blank\"><\/p>\n<p>\nConstantinos \u201dGogi\u201d Mavromichalis\n<\/p>\n<p class=\"section-date\">\n        <strong class=\"article-section\" data-section=\"kotimaa\"><br \/>\n            kotimaa<br \/>\n        <\/strong><br \/>\n        11.6. 20:50\n    <\/p>\n<p>Mit\u00e4 ihmett\u00e4 Gogi Mavromichalis oikein tekee 80-luvulta per\u00e4isin olevalla vekottimella?\n    <\/p>\n<p itemprop=\"description\" class=\"subtitle \">\n    Juontaja ikuistaa kes\u00e4muistoja nostalgiseen tapaan.\n<\/p>\n<p>        <\/a><\/p>\n<p class=\"article-content article-content-width !bg-background\">Tavanomaisen pahvineli\u00f6n sijaan Gogin kalenteri on valmistettu jonkinlaisesta kovemmasta aineksesta ja se esitt\u00e4\u00e4 taloa. Gogi kertoo taideteoksen runsaista yksityiskohdista sometarinoissaan, jotka poistuvat tiistaina.\u00a0<\/p>\n<p class=\"article-content article-content-width !bg-background\">\u2013 N\u00e4ihin oviin tulee lukko, sellainen pieni matkalaukun lukko, ja se l\u00f6ytyy jouluaattona t\u00e4\u00e4lt\u00e4, Gogi selostaa videolla avatessaan luukun numero 24 vieress\u00e4 sijaitsevan pikkuruisen lokeron.<\/p>\n<p>        <a itemprop=\"url\" href=\"https:\/\/www.seiska.fi\/kotimaa\/gogi-mavromichalis-julkaisi-rajua-materiaalia-treffeiltaan-ei-herkille\/1959646\" rel=\"nofollow noopener\" target=\"_blank\"><\/p>\n<p>\nEi herkille!\n<\/p>\n<p class=\"section-date\">\n        <strong class=\"article-section\" data-section=\"kotimaa\"><br \/>\n            kotimaa<br \/>\n        <\/strong><br \/>\n        13.10. 09:56\n    <\/p>\n<p>Gogi Mavromichalis julkaisi rajua materiaalia treffeilt\u00e4\u00e4n \u2013 ei herkille!\n    <\/p>\n<p itemprop=\"description\" class=\"subtitle \">\n    Gogin julkaisemat kuvat eiv\u00e4t sovi herkille!\n<\/p>\n<p>        <\/a><\/p>\n<p class=\"article-content article-content-width !bg-background\">Kuudes joulukuuta Suomessa vietet\u00e4\u00e4n itsen\u00e4isyysp\u00e4iv\u00e4\u00e4. Sen kunniaksi Gogin kalenterista l\u00f6ytyy kuudennen luukun kohdalta tanko, johon h\u00e4n aikoo laittaa siniristilipun liehumaan.<\/p>\n<p>Yksityiskohdat kuin aidossa talossa<\/p>\n<p class=\"article-content article-content-width !bg-background\">Omaa kielt\u00e4\u00e4n Gogin tarkasta ty\u00f6j\u00e4ljest\u00e4 kertoo, ett\u00e4 kalenteritalon savupiipun ymp\u00e4rist\u00f6st\u00e4 l\u00f6ytyy &#8221;nokea&#8221;. Lis\u00e4ksi ikkunoista l\u00f6ytyy lasia muistuttava kalvo, jonka l\u00e4pi n\u00e4kee aivan kuten oikeista akkunoista.\u00a0<\/p>\n<p class=\"article-content article-content-width !bg-background\">Ulkopuolisen silm\u00e4\u00e4n Gogin rakennelma n\u00e4ytt\u00e4\u00e4 virheett\u00f6m\u00e4lt\u00e4. K\u00f6nsikk\u00e4\u00e4n itsens\u00e4 mukaan sit\u00e4 se ei kuitenkaan ole.\u00a0<\/p>\n<p class=\"article-content article-content-width !bg-background\">\u2013 Suurin murheenkryyni olivat saranat. Siell\u00e4 on sementti\u00e4 ja kuumaliimaa ynn\u00e4 muuta, jotta ne pysyisiv\u00e4t eiv\u00e4tk\u00e4 lohkeaisi irti, Gogi kertoo.\u00a0<\/p>\n<p>Asettaa riman korkealle<\/p>\n<p class=\"article-content article-content-width !bg-background\">Gogi toteaa sometarinoissaan, ettei osaa sanoa, kauanko h\u00e4nell\u00e4 meni kalenterin tekemiseen aikaa. Sen h\u00e4n my\u00f6nt\u00e4\u00e4, ett\u00e4 enemm\u00e4n, kuin h\u00e4n aluksi kuvitteli.<\/p>\n<p class=\"article-content article-content-width !bg-background\">Suureellinen DIY-kalenteri on kiinnitt\u00e4nyt my\u00f6s Gogin someseuraajien huomion. Mediapersoona on jakanut er\u00e4\u00e4n seuraajaltaan saamansa suorasukaisen palautteen. T\u00e4m\u00e4 valittelee vaimonsa jo ihmetelleen, miksei h\u00e4nelle ole tehty samanlaista hulppeaa kalenteria.<\/p>\n<p>        <a itemprop=\"url\" href=\"https:\/\/www.seiska.fi\/katso\/podcast-juhani-koskinen-avautuu-tinder-kokemuksistaan\/1941903\" rel=\"nofollow noopener\" target=\"_blank\"><\/p>\n<p>\nJuhani Koskinen podcastissa:\n<\/p>\n<p class=\"section-date\">\n        <strong class=\"article-section\" data-section=\"katso\"><br \/>\n            katso<br \/>\n        <\/strong><br \/>\n        26.9. 09:15\n    <\/p>\n<p>Podcast: Juhani Koskinen avautuu Tinder-kokemuksistaan\n    <\/p>\n<p itemprop=\"description\" class=\"subtitle \">\n    Juhani Koskinen kertoo Gogin kantabaarissa parisuhdehaaveistaan ja erostaan Veronica Verhon kanssa.\n<\/p>\n<p>        <\/a><\/p>\n<p class=\"article-content article-content-width !bg-background\">\u2013 Joo on ihan saatanan hieno, mutta t\u00e4\u00e4 kreditin ottaminen julkisesti on suuri sivallus suomalaisia miehi\u00e4 kohtaan, selv\u00e4sti pilke silm\u00e4kulmassa l\u00e4hetetty viesti kuuluu.<\/p>\n<p class=\"article-content article-content-width !bg-background\">Gogi pahoittelee aiheuttamaansa mielipahaa. Nokkelana miehen\u00e4 h\u00e4nell\u00e4 on tarjota ratkaisu harmilliseen tilanteeseen: Gogi kehottaa seuraajaa v\u00e4itt\u00e4m\u00e4\u00e4n kalenteria teko\u00e4lyn tuotokseksi.\u00a0<\/p>\n","protected":false},"excerpt":{"rendered":"Matti Matikainen Gogin joulukalenteri on aiheuttanut kitkaa seuraajien kodeissa. on julkisuudessa viett\u00e4miens\u00e4 vuosien aikana p\u00e4\u00e4ssyt esittelem\u00e4\u00e4n lahjakkuuttaan laajalla&hellip;\n","protected":false},"author":2,"featured_media":105711,"comment_status":"","ping_status":"","sticky":false,"template":"","format":"standard","meta":{"footnotes":""},"categories":[136],"tags":[407,4899,2091,137,33,31,30,12773,14945,408,7806,98,2341,32,19913,398,903,109],"class_list":{"0":"post-105710","1":"post","2":"type-post","3":"status-publish","4":"format-standard","5":"has-post-thumbnail","7":"category-julkkikset","8":"tag-celebrities","9":"tag-constantinos-mavromichalis","10":"tag-diy","11":"tag-entertainment","12":"tag-fi","13":"tag-finland","14":"tag-finnish","15":"tag-gogi","16":"tag-joulukalenteri","17":"tag-julkkikset","18":"tag-palaute","19":"tag-perhe","20":"tag-some","21":"tag-suomi","22":"tag-taiteellisuus","23":"tag-taiteilija","24":"tag-tanssii-tahtien-kanssa","25":"tag-viihde"},"share_on_mastodon":{"url":"https:\/\/pubeurope.com\/@fi\/115650126694154405","error":""},"_links":{"self":[{"href":"https:\/\/www.europesays.com\/fi\/wp-json\/wp\/v2\/posts\/105710","targetHints":{"allow":["GET"]}}],"collection":[{"href":"https:\/\/www.europesays.com\/fi\/wp-json\/wp\/v2\/posts"}],"about":[{"href":"https:\/\/www.europesays.com\/fi\/wp-json\/wp\/v2\/types\/post"}],"author":[{"embeddable":true,"href":"https:\/\/www.europesays.com\/fi\/wp-json\/wp\/v2\/users\/2"}],"replies":[{"embeddable":true,"href":"https:\/\/www.europesays.com\/fi\/wp-json\/wp\/v2\/comments?post=105710"}],"version-history":[{"count":0,"href":"https:\/\/www.europesays.com\/fi\/wp-json\/wp\/v2\/posts\/105710\/revisions"}],"wp:featuredmedia":[{"embeddable":true,"href":"https:\/\/www.europesays.com\/fi\/wp-json\/wp\/v2\/media\/105711"}],"wp:attachment":[{"href":"https:\/\/www.europesays.com\/fi\/wp-json\/wp\/v2\/media?parent=105710"}],"wp:term":[{"taxonomy":"category","embeddable":true,"href":"https:\/\/www.europesays.com\/fi\/wp-json\/wp\/v2\/categories?post=105710"},{"taxonomy":"post_tag","embeddable":true,"href":"https:\/\/www.europesays.com\/fi\/wp-json\/wp\/v2\/tags?post=105710"}],"curies":[{"name":"wp","href":"https:\/\/api.w.org\/{rel}","templated":true}]}}