{"id":105712,"date":"2025-12-02T13:07:08","date_gmt":"2025-12-02T13:07:08","guid":{"rendered":"https:\/\/www.europesays.com\/fi\/105712\/"},"modified":"2025-12-02T13:07:08","modified_gmt":"2025-12-02T13:07:08","slug":"katso-kuvat-leo-karppasen-taide-ja-arabian-klassikot-kohtaavat-kiteella-paikalliset","status":"publish","type":"post","link":"https:\/\/www.europesays.com\/fi\/105712\/","title":{"rendered":"Katso kuvat: Leo Karppasen taide ja Arabian klassikot kohtaavat Kiteell\u00e4 | Paikalliset"},"content":{"rendered":"<p>N\u00e4yttelykeskuksessa on esill\u00e4 Leo Karppasen teoksia, \u00e4idin ja tytt\u00e4ren yhteisn\u00e4yttely, uudistunut Arabian astiakokoelma sek\u00e4 jatkosodan aikainen sotahistoria harvinaisine l\u00f6yt\u00f6ineen.<\/p>\n<p>Kiteen n\u00e4yttelykeskus tarjoaa t\u00e4n\u00e4 talvena monipuolisen kattauksen uutta n\u00e4ht\u00e4v\u00e4\u00e4. Tuorein kokonaisuus esittelee viitisen vuotta sitten kuolleen kiteel\u00e4isen ITE- ja kuvataiteilijan <strong>Leo Karppasen <\/strong>t\u00f6it\u00e4. N\u00e4yttelyss\u00e4 on lukuisia isoja sein\u00e4reliefej\u00e4, maalauksia sek\u00e4 puu-, betoni- ja metalliveistoksia. Teosten aiheet kumpuavat luonnosta, maanviljelyksest\u00e4, Kalevalasta ja Pahasta pajarista.<\/p>\n","protected":false},"excerpt":{"rendered":"N\u00e4yttelykeskuksessa on esill\u00e4 Leo Karppasen teoksia, \u00e4idin ja tytt\u00e4ren yhteisn\u00e4yttely, uudistunut Arabian astiakokoelma sek\u00e4 jatkosodan aikainen sotahistoria harvinaisine&hellip;\n","protected":false},"author":2,"featured_media":105713,"comment_status":"","ping_status":"","sticky":false,"template":"","format":"standard","meta":{"footnotes":""},"categories":[135],"tags":[389,387,388,390,137,33,31,30,1133,1009,108,941,6310,32,394,393,391,392,109],"class_list":{"0":"post-105712","1":"post","2":"type-post","3":"status-publish","4":"format-standard","5":"has-post-thumbnail","7":"category-taiteet-ja-suunnittelu","8":"tag-arts","9":"tag-arts-and-design","10":"tag-artsanddesign","11":"tag-design","12":"tag-entertainment","13":"tag-fi","14":"tag-finland","15":"tag-finnish","16":"tag-joensuu","17":"tag-kitee","18":"tag-kulttuuri","19":"tag-nostalgia","20":"tag-raakkyla","21":"tag-suomi","22":"tag-suunnittelu","23":"tag-taiteet","24":"tag-taiteet-ja-suunnittelu","25":"tag-taiteetsuunnittelu","26":"tag-viihde"},"share_on_mastodon":{"url":"https:\/\/pubeurope.com\/@fi\/115650130282940052","error":""},"_links":{"self":[{"href":"https:\/\/www.europesays.com\/fi\/wp-json\/wp\/v2\/posts\/105712","targetHints":{"allow":["GET"]}}],"collection":[{"href":"https:\/\/www.europesays.com\/fi\/wp-json\/wp\/v2\/posts"}],"about":[{"href":"https:\/\/www.europesays.com\/fi\/wp-json\/wp\/v2\/types\/post"}],"author":[{"embeddable":true,"href":"https:\/\/www.europesays.com\/fi\/wp-json\/wp\/v2\/users\/2"}],"replies":[{"embeddable":true,"href":"https:\/\/www.europesays.com\/fi\/wp-json\/wp\/v2\/comments?post=105712"}],"version-history":[{"count":0,"href":"https:\/\/www.europesays.com\/fi\/wp-json\/wp\/v2\/posts\/105712\/revisions"}],"wp:featuredmedia":[{"embeddable":true,"href":"https:\/\/www.europesays.com\/fi\/wp-json\/wp\/v2\/media\/105713"}],"wp:attachment":[{"href":"https:\/\/www.europesays.com\/fi\/wp-json\/wp\/v2\/media?parent=105712"}],"wp:term":[{"taxonomy":"category","embeddable":true,"href":"https:\/\/www.europesays.com\/fi\/wp-json\/wp\/v2\/categories?post=105712"},{"taxonomy":"post_tag","embeddable":true,"href":"https:\/\/www.europesays.com\/fi\/wp-json\/wp\/v2\/tags?post=105712"}],"curies":[{"name":"wp","href":"https:\/\/api.w.org\/{rel}","templated":true}]}}