{"id":105714,"date":"2025-12-02T13:10:11","date_gmt":"2025-12-02T13:10:11","guid":{"rendered":"https:\/\/www.europesays.com\/fi\/105714\/"},"modified":"2025-12-02T13:10:11","modified_gmt":"2025-12-02T13:10:11","slug":"gary-holt-paljasti-seuraavan-exodus-levyn-julkaisuajankohdan-se-on-niin-hyva-etta-itkettaa","status":"publish","type":"post","link":"https:\/\/www.europesays.com\/fi\/105714\/","title":{"rendered":"Gary Holt paljasti seuraavan Exodus-levyn julkaisuajankohdan &#8211; &#8221;Se on niin hyv\u00e4 ett\u00e4 itkett\u00e4\u00e4&#8221;"},"content":{"rendered":"<p>Thrash metal -suuruus <strong>Exodus <\/strong>on ty\u00f6st\u00e4nyt kaikessa rauhassa seuraajaa vuoden 2021 Persona Non Grata -pitk\u00e4soitolleen. Tuoreessa Robbs MetalWorksin haastattelussa kitaristi <strong>Gary Holt<\/strong> l\u00f6i p\u00f6yt\u00e4\u00e4n p\u00e4iv\u00e4m\u00e4\u00e4r\u00e4n, jolloin uuden tuotoksen on m\u00e4\u00e4r\u00e4 ilmesty\u00e4:<\/p>\n<p>\u201dSe on ulkona maaliskuussa. Muistaakseni 20. maaliskuuta. Ja se on vitun hieno levy. Olemme todella ylpeit\u00e4\u201d, <a href=\"https:\/\/blabbermouth.net\/news\/gary-holt-reveals-release-date-for-next-exodus-album-when-i-listen-to-it-it-makes-me-wanna-cry-its-so-good\" target=\"_blank\" rel=\"noreferrer noopener nofollow\">Holt toteaa<\/a>.<\/p>\n<p>\u201dJa meill\u00e4 on jo 80 prosenttia sit\u00e4 seuraavasta levyst\u00e4kin valmiina. Me vain kirjoitimme ja kirjoitimme. Olimme kaksi kuukautta studiossa. Meill\u00e4 on tapana nauhoitusten aikana asua samassa talossa ja joskus olemme rakentaneet studion sinne taloon. Se on kuin heavy metal -kes\u00e4leiri. Pid\u00e4mme toisistamme kuitenkin sen verran, ett\u00e4 se onnistuu. Sellainen on aika harvinaista. Ja koko sen ajan teimme uusia biisej\u00e4. \u00c4\u00e4nitysten alkaessa meill\u00e4 oli nelj\u00e4 valmista biisi\u00e4 ja miljoona ideaa.\u201d<\/p>\n<p>Tulevalla levyll\u00e4 on \u00e4\u00e4ness\u00e4 paluun riveihin tehnyt <strong>Rob Dukes<\/strong>, jota Holt my\u00f6s kehuu vuolaasti.<\/p>\n<p>\u201dH\u00e4n on ollut ihan uskomaton. Kun kuulet h\u00e4nen laulunsa t\u00e4ll\u00e4 levyll\u00e4, tulet paskomaan housuusi\u201d, Holt lohkaisee.<\/p>\n<p>\u201dUusi levy on ihan tappokamaa. Tied\u00e4n, ett\u00e4 jokainen aina sanoo niin, mutta t\u00e4m\u00e4 levy on vain niin hyv\u00e4. Min\u00e4 ja <strong>Tom Hunting<\/strong> (Exodus-rumpali) soittelemme toisillemme ja totesin h\u00e4nelle, ett\u00e4 se on niin hyv\u00e4 ett\u00e4 itkett\u00e4\u00e4. Levy on niin vitun hyv\u00e4. Teimme jotain todella spesiaalia.\u201d<\/p>\n<p>Exodus n\u00e4hd\u00e4\u00e4n Suomessa kev\u00e4\u00e4ll\u00e4 yhdess\u00e4 <strong>Kreatorin<\/strong>, <strong>Carcassin <\/strong>ja <strong>Nailsin <\/strong>kanssa. Yhtyeet esiintyv\u00e4t Helsingin j\u00e4\u00e4hallin Black Boxissa 21.4.2026.<\/p>\n<p><img loading=\"lazy\" decoding=\"async\" alt=\"YouTube video\" width=\"480\" height=\"360\" data-pin-nopin=\"true\" nopin=\"nopin\" class=\"perfmatters-lazy\" src=\"https:\/\/www.europesays.com\/fi\/wp-content\/uploads\/2025\/12\/1764681011_881_hqdefault.jpg\"\/><\/p>\n<p>Lue my\u00f6s: <a href=\"https:\/\/www.inferno.fi\/uutiset\/kreator-carcass-exodus-ja-nails-ovat-tulossa-suomeen-kevaalla\/\" title=\"Kreator, Carcass, Exodus ja Nails ovat tulossa Suomeen kev\u00e4\u00e4ll\u00e4\" class=\"underline-custom !font-montserrat !font-bold !underline-offset-4 !decoration-4 !decoration-red-600 !text-md\" rel=\"nofollow noopener\" target=\"_blank\">Kreator, Carcass, Exodus ja Nails ovat tulossa Suomeen kev\u00e4\u00e4ll\u00e4<\/a><\/p>\n<p>Lue my\u00f6s: <a href=\"https:\/\/www.inferno.fi\/uutiset\/han-oli-todella-onneton-exodus-vaihtoi-laulajaa-ilmapiirin-vuoksi-sanoo-gary-holt\/\" title=\"\u201dH\u00e4n oli todella onneton\u201d \u2013 Exodus vaihtoi laulajaa ilmapiirin vuoksi, sanoo Gary Holt\" class=\"underline-custom !font-montserrat !font-bold !underline-offset-4 !decoration-4 !decoration-red-600 !text-md\" rel=\"nofollow noopener\" target=\"_blank\">\u201dH\u00e4n oli todella onneton\u201d \u2013 Exodus vaihtoi laulajaa ilmapiirin vuoksi, sanoo Gary Holt<\/a><\/p>\n","protected":false},"excerpt":{"rendered":"Thrash metal -suuruus Exodus on ty\u00f6st\u00e4nyt kaikessa rauhassa seuraajaa vuoden 2021 Persona Non Grata -pitk\u00e4soitolleen. Tuoreessa Robbs MetalWorksin&hellip;\n","protected":false},"author":2,"featured_media":105715,"comment_status":"","ping_status":"","sticky":false,"template":"","format":"standard","meta":{"footnotes":""},"categories":[132],"tags":[137,33,31,30,195,47,32,1245,109],"class_list":{"0":"post-105714","1":"post","2":"type-post","3":"status-publish","4":"format-standard","5":"has-post-thumbnail","7":"category-musiikki","8":"tag-entertainment","9":"tag-fi","10":"tag-finland","11":"tag-finnish","12":"tag-music","13":"tag-musiikki","14":"tag-suomi","15":"tag-tuleva-levy","16":"tag-viihde"},"share_on_mastodon":{"url":"https:\/\/pubeurope.com\/@fi\/115650142191488126","error":""},"_links":{"self":[{"href":"https:\/\/www.europesays.com\/fi\/wp-json\/wp\/v2\/posts\/105714","targetHints":{"allow":["GET"]}}],"collection":[{"href":"https:\/\/www.europesays.com\/fi\/wp-json\/wp\/v2\/posts"}],"about":[{"href":"https:\/\/www.europesays.com\/fi\/wp-json\/wp\/v2\/types\/post"}],"author":[{"embeddable":true,"href":"https:\/\/www.europesays.com\/fi\/wp-json\/wp\/v2\/users\/2"}],"replies":[{"embeddable":true,"href":"https:\/\/www.europesays.com\/fi\/wp-json\/wp\/v2\/comments?post=105714"}],"version-history":[{"count":0,"href":"https:\/\/www.europesays.com\/fi\/wp-json\/wp\/v2\/posts\/105714\/revisions"}],"wp:featuredmedia":[{"embeddable":true,"href":"https:\/\/www.europesays.com\/fi\/wp-json\/wp\/v2\/media\/105715"}],"wp:attachment":[{"href":"https:\/\/www.europesays.com\/fi\/wp-json\/wp\/v2\/media?parent=105714"}],"wp:term":[{"taxonomy":"category","embeddable":true,"href":"https:\/\/www.europesays.com\/fi\/wp-json\/wp\/v2\/categories?post=105714"},{"taxonomy":"post_tag","embeddable":true,"href":"https:\/\/www.europesays.com\/fi\/wp-json\/wp\/v2\/tags?post=105714"}],"curies":[{"name":"wp","href":"https:\/\/api.w.org\/{rel}","templated":true}]}}