{"id":105716,"date":"2025-12-02T13:13:08","date_gmt":"2025-12-02T13:13:08","guid":{"rendered":"https:\/\/www.europesays.com\/fi\/105716\/"},"modified":"2025-12-02T13:13:08","modified_gmt":"2025-12-02T13:13:08","slug":"ott-tanakilta-taystyrmays-huhuille-rallit-fi","status":"publish","type":"post","link":"https:\/\/www.europesays.com\/fi\/105716\/","title":{"rendered":"Ott T\u00e4nakilta t\u00e4ystyrm\u00e4ys huhuille &#8211; Rallit.fi"},"content":{"rendered":"<ol>\n<li><a href=\"https:\/\/news.google.com\/rss\/articles\/CBMiaEFVX3lxTFBQT3d1dkdURm0wa0lGUUpYc0R5LVNpZzN1NlBPOWVSM2VpNFZBUXhMVnBIZEduaFN5VDBjSkowRTBVNTBpRy1xcHR2bzYwVFdHbWdLRTFJMmZXN0dObVl5Nm5MdFVJNDZJ?oc=5\" target=\"_blank\" rel=\"nofollow noopener\">Ott T\u00e4nakilta t\u00e4ystyrm\u00e4ys huhuille<\/a>&nbsp;&nbsp;Rallit.fi<\/li>\n<li><a href=\"https:\/\/news.google.com\/rss\/articles\/CBMiqAFBVV95cUxPdkpwdWVyRDk3WUo0NVIzNzJTMVRVQjdGVmFSTGQ1SU1SYkNWQ3VVbjNKUERNdzlVcDdyNDBXeEU5TlhmdlkxWnZPZkM5WmVMZW5OLVFLRnU3ZDAweFloS29IaDBjRldRYlZfNGVJSHBxaXU3blNsdnpXLUV6ckUyR2pHLUlfQjNaNGpmMkFsMm5rSVVjQ0xNYVA3LUZ2dUI5UzZNMHdmVzc?oc=5\" target=\"_blank\" rel=\"nofollow noopener\">Rallin MM-sarjan j\u00e4tt\u00e4v\u00e4 Ott T\u00e4nak sanoi selv\u00e4t sanat, kun kaikki oli ohi<\/a>&nbsp;&nbsp;SporttiUutiset.fi<\/li>\n<li><a href=\"https:\/\/news.google.com\/rss\/articles\/CBMiwAFBVV95cUxNY0hNWlAxQVRTd3JQdnFDcnBFYU1qa0lBaVc0LVBubG1CV1R0WTRSODBwZkU0eDEzMnJyaFVueGZydlZMbzBCZi16eTN6ZFU4VWtZcjZReEpJUnl0NlU1SjBpVDhDVzcwcElfSllUdW9YV2ZqR3ZCTS0yaGlWVGM5VmVVQTZFTHJib2l5amZSaUtiVjN6b2NISnhYM2FkNVViZTZyNU43R01KeWh3SzBJdTZZNjZDVjFsdHBHMDFpSFQ?oc=5\" target=\"_blank\" rel=\"nofollow noopener\">WRC &#8211; Ott T\u00e4nak p\u00e4\u00e4tti jo kes\u00e4ll\u00e4 j\u00e4tt\u00e4yty\u00e4 rallista: \u201dNyt ei ole mink\u00e4\u00e4nlaista suunnitelmaa ajamisen suhteen\u201d<\/a>&nbsp;&nbsp;Vauhdin Maailma<\/li>\n<li><a href=\"https:\/\/news.google.com\/rss\/articles\/CBMidEFVX3lxTE1WMkNfVkd2Q2FJREpHMnRmZ1ptTDhHMjZ2UlZYQ2pzeGhXQUxRQUh3X1NTNG9tUVN1S1NSVEdjOVhHZG1nT204MUJMd1hzbWhaWjBEY0dmeTVhUXAwTUtEa2RIS2ZIRk03Y1VyeDlwOXNQSDBZ?oc=5\" target=\"_blank\" rel=\"nofollow noopener\">Hyundai-pomolta suuria sanoja Ott T\u00e4nakista<\/a>&nbsp;&nbsp;Rallit.fi<\/li>\n<li><a href=\"https:\/\/news.google.com\/rss\/articles\/CBMingFBVV95cUxOUFJ6SFpGWHVxOEdwZUVNR2FmbEx3c0JBRUhIb0Z1MWRwRG9ybGh3NnFwa0hTUXNHY2xOU1FHUWpfUVoxdUJla1kydkVsVlh6UWg1UEN5YWNwOG14ZnpYRE93SEdRT3hJVlpBNUZVRmJpNkNJb016NlVvRXNvdnpaRllJQkdpTGRTQk4ydkFPM0QtNXpYb0VubmstU2Fpdw?oc=5\" target=\"_blank\" rel=\"nofollow noopener\">Voittajaksi palannut Thierry Neuville esitti tiukan vaatimuksen tiimilleen<\/a>&nbsp;&nbsp;Rallit.fi<\/li>\n<\/ol>\n","protected":false},"excerpt":{"rendered":"Ott T\u00e4nakilta t\u00e4ystyrm\u00e4ys huhuille&nbsp;&nbsp;Rallit.fi Rallin MM-sarjan j\u00e4tt\u00e4v\u00e4 Ott T\u00e4nak sanoi selv\u00e4t sanat, kun kaikki oli ohi&nbsp;&nbsp;SporttiUutiset.fi WRC &#8211;&hellip;\n","protected":false},"author":2,"featured_media":101264,"comment_status":"","ping_status":"","sticky":false,"template":"","format":"standard","meta":{"footnotes":""},"categories":[158],"tags":[33,31,30,3539,6119,3540,159,32,160],"class_list":{"0":"post-105716","1":"post","2":"type-post","3":"status-publish","4":"format-standard","5":"has-post-thumbnail","7":"category-urheilu","8":"tag-fi","9":"tag-finland","10":"tag-finnish","11":"tag-hyundai-motorsport","12":"tag-ott-tanak","13":"tag-rallin-mm-sarja","14":"tag-sports","15":"tag-suomi","16":"tag-urheilu"},"share_on_mastodon":{"url":"https:\/\/pubeurope.com\/@fi\/115650153962442665","error":""},"_links":{"self":[{"href":"https:\/\/www.europesays.com\/fi\/wp-json\/wp\/v2\/posts\/105716","targetHints":{"allow":["GET"]}}],"collection":[{"href":"https:\/\/www.europesays.com\/fi\/wp-json\/wp\/v2\/posts"}],"about":[{"href":"https:\/\/www.europesays.com\/fi\/wp-json\/wp\/v2\/types\/post"}],"author":[{"embeddable":true,"href":"https:\/\/www.europesays.com\/fi\/wp-json\/wp\/v2\/users\/2"}],"replies":[{"embeddable":true,"href":"https:\/\/www.europesays.com\/fi\/wp-json\/wp\/v2\/comments?post=105716"}],"version-history":[{"count":0,"href":"https:\/\/www.europesays.com\/fi\/wp-json\/wp\/v2\/posts\/105716\/revisions"}],"wp:featuredmedia":[{"embeddable":true,"href":"https:\/\/www.europesays.com\/fi\/wp-json\/wp\/v2\/media\/101264"}],"wp:attachment":[{"href":"https:\/\/www.europesays.com\/fi\/wp-json\/wp\/v2\/media?parent=105716"}],"wp:term":[{"taxonomy":"category","embeddable":true,"href":"https:\/\/www.europesays.com\/fi\/wp-json\/wp\/v2\/categories?post=105716"},{"taxonomy":"post_tag","embeddable":true,"href":"https:\/\/www.europesays.com\/fi\/wp-json\/wp\/v2\/tags?post=105716"}],"curies":[{"name":"wp","href":"https:\/\/api.w.org\/{rel}","templated":true}]}}