{"id":105717,"date":"2025-12-02T13:14:10","date_gmt":"2025-12-02T13:14:10","guid":{"rendered":"https:\/\/www.europesays.com\/fi\/105717\/"},"modified":"2025-12-02T13:14:10","modified_gmt":"2025-12-02T13:14:10","slug":"top-gun-tulee-taas-tom-cruise-lentaa-takaisin-elokuvateattereihin-ensi-kesana","status":"publish","type":"post","link":"https:\/\/www.europesays.com\/fi\/105717\/","title":{"rendered":"Top Gun tulee taas &#8211; Tom Cruise lent\u00e4\u00e4 takaisin elokuvateattereihin ensi kes\u00e4n\u00e4"},"content":{"rendered":"<p>Tom Cruise elokuvassa Top Gun: Maverick (2022) \u00a9 2022 Paramount Pictures. All Rights Reserved.\t<\/p>\n<p>Tom Cruisen kasariklassikko Top Gun t\u00e4ytt\u00e4\u00e4 ensi vuonna 40 vuotta.<\/p>\n<p>Nykytrendin mukaisesti my\u00f6s <a href=\"https:\/\/muropaketti.com\/avainsana\/top-gun\/\" rel=\"nofollow noopener\" target=\"_blank\">Top Gun<\/a> palaa valkokankaalle merkkivuotensa kunniaksi.<\/p>\n<p><a href=\"https:\/\/www.hollywoodreporter.com\/movies\/movie-news\/teenage-mutant-ninja-turtles-sonic-releases-paramount-1236438262\/\" target=\"_blank\" rel=\"noreferrer noopener nofollow\">The Hollywood Reporterin<\/a> mukaan Paramount Pictures tuo Tony Scottin ohjaaman toimintadraaman takaisin elokuvateattereihin toukokuussa 2026.<\/p>\n<p>Top Gun sai kes\u00e4ll\u00e4 jatko-osan, mutta Top Gun: Maverickin valtavasta menestyksest\u00e4 huolimatta kolmatta Top Gunia ei ole viel\u00e4 virallisesti vahvistettu. Elokuva on kuitenkin ollut suunnitteilla jo jonkin aikaa ja ohjaaja Joseph Kosinski on selv\u00e4sti aikeissa palata puikkoihin.<\/p>\n<p>Viimeksi aiheesta kuultiin kes\u00e4ll\u00e4, jolloin Top Gun 3 oli k\u00e4sikirjoitusvaiheessa.<\/p>\n<p><a href=\"https:\/\/muropaketti.com\/elokuvat\/elokuvauutiset\/top-gun-maverick-on-selvasti-saamassa-jatko-osan-ohjaaja-joseph-kosinski-paljasti-kunnianhimoiset-suunnitelmat\/\" rel=\"nofollow noopener\" target=\"_blank\">Top Gun: Maverick on selv\u00e4sti saamassa jatko-osan \u2013 ohjaaja Joseph Kosinski paljasti kunnianhimoiset suunnitelmat<\/a><\/p>\n<p>Mik\u00e4li Tom Cruisen ja Val Kilmerin t\u00e4hditt\u00e4m\u00e4 Top Gun kelpaa ihan televisiostakin katsottuna, l\u00f6ytyy se suoratoistona Ruudusta, SkyShowtimesta, MTV Katsomosta ja HBO Maxista.<\/p>\n","protected":false},"excerpt":{"rendered":"Tom Cruise elokuvassa Top Gun: Maverick (2022) \u00a9 2022 Paramount Pictures. All Rights Reserved. Tom Cruisen kasariklassikko Top&hellip;\n","protected":false},"author":2,"featured_media":105718,"comment_status":"","ping_status":"","sticky":false,"template":"","format":"standard","meta":{"footnotes":""},"categories":[130],"tags":[137,33,31,30,32,4380,5298,109],"class_list":{"0":"post-105717","1":"post","2":"type-post","3":"status-publish","4":"format-standard","5":"has-post-thumbnail","7":"category-viihde","8":"tag-entertainment","9":"tag-fi","10":"tag-finland","11":"tag-finnish","12":"tag-suomi","13":"tag-tom-cruise","14":"tag-top-gun","15":"tag-viihde"},"share_on_mastodon":{"url":"https:\/\/pubeurope.com\/@fi\/115650157797748012","error":""},"_links":{"self":[{"href":"https:\/\/www.europesays.com\/fi\/wp-json\/wp\/v2\/posts\/105717","targetHints":{"allow":["GET"]}}],"collection":[{"href":"https:\/\/www.europesays.com\/fi\/wp-json\/wp\/v2\/posts"}],"about":[{"href":"https:\/\/www.europesays.com\/fi\/wp-json\/wp\/v2\/types\/post"}],"author":[{"embeddable":true,"href":"https:\/\/www.europesays.com\/fi\/wp-json\/wp\/v2\/users\/2"}],"replies":[{"embeddable":true,"href":"https:\/\/www.europesays.com\/fi\/wp-json\/wp\/v2\/comments?post=105717"}],"version-history":[{"count":0,"href":"https:\/\/www.europesays.com\/fi\/wp-json\/wp\/v2\/posts\/105717\/revisions"}],"wp:featuredmedia":[{"embeddable":true,"href":"https:\/\/www.europesays.com\/fi\/wp-json\/wp\/v2\/media\/105718"}],"wp:attachment":[{"href":"https:\/\/www.europesays.com\/fi\/wp-json\/wp\/v2\/media?parent=105717"}],"wp:term":[{"taxonomy":"category","embeddable":true,"href":"https:\/\/www.europesays.com\/fi\/wp-json\/wp\/v2\/categories?post=105717"},{"taxonomy":"post_tag","embeddable":true,"href":"https:\/\/www.europesays.com\/fi\/wp-json\/wp\/v2\/tags?post=105717"}],"curies":[{"name":"wp","href":"https:\/\/api.w.org\/{rel}","templated":true}]}}