{"id":105719,"date":"2025-12-02T13:17:11","date_gmt":"2025-12-02T13:17:11","guid":{"rendered":"https:\/\/www.europesays.com\/fi\/105719\/"},"modified":"2025-12-02T13:17:11","modified_gmt":"2025-12-02T13:17:11","slug":"northern-power-2026-haastaa-terasteollisuuden-seka-lento-ja-meriliikenteen-uudistumaan","status":"publish","type":"post","link":"https:\/\/www.europesays.com\/fi\/105719\/","title":{"rendered":"Northern Power 2026 haastaa ter\u00e4steollisuuden sek\u00e4 lento- ja meriliikenteen uudistumaan"},"content":{"rendered":"<p>Nordic Hydrogen Week kokoaa vetyteknologioiden k\u00e4ytt\u00e4j\u00e4t ja kehitt\u00e4j\u00e4t Ouluun 10.\u201312.2.2026. Monipuolisesti vetytaloutta tarkasteleva viikko huipentuu\u00a0Northern Power Business Forumiin\u00a0joka kokoaa koko vetytalouden arvoketjun Oulun Musiikkikeskukseen kehitt\u00e4m\u00e4\u00e4n k\u00e4yt\u00e4nn\u00f6n polkuja kohti hiilineutraaliutta.<\/p>\n<p>T\u00e4n\u00e4 vuonna Northern Powerin ohjelma keskittyy eritoten\u00a0vetyteknologioiden hy\u00f6dynt\u00e4miseen ter\u00e4steollisuudessa, meriliikenteess\u00e4 ja ilmailussa. Kaikilla teemoilla on kiinnostavat ulottuvuutensa my\u00f6s Suomen n\u00e4k\u00f6kulmasta.<\/p>\n<p>\u2013 Ter\u00e4ksen tuotanto, ilmailu ja meriliikenne ovat kaikki suuria p\u00e4\u00e4st\u00f6l\u00e4hteit\u00e4 \u2013 ja samalla omalla tavallaan haastavia sektoreita hiilineutraloida. Onnistumisen avaimet ovat viime k\u00e4dess\u00e4 siin\u00e4, miten vetytalouden markkina kehittyy. N\u00e4it\u00e4 kysymyksi\u00e4 ratkomme Oulussa helmikuussa, sanoo asiakkuusp\u00e4\u00e4llikk\u00f6, cleantech ja teollisuus\u00a0<strong>Janne Hietaniemi <\/strong>BusinessOulusta<strong>.<\/strong><\/p>\n<p>\u2013 Oulu on vetyalan kohtaamiselle erinomainen paikka siksikin, ett\u00e4 t\u00e4\u00e4ll\u00e4 vetyalan infrastruktuuri ja verkostot ovat todella pitk\u00e4ll\u00e4. K\u00e4sitelt\u00e4v\u00e4t asiat eiv\u00e4t j\u00e4\u00e4 teorian tasolle, vaan voimme tutustua keih\u00e4\u00e4nk\u00e4rkiprojekteihin niin caseina kuin kohdevierailujenkin keinoin.<\/p>\n<p><strong>Vihre\u00e4\u00e4 ter\u00e4st\u00e4 Per\u00e4meren alueelta<\/strong><\/p>\n<p>Northern Powerin\u00a0Green Steel\u00a0-teema kutsuu pohtimaan, miten vihre\u00e4n ter\u00e4ksen tuotannolla voitaisiin v\u00e4hent\u00e4\u00e4 teollisuuden CO\u2082-p\u00e4\u00e4st\u00f6j\u00e4. Business Forumin paneelikeskustelussa aiheesta keskustelevat muun muassa\u00a0Stegran, LKAB:n, Andritzin\u00a0ja\u00a0Verso Energyn\u00a0edustajat.\u00a0<\/p>\n<p>Vihre\u00e4 ter\u00e4s tarjoaa kiehtovia mahdollisuuksia my\u00f6s Suomen vetytalouden n\u00e4k\u00f6kulmasta:<\/p>\n<p>\u2013 Per\u00e4meren kaari on erinomaisessa asemassa, kun vihre\u00e4n ter\u00e4ksen tuotanto k\u00e4ynnistyy. Meill\u00e4 on k\u00e4yt\u00f6ss\u00e4mme mineraalivarat, huipputeknologia ja maailmanluokan tutkimusosaaminen \u2013 ja ensimm\u00e4iset tuotantolaitokset nousevat parhaillaan, Hietaniemi toteaa.<\/p>\n<p><strong>Lento- ja laivaliikenteeseen muutoksia 2030 menness\u00e4<\/strong><\/p>\n<p>Meri- ja lentoliikenteen p\u00e4\u00e4st\u00f6v\u00e4hennyksi\u00e4 k\u00e4sitell\u00e4\u00e4n puolestaan Aviation- sek\u00e4\u00a0Maritime &amp; Logistics\u00a0-ohjelmakokonaisuuksissa. Vety ja e-polttoaineet tarjoavat lupaavia vaihtoehtoja perinteisille polttoaineille, mutta niiden laajaan k\u00e4ytt\u00f6\u00f6nottoon liittyy yh\u00e4 ratkaistavia kysymyksi\u00e4.\u00a0<\/p>\n<p>Ilmailun osalta keskustelua syvent\u00e4v\u00e4t asiantuntijat\u00a0IATAsta, Norwegianilta, EIT InnoEnergylt\u00e4\u00a0ja\u00a0Finaviasta. He arvioivat vetyteknologian mahdollisuuksia ja haasteita tilanteessa, jossa EU-s\u00e4\u00e4ntely edellytt\u00e4\u00e4 ilmailulta merkitt\u00e4vi\u00e4 p\u00e4\u00e4st\u00f6toimia jo vuoteen 2030 menness\u00e4. Merenkulun ja logistiikan hiilineutraaleja ratkaisuja tarkastelevat puolestaan asiantuntijat Hy2Genist\u00e4, W\u00e4rtsil\u00e4st\u00e4 ja edell\u00e4k\u00e4vij\u00e4varustamoista.<\/p>\n<p>Oulu vahvistaa samalla asemaansa yhten\u00e4 It\u00e4meren alueen t\u00e4rkeimmist\u00e4 synteettisen polttoaineen keskuksista.<\/p>\n<p>\u2013 Oulun Energian, P2X Solutionsin, Verso Energyn, Hy2Genin, ABO Energyn ja Energiequellen eFuel-projektit nostavat Oulun It\u00e4meren suurimmaksi synteettisten polttoaineiden keskittym\u00e4ksi, perustuen vetyhankkeiden t\u00e4m\u00e4nhetkiseen m\u00e4\u00e4r\u00e4\u00e4n, Hietaniemi iloitsee.<\/p>\n<p>My\u00f6s infrastruktuurin kehitys etenee nopeasti.<\/p>\n<p>\u2013 Gasgrid Finland suunnittelee parhaillaan vedyn siirtoverkkoa, joka yhdist\u00e4isi Oulun kapasiteetin muihin Suomen alueisiin ja edelleen Eurooppaan. Nordic Hydrogen Route -hanke, arvoltaan 3\u20134 miljardia euroa, mahdollistaa vedyntuotannon laajamittaisen jakelun, Hietaniemi jatkaa.<\/p>\n<p><strong>Esittelyss\u00e4 pohjoismaiset lippulaivaprojektit<\/strong><\/p>\n<p>Northern Power 2026 esittelee my\u00f6s pohjoismaisia vetytalouden lippulaivaprojekteja. Tapahtumassa kuullaan muun muassa\u00a0Nordic Hydrogen Routen tuoreet kuulumiset, kurkistetaan kokkolalaisen, Oulun yliopiston tutkimuksesta syntyns\u00e4 saaneen vetystartupin Hycamiten\u00a0arkeen sek\u00e4 tutustutaan valokatalyysin avulla tuotettuun aurinkovetyyn \u2013 tulevaisuuden menetelm\u00e4\u00e4n, jossa vedest\u00e4 tehd\u00e4\u00e4n vety\u00e4 suoraan auringonvalolla ilman s\u00e4hk\u00f6\u00e4.\u00a0\u00a0<\/p>\n<p>Nordic Hydrogen Week 2026 j\u00e4rjestet\u00e4\u00e4n Oulussa 10.\u201312.2.2026. Kolmip\u00e4iv\u00e4inen tapahtumakokonaisuus koostuu Oulun Musiikkikeskuksessa j\u00e4rjestett\u00e4v\u00e4st\u00e4 Northern Power business forumista n\u00e4yttelyineen, Oulun yliopiston organisoimasta Hydrogen Research Daysta sek\u00e4 laajasta kentt\u00e4ohjelmasta erilaisine kohdevierailuineen ja vastaanottoineen.\u00a0<\/p>\n<p><strong>Lis\u00e4tiedot ja haastattelupyynn\u00f6t:\u00a0<\/strong>\u00a0<\/p>\n<p>Asiakkuusp\u00e4\u00e4llikk\u00f6,\u00a0cleantech\u00a0ja teollisuus, Janne Hietaniemi, puh\u00a0+358\u00a040 649 1211,\u00a0<a href=\"https:\/\/www.sttinfo.fi\/tiedote\/71654820\/mailto:janne.hietaniemi@businessoulu.com\" target=\"_blank\" rel=\"nofollow noopener\">janne.hietaniemi@businessoulu.com<\/a>\u00a0\u00a0<\/p>\n<p>Minna Korpimies, Marketing &amp; Communications Specialist, Expomark Oy, \u00a0puh. +358 50\u202f387 7325, <a href=\"https:\/\/www.sttinfo.fi\/tiedote\/71654820\/mailto:ext-minna.korpimies@messukeskus.com\" target=\"_blank\" rel=\"nofollow noopener\">ext-minna.korpimies@messukeskus.com<\/a>\u00a0<\/p>\n<p><strong><a href=\"http:\/\/www.nordichydrogenweek.fi\" rel=\"nofollow noopener\" target=\"_blank\">www.nordichydrogenweek.fi<\/a><\/strong>\u00a0<\/p>\n","protected":false},"excerpt":{"rendered":"Nordic Hydrogen Week kokoaa vetyteknologioiden k\u00e4ytt\u00e4j\u00e4t ja kehitt\u00e4j\u00e4t Ouluun 10.\u201312.2.2026. Monipuolisesti vetytaloutta tarkasteleva viikko huipentuu\u00a0Northern Power Business Forumiin\u00a0joka&hellip;\n","protected":false},"author":2,"featured_media":105720,"comment_status":"","ping_status":"","sticky":false,"template":"","format":"standard","meta":{"footnotes":""},"categories":[76],"tags":[79,77,33,31,30,32,78],"class_list":{"0":"post-105719","1":"post","2":"type-post","3":"status-publish","4":"format-standard","5":"has-post-thumbnail","7":"category-talous","8":"tag-business","9":"tag-economy","10":"tag-fi","11":"tag-finland","12":"tag-finnish","13":"tag-suomi","14":"tag-talous"},"share_on_mastodon":{"url":"https:\/\/pubeurope.com\/@fi\/115650169695823336","error":""},"_links":{"self":[{"href":"https:\/\/www.europesays.com\/fi\/wp-json\/wp\/v2\/posts\/105719","targetHints":{"allow":["GET"]}}],"collection":[{"href":"https:\/\/www.europesays.com\/fi\/wp-json\/wp\/v2\/posts"}],"about":[{"href":"https:\/\/www.europesays.com\/fi\/wp-json\/wp\/v2\/types\/post"}],"author":[{"embeddable":true,"href":"https:\/\/www.europesays.com\/fi\/wp-json\/wp\/v2\/users\/2"}],"replies":[{"embeddable":true,"href":"https:\/\/www.europesays.com\/fi\/wp-json\/wp\/v2\/comments?post=105719"}],"version-history":[{"count":0,"href":"https:\/\/www.europesays.com\/fi\/wp-json\/wp\/v2\/posts\/105719\/revisions"}],"wp:featuredmedia":[{"embeddable":true,"href":"https:\/\/www.europesays.com\/fi\/wp-json\/wp\/v2\/media\/105720"}],"wp:attachment":[{"href":"https:\/\/www.europesays.com\/fi\/wp-json\/wp\/v2\/media?parent=105719"}],"wp:term":[{"taxonomy":"category","embeddable":true,"href":"https:\/\/www.europesays.com\/fi\/wp-json\/wp\/v2\/categories?post=105719"},{"taxonomy":"post_tag","embeddable":true,"href":"https:\/\/www.europesays.com\/fi\/wp-json\/wp\/v2\/tags?post=105719"}],"curies":[{"name":"wp","href":"https:\/\/api.w.org\/{rel}","templated":true}]}}