{"id":105721,"date":"2025-12-02T13:18:12","date_gmt":"2025-12-02T13:18:12","guid":{"rendered":"https:\/\/www.europesays.com\/fi\/105721\/"},"modified":"2025-12-02T13:18:12","modified_gmt":"2025-12-02T13:18:12","slug":"ft-ekp-kieltaytyy-takaamasta-140-miljardin-euron-ukraina-lainaa","status":"publish","type":"post","link":"https:\/\/www.europesays.com\/fi\/105721\/","title":{"rendered":"FT: EKP kielt\u00e4ytyy takaamasta 140 miljardin euron Ukraina-lainaa"},"content":{"rendered":"<p>Ukrainan rahoitus|EU valmistelee sotakorvauslainaa Ukrainalle Ven\u00e4j\u00e4n j\u00e4\u00e4dytetyist\u00e4 keskus\u00adpankki\u00advaroista. EKP:n kanta vaikeuttaa suunnitelmia.<\/p>\n<p class=\"article-body mb-nof-24 px-nof-16\">Euroopan keskuspankki (EKP) on kielt\u00e4ytynyt takaamasta 140 miljardin euron suuruista sotakorvauslainaa Ukrainalle, kertoo brittilehti <a class=\"article-genericlink\" href=\"https:\/\/www.ft.com\/content\/616c79ee-34de-425a-865e-e94ba10be788\" rel=\"nofollow noopener\" target=\"_blank\">Financial Times<\/a>.<\/p>\n<p class=\"article-body mb-nof-24 px-nof-16\">T\u00e4m\u00e4 vaikeuttaa EU:n suunnitelmaa r\u00e4\u00e4t\u00e4l\u00f6id\u00e4 Ukrainalle sotakorvauslaina Ven\u00e4j\u00e4lt\u00e4 j\u00e4\u00e4dytetyist\u00e4 varoista.<\/p>\n<p class=\"article-body mb-nof-24 px-nof-16\">Periaatteena on, ett\u00e4 Ukraina maksaisi lainan takaisin vain siin\u00e4 tapauksessa, jos Ven\u00e4j\u00e4 lopettaa hy\u00f6kk\u00e4yssotansa ja maksaa sotakorvaukset.<\/p>\n<p class=\"article-body mb-nof-24 px-nof-16\">Euroopan komission ehdotuksen mukaan Belgiaan rekister\u00f6idyn arvopaperikeskus Euroclearin tilill\u00e4 sijaitsevat Ven\u00e4j\u00e4n keskuspankin k\u00e4teisvarat siirtyisiv\u00e4t EU:lle, mist\u00e4 vastineeksi EU antaisi Euroclearille nollakorkoisen velkasitoumuksen.<\/p>\n<p class=\"article-body mb-nof-24 px-nof-16\">Velkasitoumus olisi EU-maiden takaama silt\u00e4 varalta, ett\u00e4 Euroclearin pit\u00e4isi palauttaa j\u00e4\u00e4dytetyt varat Ven\u00e4j\u00e4n keskuspankille.<\/p>\n<p class=\"article-body mb-nof-24 px-nof-16\">Komission virkamiesten mukaan j\u00e4senmaat eiv\u00e4t kuitenkaan pystyisi ker\u00e4\u00e4m\u00e4\u00e4n varoja nopeasti h\u00e4t\u00e4tilanteessa. Siksi EKP:lt\u00e4 kysyttiin, voisiko se toimia viimeisen\u00e4 lainan takaajana Euroclearille, FT kertoo l\u00e4hteidens\u00e4 perusteella.<\/p>\n<p class=\"article-body mb-nof-24 px-nof-16\">EKP kuitenkin totesi komissiolle j\u00e4rjestelyn olevan mahdoton, FT kertoo. EKP:n mukaan komission ehdotus vastaisi suoran rahoituksen antamista j\u00e4senmaille, koska t\u00e4ll\u00f6in keskuspankki kattaisi niiden taloudellisia velvoitteita.<\/p>\n<p class=\"article-body mb-nof-24 px-nof-16\">T\u00e4m\u00e4 puolestaan todenn\u00e4k\u00f6isesti rikkoisi EU:n perussopimusta. Tilanne voisi FT:n mukaan kiihdytt\u00e4\u00e4 inflaatiota ja heikent\u00e4\u00e4 keskuspankin uskottavuutta.<\/p>\n<p class=\"article-body mb-nof-24 px-nof-16\">EU on j\u00e4\u00e4dytt\u00e4nyt noin 210 miljardia euroa Ven\u00e4j\u00e4n varoja sen hy\u00f6k\u00e4tty\u00e4 Ukrainaan vuonna 2022.<\/p>\n<p class=\"article-body mb-nof-24 px-nof-16\">Belgia on vastustanut Ukrainalle suunniteltua lainaa, joka perustuisi j\u00e4\u00e4dytettyihin ven\u00e4l\u00e4isvaroihin. Belgia on ollut huolissaan muun muassa maalle mahdollisesti aiheutuvista taloudellisista ja oikeudellisista seurauksista.<\/p>\n<p class=\"article-body mb-nof-24 px-nof-16\">EU-komissio on esitt\u00e4nyt vaihtoehtoina Ukrainan rahoitukselle my\u00f6s j\u00e4senmaiden budjeteistaan Ukrainalle annettavaa suoraa rahoitusta tai EU:n yhteisvelkaa. N\u00e4ill\u00e4 on kuitenkin vain v\u00e4h\u00e4n kannatusta j\u00e4senmaiden piiriss\u00e4.<\/p>\n","protected":false},"excerpt":{"rendered":"Ukrainan rahoitus|EU valmistelee sotakorvauslainaa Ukrainalle Ven\u00e4j\u00e4n j\u00e4\u00e4dytetyist\u00e4 keskus\u00adpankki\u00advaroista. EKP:n kanta vaikeuttaa suunnitelmia. Euroopan keskuspankki (EKP) on kielt\u00e4ytynyt takaamasta&hellip;\n","protected":false},"author":2,"featured_media":105722,"comment_status":"","ping_status":"","sticky":false,"template":"","format":"standard","meta":{"footnotes":""},"categories":[14],"tags":[22,23,26,27,33,31,30,17,46,24,25,28,29,15,18,21,32,19,20,56,16,59,60,61],"class_list":{"0":"post-105721","1":"post","2":"type-post","3":"status-publish","4":"format-standard","5":"has-post-thumbnail","7":"category-ulkomaat","8":"tag-breaking-news","9":"tag-breakingnews","10":"tag-featured-news","11":"tag-featurednews","12":"tag-fi","13":"tag-finland","14":"tag-finnish","15":"tag-headlines","16":"tag-helsingin-sanomat","17":"tag-latest-news","18":"tag-latestnews","19":"tag-main-news","20":"tag-mainnews","21":"tag-news","22":"tag-otsikot","23":"tag-paauutiset","24":"tag-suomi","25":"tag-top-stories","26":"tag-topstories","27":"tag-ulkomaat","28":"tag-uutiset","29":"tag-world","30":"tag-world-news","31":"tag-worldnews"},"share_on_mastodon":{"url":"https:\/\/pubeurope.com\/@fi\/115650173618554399","error":""},"_links":{"self":[{"href":"https:\/\/www.europesays.com\/fi\/wp-json\/wp\/v2\/posts\/105721","targetHints":{"allow":["GET"]}}],"collection":[{"href":"https:\/\/www.europesays.com\/fi\/wp-json\/wp\/v2\/posts"}],"about":[{"href":"https:\/\/www.europesays.com\/fi\/wp-json\/wp\/v2\/types\/post"}],"author":[{"embeddable":true,"href":"https:\/\/www.europesays.com\/fi\/wp-json\/wp\/v2\/users\/2"}],"replies":[{"embeddable":true,"href":"https:\/\/www.europesays.com\/fi\/wp-json\/wp\/v2\/comments?post=105721"}],"version-history":[{"count":0,"href":"https:\/\/www.europesays.com\/fi\/wp-json\/wp\/v2\/posts\/105721\/revisions"}],"wp:featuredmedia":[{"embeddable":true,"href":"https:\/\/www.europesays.com\/fi\/wp-json\/wp\/v2\/media\/105722"}],"wp:attachment":[{"href":"https:\/\/www.europesays.com\/fi\/wp-json\/wp\/v2\/media?parent=105721"}],"wp:term":[{"taxonomy":"category","embeddable":true,"href":"https:\/\/www.europesays.com\/fi\/wp-json\/wp\/v2\/categories?post=105721"},{"taxonomy":"post_tag","embeddable":true,"href":"https:\/\/www.europesays.com\/fi\/wp-json\/wp\/v2\/tags?post=105721"}],"curies":[{"name":"wp","href":"https:\/\/api.w.org\/{rel}","templated":true}]}}