{"id":105723,"date":"2025-12-02T13:19:08","date_gmt":"2025-12-02T13:19:08","guid":{"rendered":"https:\/\/www.europesays.com\/fi\/105723\/"},"modified":"2025-12-02T13:19:08","modified_gmt":"2025-12-02T13:19:08","slug":"syksy-oli-poikkeuksellisen-lammin-ilta-sanomat","status":"publish","type":"post","link":"https:\/\/www.europesays.com\/fi\/105723\/","title":{"rendered":"Syksy oli poikkeuksellisen l\u00e4mmin &#8211; Ilta-Sanomat"},"content":{"rendered":"<p>Kolmeen kuukauteen mahtui hellett\u00e4 ja paukkupakkasia.<\/p>\n<p class=\"article-body mb-nof-24 px-nof-16\">Lappia lukuun ottamatta syksy eli syys\u2013marraskuu oli harvinaisen tai poikkeuksellisen l\u00e4mmin, Ilmatieteen laitos kertoo. Esimerkiksi Jokioisilla ja Kuopion Maaningalla syksy oli l\u00e4hes satavuotisen mittaushistorian toiseksi l\u00e4mpimin. Ut\u00f6ss\u00e4 syksy oli 140-vuotisen mittaushistorian kolmanneksi l\u00e4mpimin.<\/p>\n<p class=\"article-body mb-nof-24 px-nof-16\">Meteorologit k\u00e4ytt\u00e4v\u00e4t termi\u00e4 poikkeuksellinen, kun s\u00e4\u00e4ilmi\u00f6 esiintyy keskim\u00e4\u00e4rin kolme kertaa sadan vuoden aikana tai harvemmin. S\u00e4\u00e4ilmi\u00f6 on harvinainen, kun se esiintyy keskim\u00e4\u00e4rin harvemmin kuin kerran vuosikymmeness\u00e4.<\/p>\n<p class=\"article-body mb-nof-24 px-nof-16\">Syksyn keskil\u00e4mp\u00f6tila vaihteli K\u00e4sivarren Lapin noin 0 asteen ja etel\u00e4rannikon 10 l\u00e4mp\u00f6asteen v\u00e4lill\u00e4. Poikkeama vertailukauden 1991\u20132020 keskiarvoon oli Lapissa noin 1,5 astetta ja muualla maassa p\u00e4\u00e4osin yli 2 astetta.<\/p>\n<p class=\"article-body mb-nof-24 px-nof-16\">Syksyn korkein l\u00e4mp\u00f6tila oli 8. syyskuuta Salossa mitatut hellelukemat 25,8 astetta ja matalin Enonteki\u00f6ll\u00e4 mitattu -31,6 astetta.<\/p>\n<p class=\"article-body mb-nof-24 px-nof-16\">Marraskuu oli Ilmatieteen laitoksen mukaan Lapissa tavanomaista kylmempi eli 2\u20133 astetta vertailukauden 1991\u20132020 keskiarvon alapuolella.<\/p>\n<p class=\"article-body mb-nof-24 px-nof-16\">Muualla maassa marraskuu oli 1\u20133 astetta vertailukauden keskiarvoa l\u00e4mpim\u00e4mpi.<\/p>\n<p class=\"article-body mb-nof-24 px-nof-16\">Marraskuun korkein l\u00e4mp\u00f6tila, 12,8 astetta, mitattiin Hammarland M\u00e4rketin havaintoasemalla Ahvenanmerell\u00e4 5. marraskuuta. Kuun matalin l\u00e4mp\u00f6tila oli Enonteki\u00f6n -31,6 astetta.<\/p>\n<p class=\"article-body mb-nof-24 px-nof-16\">Sadem\u00e4\u00e4r\u00e4lt\u00e4\u00e4n syksy oli tavanomainen tai hieman tavanomaista sateisempi. Kainuusta Etel\u00e4-Lappiin ulottuvalla alueella satoi harvinaisen paljon. Alustavien tietojen mukaan syksyll\u00e4 satoi eniten Puolakan Paljakalla, jossa kolmen kuukauden sadem\u00e4\u00e4r\u00e4 oli 326,6 millimetri\u00e4. V\u00e4hiten, 98,9 millimetri\u00e4, satoi Angeli Lintupuolisel\u00e4n havaintoasemalla.<\/p>\n<p class=\"article-body mb-nof-24 px-nof-16\">Marraskuussa rikottiin kuukauden sade-enn\u00e4tys, kun Virolahdella Kaakkois-Suomessa satoi vuorokaudessa 79 millimetri\u00e4 vett\u00e4. Marraskuun edellinen enn\u00e4tys oli vuonna 1971 mitattu 52,8 millimetri\u00e4.<\/p>\n","protected":false},"excerpt":{"rendered":"Kolmeen kuukauteen mahtui hellett\u00e4 ja paukkupakkasia. Lappia lukuun ottamatta syksy eli syys\u2013marraskuu oli harvinaisen tai poikkeuksellisen l\u00e4mmin, Ilmatieteen&hellip;\n","protected":false},"author":2,"featured_media":105724,"comment_status":"","ping_status":"","sticky":false,"template":"","format":"standard","meta":{"footnotes":""},"categories":[12],"tags":[22,23,26,27,33,31,30,17,34,24,25,28,29,15,18,21,32,19,20,16],"class_list":{"0":"post-105723","1":"post","2":"type-post","3":"status-publish","4":"format-standard","5":"has-post-thumbnail","7":"category-suomi","8":"tag-breaking-news","9":"tag-breakingnews","10":"tag-featured-news","11":"tag-featurednews","12":"tag-fi","13":"tag-finland","14":"tag-finnish","15":"tag-headlines","16":"tag-ilta-sanomat","17":"tag-latest-news","18":"tag-latestnews","19":"tag-main-news","20":"tag-mainnews","21":"tag-news","22":"tag-otsikot","23":"tag-paauutiset","24":"tag-suomi","25":"tag-top-stories","26":"tag-topstories","27":"tag-uutiset"},"share_on_mastodon":{"url":"https:\/\/pubeurope.com\/@fi\/115650177522519867","error":""},"_links":{"self":[{"href":"https:\/\/www.europesays.com\/fi\/wp-json\/wp\/v2\/posts\/105723","targetHints":{"allow":["GET"]}}],"collection":[{"href":"https:\/\/www.europesays.com\/fi\/wp-json\/wp\/v2\/posts"}],"about":[{"href":"https:\/\/www.europesays.com\/fi\/wp-json\/wp\/v2\/types\/post"}],"author":[{"embeddable":true,"href":"https:\/\/www.europesays.com\/fi\/wp-json\/wp\/v2\/users\/2"}],"replies":[{"embeddable":true,"href":"https:\/\/www.europesays.com\/fi\/wp-json\/wp\/v2\/comments?post=105723"}],"version-history":[{"count":0,"href":"https:\/\/www.europesays.com\/fi\/wp-json\/wp\/v2\/posts\/105723\/revisions"}],"wp:featuredmedia":[{"embeddable":true,"href":"https:\/\/www.europesays.com\/fi\/wp-json\/wp\/v2\/media\/105724"}],"wp:attachment":[{"href":"https:\/\/www.europesays.com\/fi\/wp-json\/wp\/v2\/media?parent=105723"}],"wp:term":[{"taxonomy":"category","embeddable":true,"href":"https:\/\/www.europesays.com\/fi\/wp-json\/wp\/v2\/categories?post=105723"},{"taxonomy":"post_tag","embeddable":true,"href":"https:\/\/www.europesays.com\/fi\/wp-json\/wp\/v2\/tags?post=105723"}],"curies":[{"name":"wp","href":"https:\/\/api.w.org\/{rel}","templated":true}]}}