{"id":105725,"date":"2025-12-02T13:20:09","date_gmt":"2025-12-02T13:20:09","guid":{"rendered":"https:\/\/www.europesays.com\/fi\/105725\/"},"modified":"2025-12-02T13:20:09","modified_gmt":"2025-12-02T13:20:09","slug":"varusmies-jai-maastokuorma-auton-alle-porin-prikaatissa-kuljettajaa-epaillaan-kahdesta-rikoksesta-satakunta","status":"publish","type":"post","link":"https:\/\/www.europesays.com\/fi\/105725\/","title":{"rendered":"Varusmies j\u00e4i maastokuorma-auton alle Porin prikaatissa \u2013 kuljettajaa ep\u00e4ill\u00e4\u00e4n kahdesta rikoksesta | Satakunta"},"content":{"rendered":"<p class=\"aw-1gybjub aw-5vja16 kEtdKx kmuxyA yle__article__paragraph\">Varusmies loukkaantui S\u00e4kyl\u00e4ss\u00e4 huhtikuussa j\u00e4\u00e4ty\u00e4\u00e4n maastokuorma-auton alle. Juttu menee nyt syyte\u00adharkintaan.<\/p>\n<p><img decoding=\"async\" alt=\"Varusmiesten jalkoja.\" src=\"https:\/\/www.europesays.com\/fi\/wp-content\/uploads\/2025\/12\/39-153086468dbf9c58b89a.jpeg\" class=\"aw-1l9m598 hKVVvP\"\/><\/p>\n<p>Avaa kuvien katselu<\/p>\n<p>Poliisi on saanut valmiiksi Porin prikaatissa S\u00e4kyl\u00e4ss\u00e4 sattuneen onnettomuuden esitutkinnan. Kuvituskuva. Kuva: Soila Ojanen \/ Yle<\/p>\n<p class=\"aw-1gybjub aw-1p7kakr kEtdKx cEmitX yle__article__paragraph\">Lounais-Suomen poliisi on saanut valmiiksi Porin prikaatissa S\u00e4kyl\u00e4n varuskunnan alueella t\u00e4m\u00e4n vuoden <a class=\"aw-iao6s4 iHOxEa yle__article__link\" href=\"https:\/\/yle.fi\/a\/74-20156668\" role=\"link\" rel=\"nofollow noopener\" target=\"_blank\">huhtikuussa sattuneen <\/a>onnettomuuden esitutkinnan.<\/p>\n<p class=\"aw-1gybjub aw-1p7kakr kEtdKx cEmitX yle__article__paragraph\">Poliisi ep\u00e4ilee tapahtuma-aikaan varusmiespalveluksessa ollutta 20-vuotiasta miest\u00e4 liikenneturvallisuuden vaarantamisesta ja palvelusrikoksesta.<\/p>\n<p class=\"aw-1gybjub aw-1p7kakr kEtdKx cEmitX yle__article__paragraph\">Poliisi ep\u00e4ili miest\u00e4 my\u00f6s vammantuottamuksesta. Tutkinta kuitenkin p\u00e4\u00e4tettiin asianomistajan ilmoitettua, ett\u00e4 ei vaadi asiassa rangaistusta, kerrotaan Lounais-Suomen poliisin tiedotteessa.<\/p>\n<p class=\"aw-1gybjub aw-1p7kakr kEtdKx cEmitX yle__article__paragraph\">Asia etenee seuraavaksi syytt\u00e4j\u00e4lle syyteharkintaan.<\/p>\n<p>Varusmies j\u00e4i takapy\u00f6rien alle<\/p>\n<p class=\"aw-1gybjub aw-1p7kakr kEtdKx cEmitX yle__article__paragraph\">Varusmies loukkaantui vakavasti onnettomuudessa.<\/p>\n<p class=\"aw-1gybjub aw-1p7kakr kEtdKx cEmitX yle__article__paragraph\">Varusmiehet olivat palanneet maastoharjoituksesta, jonka varusteluhuolto oli k\u00e4ynniss\u00e4 kasarmin l\u00e4heisyydess\u00e4.<\/p>\n<p class=\"aw-1gybjub aw-1p7kakr kEtdKx cEmitX yle__article__paragraph\">Maastokuorma-auton kuljettajana toiminut varusmies oli peruuttanut kentt\u00e4keitti\u00f6n paikalleen asfaltoidulla piha-alueella. Kun kuljettaja l\u00e4hti taas liikkeelle, h\u00e4nelt\u00e4 j\u00e4i havaitsematta kaksi varusmiest\u00e4, jotka pakkasivat naamioverkkoa kuorma-auton oikealla puolella.<\/p>\n<p class=\"aw-1gybjub aw-1p7kakr kEtdKx cEmitX yle__article__paragraph\">Toinen varusmiehist\u00e4 ehti v\u00e4ist\u00e4\u00e4 sivuun, mutta toinen heist\u00e4 j\u00e4i oikeanpuoleisten ajoneuvon takapy\u00f6rien alle.<\/p>\n<p class=\"aw-1gybjub aw-1p7kakr kEtdKx cEmitX yle__article__paragraph\">Loukkaantuneelle varusmiehelle annettiin paikalla ensiapua ja h\u00e4net toimitettiin sairaalahoitoon.<\/p>\n","protected":false},"excerpt":{"rendered":"Varusmies loukkaantui S\u00e4kyl\u00e4ss\u00e4 huhtikuussa j\u00e4\u00e4ty\u00e4\u00e4n maastokuorma-auton alle. Juttu menee nyt syyte\u00adharkintaan. Avaa kuvien katselu Poliisi on saanut valmiiksi&hellip;\n","protected":false},"author":2,"featured_media":105726,"comment_status":"","ping_status":"","sticky":false,"template":"","format":"standard","meta":{"footnotes":""},"categories":[5],"tags":[22,23,26,27,33,31,30,17,71,24,25,2946,28,29,15,837,18,21,19914,12337,968,32,19,20,16,19915],"class_list":{"0":"post-105725","1":"post","2":"type-post","3":"status-publish","4":"format-standard","5":"has-post-thumbnail","7":"category-otsikot","8":"tag-breaking-news","9":"tag-breakingnews","10":"tag-featured-news","11":"tag-featurednews","12":"tag-fi","13":"tag-finland","14":"tag-finnish","15":"tag-headlines","16":"tag-kotimaa","17":"tag-latest-news","18":"tag-latestnews","19":"tag-lounais-suomen-poliisilaitos","20":"tag-main-news","21":"tag-mainnews","22":"tag-news","23":"tag-onnettomuudet","24":"tag-otsikot","25":"tag-paauutiset","26":"tag-porin-prikaati","27":"tag-sakyla","28":"tag-satakunta","29":"tag-suomi","30":"tag-top-stories","31":"tag-topstories","32":"tag-uutiset","33":"tag-varuskunnat"},"share_on_mastodon":{"url":"https:\/\/pubeurope.com\/@fi\/115650181654138155","error":""},"_links":{"self":[{"href":"https:\/\/www.europesays.com\/fi\/wp-json\/wp\/v2\/posts\/105725","targetHints":{"allow":["GET"]}}],"collection":[{"href":"https:\/\/www.europesays.com\/fi\/wp-json\/wp\/v2\/posts"}],"about":[{"href":"https:\/\/www.europesays.com\/fi\/wp-json\/wp\/v2\/types\/post"}],"author":[{"embeddable":true,"href":"https:\/\/www.europesays.com\/fi\/wp-json\/wp\/v2\/users\/2"}],"replies":[{"embeddable":true,"href":"https:\/\/www.europesays.com\/fi\/wp-json\/wp\/v2\/comments?post=105725"}],"version-history":[{"count":0,"href":"https:\/\/www.europesays.com\/fi\/wp-json\/wp\/v2\/posts\/105725\/revisions"}],"wp:featuredmedia":[{"embeddable":true,"href":"https:\/\/www.europesays.com\/fi\/wp-json\/wp\/v2\/media\/105726"}],"wp:attachment":[{"href":"https:\/\/www.europesays.com\/fi\/wp-json\/wp\/v2\/media?parent=105725"}],"wp:term":[{"taxonomy":"category","embeddable":true,"href":"https:\/\/www.europesays.com\/fi\/wp-json\/wp\/v2\/categories?post=105725"},{"taxonomy":"post_tag","embeddable":true,"href":"https:\/\/www.europesays.com\/fi\/wp-json\/wp\/v2\/tags?post=105725"}],"curies":[{"name":"wp","href":"https:\/\/api.w.org\/{rel}","templated":true}]}}