{"id":105727,"date":"2025-12-02T13:21:09","date_gmt":"2025-12-02T13:21:09","guid":{"rendered":"https:\/\/www.europesays.com\/fi\/105727\/"},"modified":"2025-12-02T13:21:09","modified_gmt":"2025-12-02T13:21:09","slug":"hiekkarantoja-ennallistettu-saimaalla-yli-2-kilometria-kartoitettu-yli-sata-rantaa","status":"publish","type":"post","link":"https:\/\/www.europesays.com\/fi\/105727\/","title":{"rendered":"Hiekkarantoja ennallistettu Saimaalla yli 2 kilometri\u00e4, kartoitettu yli sata rantaa"},"content":{"rendered":"<p>Saimaan vesiensuojeluyhdistyksen hankkeissa on marraskuuhun 2025 menness\u00e4 ennallistettu Saimaalla avoimia hiekkarantoja yli 2 kilometri\u00e4 yhteens\u00e4 kymmeness\u00e4 kohteessa, kuuden eri kunnan alueella. Vuonna 2025 ennallistettiin rantaa Savonlinnan susiniemess\u00e4, Ruokolahden R\u00f6ksynlahdella ja Taipalsaaren Varrenniemess\u00e4.<\/p>\n<p>Hiekkarantojen ennallistaminen Saimaalla sai alkunsa, kun vesiensuojeluyhdistyksess\u00e4 havahduttiin sis\u00e4vesien hiekkarantojen olevan ymp\u00e4rist\u00f6ministeri\u00f6n ja Suomen ymp\u00e4rist\u00f6keskuksen luontotyyppien uhanalaisuusarvionnin mukaan Etel\u00e4-Suomessa eritt\u00e4in uhanalaisia elinymp\u00e4rist\u00f6j\u00e4. Hiekkarantojen ennallistamisty\u00f6 aloitettiin syksyll\u00e4 2023 kouluttautumalla ja tutustumalla avoimien hiekkarantojen ekosysteemiin, umpeutumiskehityksen syihin, ennallistamisten toteutukseen ja vaatimuksiin.<\/p>\n<p>Rantojen umpeenkasvun syit\u00e4 voivat olla ravinnekuormituksen lis\u00e4\u00e4ntymisest\u00e4 johtuva rehev\u00f6itymiskehitys, rantarakentaminen ja s\u00e4\u00e4nn\u00f6stely. \u201dAvoimet hiekkarannat sijaitsevat usein alueilla, joissa on elinymp\u00e4rist\u00f6n lis\u00e4ksi muita huomioitavia arvoja. Hiekkarantojen l\u00e4helt\u00e4 on l\u00f6ytynyt muinaisia asuinalueita, ne saattavat sijaita pohjavesialueella tai niiden l\u00e4heisyydest\u00e4 on havaintoja uhanalaisista lajeista. Kun l\u00e4hdet\u00e4\u00e4n ennallistamaan, t\u00e4ytyy n\u00e4m\u00e4 huomioida toimissa.\u201d kuvailee hankkeen biologi Roni Sepp\u00e4 lupaprosessia. Roni selvitt\u00e4\u00e4 my\u00f6s ennallistamisen onnistumista: \u201dOlemme t\u00e4n\u00e4 kes\u00e4n\u00e4 seuranneet ennallistetulle hiekkarannalle palaavia kovakuoriaisia. Tieto hiekkarantalajistosta on puutteellista. Suunnitteluhankkeessa pyrimme lis\u00e4\u00e4m\u00e4\u00e4n tietoa siit\u00e4, miten antikaiset, nupiaiset, myyri\u00e4iset, hyrr\u00e4kiit\u00e4j\u00e4iset ja muut hiekkarantojen kovakuoriaiset palaavat takaisin kunnostetuille kotiseuduilleen. Talven viet\u00e4n mikroskoopin \u00e4\u00e4ress\u00e4 selvitt\u00e4m\u00e4ss\u00e4 Ruokolahden Sipiniemeen paluumuuttaneita kavereita.\u201d<\/p>\n<p>Ensimm\u00e4inen ennallistamiskohde toteutettiin Taipalsaaren P\u00e4ih\u00e4niemess\u00e4 syksyll\u00e4 2023. Pisimm\u00e4t Saimaan vesiensuojeluyhdistyksen hankkeessa ennallistetut kohteet sijaitsevat Puumalan \u00c4yr\u00e4tsalossa ja Savonlinnan Punkaharjulla, Susiniemess\u00e4. Kohteet on valikoitu maastokartoitusten j\u00e4lkeen ennallistamistarpeen ja -potentiaalin perusteella. Mik\u00e4li maanomistajat ovat suhtautuneet ennallistamisehdotuksiin suotuisasti, on edetty toteutukseen. \u201dEnnallistaminen on tehty kaikilla kohteilla konety\u00f6n\u00e4. Osaavat ja luotettavat urakoitsijat ovat olleet t\u00e4rke\u00e4ss\u00e4 osassa ennallistettaessa herkki\u00e4 elinymp\u00e4rist\u00f6j\u00e4. Onneksi useampia t\u00e4llaisia toimijoita on l\u00f6ydetty Saimaan alueelta hankkeen kohteita toteuttamaan. Saarikunnostuksetkin ovat mahdollisia, kun koneet saadaan lautoilla kuljetettua vesiteitse.\u201d kertoo hankeen vetovastuussa oleva Sari Aaltonen. Joillakin ennallistamiskohteilla ty\u00f6 jatkuu paikallisten tahojen talkoilla tulevina vuosina: \u201dVoimakkaammin umpeenkasvaneilla rannoilla saimme hyv\u00e4n alkusys\u00e4yksen avoimen rannan palauttamiseen. J\u00e4lkihoitoon tarvitaan paikallisten tahojen reippaita talkoovoimia.\u201d Sari lis\u00e4\u00e4.<\/p>\n<p>Savo-Karjalan vesiensuojeluyhdistyksen Tiina Kontio on hoitanut vuoden 2025 hiekkarantakartoituksia Pohjois-Karjalan puolella. \u201dYhteisty\u00f6ll\u00e4 vesiensuojeluyhdistysten kanssa saamme levitetty\u00e4 Saimaalla kertynytt\u00e4 osaamista my\u00f6s H\u00f6yti\u00e4isen puolelle ja muualle Pohjois-Karjalaan. Toisaalta taas kartoitukset saadaan kohdistettua paremmin paikallistuntemuksen avulla. Kartoitusty\u00f6ss\u00e4 on yll\u00e4tt\u00e4nyt miten paljon H\u00f6yti\u00e4isell\u00e4kin on ollut hiekkarantoja historiallisen tiedon valossa, kun niit\u00e4 on nykyisell\u00e4\u00e4n on n\u00e4ht\u00e4viss\u00e4 vain murto-osa. \u201d<\/p>\n<p>Ymp\u00e4rist\u00f6ministeri\u00f6n Helmi-elinymp\u00e4rist\u00f6ohjelman rahoittama kunnostushanke p\u00e4\u00e4ttyi lokakuussa. Vuonna 2023 alkaneita ennallistamisia ovat ymp\u00e4rist\u00f6ministeri\u00f6n lis\u00e4ksi rahoittaneet Mets\u00e4 Groupin luonto-ohjelma, Etel\u00e4-Karjalan s\u00e4\u00e4st\u00f6pankkis\u00e4\u00e4ti\u00f6, Raija ja Ossi Tuuliaisen s\u00e4\u00e4ti\u00f6, OP Suur-Savo sek\u00e4 Tornator. Hiekkarantojen kartoitukset Saimaan ja Savo-Karjalan vesiensuojeluyhdistysten yhteisess\u00e4, EU:n maaseuturahaston rahoittamassa hankkeessa jatkuvat vuoden 2026 loppuun. Kartoituksissa l\u00f6ydett\u00e4ville ennallistamiskohteiden toteutuksille on haettavissa EU:n maaseuturahoitusta.<\/p>\n<p>Yhteyshenkil\u00f6t:<\/p>\n<p>Sari Aaltonen, hankevet\u00e4j\u00e4: <a href=\"http:\/\/www.epressi.com\/cdn-cgi\/l\/email-protection#780b190a11561919140c17161d16380b0e0b01561e11\" rel=\"nofollow noopener\" target=\"_blank\">[email\u00a0protected]<\/a> puh. 0447361865<\/p>\n<p>Roni Sepp\u00e4, biologi: <a href=\"http:\/\/www.epressi.com\/cdn-cgi\/l\/email-protection#fd8f929394d38e988d8d9cbd8e8b8e84d39b94\" rel=\"nofollow noopener\" target=\"_blank\">[email\u00a0protected]<\/a> puh. 0447572520<\/p>\n<p>Tiina Kontio (SKVSY), biologi: <a href=\"http:\/\/www.epressi.com\/cdn-cgi\/l\/email-protection#a6d2cfcfc8c788cdc9c8d2cfc9e6d5cdd0d5df88c0cf\" rel=\"nofollow noopener\" target=\"_blank\">[email\u00a0protected]<\/a> puh. 0503062595<\/p>\n<p>\t\t\t\t\tTietoa julkaisijasta<\/p>\n<p>Saimaan vesiensuojeluyhdistyksen toiminnan tavoitteena on edist\u00e4\u00e4 vesiensuojelua toiminta-alueellaan, joka kattaa alueita Etel\u00e4-Saimaalta Haapavedelle ja Puruvedelle saakka sek\u00e4 n\u00e4ihin laskevat j\u00e4rvet sek\u00e4 alueet Hiitolanjoen ja Virojoen v\u00e4lill\u00e4. Vuonna 2023 Saimaan vesiensuojeluyhdistys sai WWF:n Panda-palkinnon vesiensuojeluty\u00f6st\u00e4\u00e4n. <a href=\"http:\/\/www.skvsy.fi\/\" target=\"_blank\" rel=\"noopener nofollow\">www.svsy.fi<\/a><\/p>\n<p>Savo-Karjalan Vesiensuojeluyhdistys on vuonna 1963 perustettu yleishy\u00f6dyllinen yhteisty\u00f6- ja asiantuntijaj\u00e4rjest\u00f6, joka edist\u00e4\u00e4 vesien ja ymp\u00e4rist\u00f6n hyv\u00e4\u00e4 tilaa ja kest\u00e4v\u00e4\u00e4 k\u00e4ytt\u00f6\u00e4. Yhdistys on luotettava, eri toimijat yhdist\u00e4v\u00e4 asiantuntijataho, joka tuottaa tietoa, toteuttaa kehitt\u00e4mistoimenpiteit\u00e4 ja vaikuttaa p\u00e4\u00e4t\u00f6ksentekoon vesien, alueensa ja j\u00e4senist\u00f6ns\u00e4 hyv\u00e4ksi. <a href=\"http:\/\/www.skvsy.fi\/\" target=\"_blank\" rel=\"noopener nofollow\">www.skvsy.fi<\/a><\/p>\n","protected":false},"excerpt":{"rendered":"Saimaan vesiensuojeluyhdistyksen hankkeissa on marraskuuhun 2025 menness\u00e4 ennallistettu Saimaalla avoimia hiekkarantoja yli 2 kilometri\u00e4 yhteens\u00e4 kymmeness\u00e4 kohteessa, kuuden&hellip;\n","protected":false},"author":2,"featured_media":105728,"comment_status":"","ping_status":"","sticky":false,"template":"","format":"standard","meta":{"footnotes":""},"categories":[117],"tags":[33,31,30,72,476,118,32,119,477],"class_list":{"0":"post-105727","1":"post","2":"type-post","3":"status-publish","4":"format-standard","5":"has-post-thumbnail","7":"category-luonto","8":"tag-fi","9":"tag-finland","10":"tag-finnish","11":"tag-luonto","12":"tag-nature","13":"tag-science","14":"tag-suomi","15":"tag-tiede","16":"tag-wildlife"},"share_on_mastodon":{"url":"https:\/\/pubeurope.com\/@fi\/115650185330807293","error":""},"_links":{"self":[{"href":"https:\/\/www.europesays.com\/fi\/wp-json\/wp\/v2\/posts\/105727","targetHints":{"allow":["GET"]}}],"collection":[{"href":"https:\/\/www.europesays.com\/fi\/wp-json\/wp\/v2\/posts"}],"about":[{"href":"https:\/\/www.europesays.com\/fi\/wp-json\/wp\/v2\/types\/post"}],"author":[{"embeddable":true,"href":"https:\/\/www.europesays.com\/fi\/wp-json\/wp\/v2\/users\/2"}],"replies":[{"embeddable":true,"href":"https:\/\/www.europesays.com\/fi\/wp-json\/wp\/v2\/comments?post=105727"}],"version-history":[{"count":0,"href":"https:\/\/www.europesays.com\/fi\/wp-json\/wp\/v2\/posts\/105727\/revisions"}],"wp:featuredmedia":[{"embeddable":true,"href":"https:\/\/www.europesays.com\/fi\/wp-json\/wp\/v2\/media\/105728"}],"wp:attachment":[{"href":"https:\/\/www.europesays.com\/fi\/wp-json\/wp\/v2\/media?parent=105727"}],"wp:term":[{"taxonomy":"category","embeddable":true,"href":"https:\/\/www.europesays.com\/fi\/wp-json\/wp\/v2\/categories?post=105727"},{"taxonomy":"post_tag","embeddable":true,"href":"https:\/\/www.europesays.com\/fi\/wp-json\/wp\/v2\/tags?post=105727"}],"curies":[{"name":"wp","href":"https:\/\/api.w.org\/{rel}","templated":true}]}}