{"id":105729,"date":"2025-12-02T13:32:09","date_gmt":"2025-12-02T13:32:09","guid":{"rendered":"https:\/\/www.europesays.com\/fi\/105729\/"},"modified":"2025-12-02T13:32:09","modified_gmt":"2025-12-02T13:32:09","slug":"lauri-ja-sari-anna-huttunen-nain-paljon-rahaa-kului-kakisaaren-taloremonttiin","status":"publish","type":"post","link":"https:\/\/www.europesays.com\/fi\/105729\/","title":{"rendered":"Lauri ja Sari-Anna Huttunen: N\u00e4in paljon rahaa kului K\u00e4kisaaren taloremonttiin"},"content":{"rendered":"<p>\n            20250901, Vantaa. Laten ja Sarkun hurjat suunnitelmat -pressi. Kuvassa Lauri Huttunen ja Sari-Anna Lepp\u00e4nen.<br \/>\n            Timo Korhonen\n        <\/p>\n<p class=\"subtitle \">Lauri ja Sari-Anna Huttusen remonttiprojektia seurattiin kolmen vuoden ajan television v\u00e4lityksell\u00e4.<\/p>\n<p class=\"article-content article-content-width !bg-background\"> ja  vierailivat Viiden j\u00e4lkeen -ohjelmassa 1. joulukuuta.<\/p>\n<p class=\"article-content article-content-width !bg-background\">Video: Lauri ja Sari-Anna Huttusen parisuhdevastaukset.<\/p>\n<p class=\"article-content article-content-width !bg-background\">Viimeisen kolmen vuoden ajan pari on remontoinut K\u00e4kisaaren tilaa kodikseen, joka aikoinaan kuului kirjailija . Haastattelussa nousi esiin, paljonko rahaa parilla on kulunut remontoimiseen.<\/p>\n<p class=\"article-content article-content-width !bg-background\">\u2013 Kaikki, Lauri totesi.<\/p>\n<p class=\"article-content article-content-width !bg-background\">\u2013 Kaikki aika lailla on mennyt, Sari-Anna komppasi.<\/p>\n<p>        <a itemprop=\"url\" href=\"https:\/\/www.seiska.fi\/katso\/lauri-ja-sari-anna-huttunen-riitaantuvat-anoppi-hatiin\/1990590\" rel=\"nofollow noopener\" target=\"_blank\"><\/p>\n<p>\nLauri ja Sari-Anna Huttunen\n<\/p>\n<p class=\"section-date\">\n        <strong class=\"article-section\" data-section=\"katso\"><br \/>\n            katso<br \/>\n        <\/strong><br \/>\n        12.11. 08:42\n    <\/p>\n<p>Lauri ja Sari-Anna Huttunen riitaantuvat \u2013 anoppi h\u00e4tiin\n    <\/p>\n<p itemprop=\"description\" class=\"subtitle \">\n    Lauri ja Sari-Anna Huttusen tunteet kuumenevat tuoreessa Laten ja Sarkun hurjat suunnitelmat -jaksossa.\n<\/p>\n<p>        <\/a><\/p>\n<p class=\"article-content article-content-width !bg-background\">Lauri kehotti, ett\u00e4 mik\u00e4li samanlaiseen projektiin aikoo l\u00e4hte\u00e4, kannattaa tuplata budjetti sek\u00e4 aika. Jos siis vanhasta rakennuksesta haluaa tehd\u00e4 uuden.<\/p>\n<p class=\"article-content article-content-width !bg-background\">\u2013 Meill\u00e4 maansiirtohommat veiv\u00e4t aika ison osuuden siit\u00e4 (budjetista). Eih\u00e4n tuota (taloa) edes n\u00e4kynyt, sinne ei mennyt tiet\u00e4 perille, Lauri sanoi.<\/p>\n<p class=\"article-content article-content-width !bg-background\">Maansiirtoty\u00f6t veiv\u00e4t puolet kokonaisbudjetista. Laurin mukaan talo on remontoitu inhimilliseen hintaan, vaikka ihan kaikki ikkunoista, kattoihin ja ulkovuorauksiin asti laitettiinkin uusiksi.<\/p>\n<p class=\"article-content article-content-width !bg-background\">\u2013 Kyll\u00e4 meill\u00e4 yli 200 000 euroa varmaan on mennyt, Lauri varmisti Sari-Annalta.<\/p>\n<p class=\"article-content article-content-width !bg-background\">\u2013 Varmaan l\u00e4hemm\u00e4s 300 000 euroa remonttiin, Sari-Anna korjasi.<\/p>\n<p class=\"article-content article-content-width !bg-background\">Parin mielest\u00e4 kaikki oli sen arvoista.<\/p>\n<p>                <img loading=\"lazy\" decoding=\"async\" src=\"https:\/\/www.europesays.com\/fi\/wp-content\/uploads\/2025\/12\/1996577.webp\" width=\"576\" height=\"274\" title=\"Laurin ja Sari-Annan h\u00e4it\u00e4 juhlittiin my\u00f6s Laten ja Sarkun hurjat unelmat -sarjassa.\" alt=\"Laten ja Sarkun hurjat unelmat: Sari-Anna Huttunen ja Lauri Huttunen\" \/>            <\/p>\n<p>\n            Laurin ja Sari-Annan h\u00e4it\u00e4 juhlittiin my\u00f6s Laten ja Sarkun hurjat unelmat -sarjassa.<br \/>\n            Warner Bros. Discovery\n        <\/p>\n<p>        <a itemprop=\"url\" href=\"https:\/\/www.seiska.fi\/katso\/talta-lauri-ja-sari-anna-huttusen-haat-nayttivat-katso-video\/1996869\" rel=\"nofollow noopener\" target=\"_blank\"><\/p>\n<p>\nKatso video!\n<\/p>\n<p class=\"section-date\">\n        <strong class=\"article-section\" data-section=\"katso\"><br \/>\n            katso<br \/>\n        <\/strong><br \/>\n        19.11. 08:19\n    <\/p>\n<p>T\u00e4lt\u00e4 Lauri ja Sari-Anna Huttusen h\u00e4\u00e4t n\u00e4yttiv\u00e4t &#8211; katso video!\n    <\/p>\n<p itemprop=\"description\" class=\"subtitle \">\n    Lauri ja Sari-Anna Huttusen h\u00e4\u00e4valmisteluita seurattiin tiiviisti tv:ss\u00e4. Nyt kausi huipentuu itse h\u00e4\u00e4juhlaan.\n<\/p>\n<p>        <\/a><\/p>\n<p>Kaksi s\u00e4\u00e4nt\u00f6\u00e4<\/p>\n<p class=\"article-content article-content-width !bg-background\">Pari kertoi my\u00f6s MTV:n ohjelmassa, ett\u00e4 heill\u00e4 oli kaksi s\u00e4\u00e4nt\u00f6\u00e4, kun he l\u00e4htiv\u00e4t remonttiprojektiin. K\u00e4kisaaren tilan he ostivat purkukuntoisena vain muutaman viikon seurustelun j\u00e4lkeen.<\/p>\n<p class=\"article-content article-content-width !bg-background\">Sari-Anna paljasti, ett\u00e4 pari p\u00e4\u00e4tti heti alkuunsa, etteiv\u00e4t eroa, vaikka mit\u00e4 tulisi vastaan.<\/p>\n<p class=\"article-content article-content-width !bg-background\">\u2013 Se on ollut kauhean hyv\u00e4 suhteen jatkuvuuden kannalta, Sari-Anna kertoi.<\/p>\n<p class=\"article-content article-content-width !bg-background\">\u2013 Kun et ala laskemaan sit\u00e4 l\u00e4ht\u00f6laskentaa siin\u00e4 kohtaa, kun on vaikeata, vaan mietit\u00e4\u00e4n joku toinen keino, h\u00e4n jatkoi.<\/p>\n<p class=\"article-content article-content-width !bg-background\">Pari my\u00f6s totesi, ett\u00e4 remontti on hyv\u00e4 tehd\u00e4 heti suhteen alussa, kun on molemmat osapuolet ovat vastarakastuneita.<\/p>\n<p class=\"article-content article-content-width !bg-background\">\u2013 Olet toiselle kohtelias ja teet toisen puolesta enemm\u00e4n kuin ehk\u00e4 viiden vuoden j\u00e4lkeen. Siin\u00e4 humussa jaksaa eik\u00e4 tarvitse sy\u00f6d\u00e4 eik\u00e4 nukkua, kun olet niin rakastunut, niin voi vaikka tehd\u00e4 tuollaisen remontin, Sari-Anna heitti.<\/p>\n<p class=\"article-content article-content-width !bg-background\">\u2013 Kaikkihan tiet\u00e4v\u00e4t, ett\u00e4 kun on hullun ihastunut tai rakastunut, ei v\u00e4syt\u00e4, ei ole n\u00e4lk\u00e4k\u00e4\u00e4n ja on energiaa, vaikka muille jakaa. Me kohdistimme sen remonttiin ja nyt aloimme tutustua, Lauri naurahti.<\/p>\n<p>        <a itemprop=\"url\" href=\"https:\/\/www.seiska.fi\/katso\/latelan-lauri-huttunen-ja-sarkku-rakas-avoimina-raha-asioistaan\/1917204\" rel=\"nofollow noopener\" target=\"_blank\"><\/p>\n<p>\nLauri Huttunen ja Sarkku-rakas\n<\/p>\n<p class=\"section-date\">\n        <strong class=\"article-section\" data-section=\"katso\"><br \/>\n            katso<br \/>\n        <\/strong><br \/>\n        3.9. 06:15\n    <\/p>\n<p>Latelan Lauri Huttunen ja Sarkku-rakas avoimina raha-asioistaan\n    <\/p>\n<p itemprop=\"description\" class=\"subtitle \">\n    Tv:st\u00e4 tuttu pari teki alkuvuodesta ratkaisevan peliliikkeen.\n<\/p>\n<p>        <\/a><\/p>\n<p>                <img decoding=\"async\" src=\"https:\/\/www.europesays.com\/fi\/wp-content\/uploads\/2025\/12\/1055532.webp\" width=\"576\" height=\"274\" title=\"Latelan Laurin hurja remontti -sarjan kolmella kaudella seurattiin taloprojektin etenemist\u00e4. Kuvassa talo on alkutekij\u00f6iss\u00e4\u00e4n ja on sittemmin k\u00e4ynyt l\u00e4pi hurjan remontin.\" alt=\"Lauri Huttunen\" loading=\"lazy\" \/>            <\/p>\n<p>\n            Latelan Laurin hurja remontti -sarjan kolmella kaudella seurattiin taloprojektin etenemist\u00e4. Kuvassa talo on alkutekij\u00f6iss\u00e4\u00e4n ja on sittemmin k\u00e4ynyt l\u00e4pi hurjan remontin.<br \/>\n            Warner Bros. Discovery\n        <\/p>\n<p class=\"italic m-italic article-content article-content-width !bg-background\">Viiden j\u00e4lkeen arkisin MTV3:lla ja MTV Katsomossa.<\/p>\n<p>        <a itemprop=\"url\" href=\"https:\/\/www.seiska.fi\/katso\/lauri-huttunen-ja-sarkku-perheenlisaysta\/1939369\" rel=\"nofollow noopener\" target=\"_blank\"><\/p>\n<p>\nLatelan Lauri ja Sarkku\n<\/p>\n<p class=\"section-date\">\n        <strong class=\"article-section\" data-section=\"katso\"><br \/>\n            katso<br \/>\n        <\/strong><br \/>\n        24.9. 05:15\n    <\/p>\n<p>Lauri Huttunen ja Sarkku: Perheenlis\u00e4yst\u00e4!\n    <\/p>\n<p itemprop=\"description\" class=\"subtitle \">\n    Lauri ja Sari-Anna Huttunen toivottavat uuden perheenj\u00e4senen tervetulleeksi.\n<\/p>\n<p>        <\/a><\/p>\n","protected":false},"excerpt":{"rendered":"20250901, Vantaa. Laten ja Sarkun hurjat suunnitelmat -pressi. Kuvassa Lauri Huttunen ja Sari-Anna Lepp\u00e4nen. Timo Korhonen Lauri ja&hellip;\n","protected":false},"author":2,"featured_media":105730,"comment_status":"","ping_status":"","sticky":false,"template":"","format":"standard","meta":{"footnotes":""},"categories":[136],"tags":[407,137,33,31,30,408,10531,5268,5267,3231,6238,32,1318,5384,3062,109],"class_list":{"0":"post-105729","1":"post","2":"type-post","3":"status-publish","4":"format-standard","5":"has-post-thumbnail","7":"category-julkkikset","8":"tag-celebrities","9":"tag-entertainment","10":"tag-fi","11":"tag-finland","12":"tag-finnish","13":"tag-julkkikset","14":"tag-kakisaari","15":"tag-laten-ja-sarkun-hurjat-suunnitelmat","16":"tag-lauri-huttunen","17":"tag-remontti","18":"tag-sari-anna-huttunen","19":"tag-suomi","20":"tag-tv-ohjelma","21":"tag-vaino-linna","22":"tag-viiden-jalkeen","23":"tag-viihde"},"share_on_mastodon":{"url":"https:\/\/pubeurope.com\/@fi\/115650228878104992","error":""},"_links":{"self":[{"href":"https:\/\/www.europesays.com\/fi\/wp-json\/wp\/v2\/posts\/105729","targetHints":{"allow":["GET"]}}],"collection":[{"href":"https:\/\/www.europesays.com\/fi\/wp-json\/wp\/v2\/posts"}],"about":[{"href":"https:\/\/www.europesays.com\/fi\/wp-json\/wp\/v2\/types\/post"}],"author":[{"embeddable":true,"href":"https:\/\/www.europesays.com\/fi\/wp-json\/wp\/v2\/users\/2"}],"replies":[{"embeddable":true,"href":"https:\/\/www.europesays.com\/fi\/wp-json\/wp\/v2\/comments?post=105729"}],"version-history":[{"count":0,"href":"https:\/\/www.europesays.com\/fi\/wp-json\/wp\/v2\/posts\/105729\/revisions"}],"wp:featuredmedia":[{"embeddable":true,"href":"https:\/\/www.europesays.com\/fi\/wp-json\/wp\/v2\/media\/105730"}],"wp:attachment":[{"href":"https:\/\/www.europesays.com\/fi\/wp-json\/wp\/v2\/media?parent=105729"}],"wp:term":[{"taxonomy":"category","embeddable":true,"href":"https:\/\/www.europesays.com\/fi\/wp-json\/wp\/v2\/categories?post=105729"},{"taxonomy":"post_tag","embeddable":true,"href":"https:\/\/www.europesays.com\/fi\/wp-json\/wp\/v2\/tags?post=105729"}],"curies":[{"name":"wp","href":"https:\/\/api.w.org\/{rel}","templated":true}]}}