{"id":105731,"date":"2025-12-02T13:33:13","date_gmt":"2025-12-02T13:33:13","guid":{"rendered":"https:\/\/www.europesays.com\/fi\/105731\/"},"modified":"2025-12-02T13:33:13","modified_gmt":"2025-12-02T13:33:13","slug":"heikki-ikolan-patsaan-pienoismalli-julkistettiin-muistuttaa-etta-jurvasta-on-ihan-hyvat-edellytykset-paasta-samoihin-saavutuksiin-mihin-meikalainenkin","status":"publish","type":"post","link":"https:\/\/www.europesays.com\/fi\/105731\/","title":{"rendered":"Heikki Ikolan patsaan pienoismalli julkistettiin \u2013 &#8221;Muistuttaa, ett\u00e4 Jurvasta on ihan hyv\u00e4t edellytykset p\u00e4\u00e4st\u00e4 samoihin saavutuksiin, mihin meik\u00e4l\u00e4inenkin&#8221;"},"content":{"rendered":"<p>\n      Kyll\u00e4 se ihan mukavalta tuntuu, kommentoi ampumahiihtolegenda Heikki Ikola saamaansa kunnianosoitusta. Edess\u00e4\u00e4n h\u00e4nell\u00e4 on itse\u00e4\u00e4n esitt\u00e4v\u00e4 pienoismalli. Se on halsualaisen kuvanveist\u00e4j\u00e4n Seppo Kalliokosken k\u00e4sialaa.\n    <\/p>\n<p>\n      Jos kaikki etenee suunnitellusti, tulee noin kaksi metri\u00e4 korkea pronssinen patsas pian tervehtim\u00e4\u00e4n ohikulkijoita Kauhajoentien varrella Jurvan ampumahiihtostadionilla. Hankkeen taustalla ovat Jurvan Rotaryklubi ja Jurvan Urheilijat.\n    <\/p>\n<p class=\"article__paragraph\">\n      \u2013 Minun mielest\u00e4ni patsas on onnistunut t\u00e4ss\u00e4 vaiheessa oikein hyvin. Asento on hyv\u00e4, ampumapaikalta l\u00e4ht\u00f6. Voin hyvin n\u00e4hd\u00e4, ett\u00e4 siin\u00e4 on sellainen touhu menossa, sauvoja pit\u00e4isi saada k\u00e4teen ja matka jatkuu, Ikola sanoo.\n    <\/p>\n<p>    <img decoding=\"async\" class=\"responsive-image article__image-image lozad\"   src=\"https:\/\/www.europesays.com\/fi\/wp-content\/uploads\/2025\/12\/eTM64O5V_IlIDP-H64vQe_xRFYFmdGc-awgx8dljGKvs4bmwXw0BV6Ey0RsVlUrwgvMgX1Q0oNEUW-kPLVZ4fpCzQxUpZ_4ZrzEs.jpeg\" alt=\"Pienoismalli ei ole aivan tarkka, vaan teoksen lopullinen ulkon\u00e4k\u00f6 kehittyy viel\u00e4 prosessin aikana. Patsasosan korkeus tulee olemaan noin kaksi metri\u00e4, johon jalusta tuo viel\u00e4 lis\u00e4\u00e4 korkeutta.\"\/><\/p>\n<p>\n                Pienoismalli ei ole aivan tarkka, vaan teoksen lopullinen ulkon\u00e4k\u00f6 kehittyy viel\u00e4 prosessin aikana. Patsasosan korkeus tulee olemaan noin kaksi metri\u00e4, johon jalusta tuo viel\u00e4 lis\u00e4\u00e4 korkeutta.\n              <\/p>\n<p>\n                Kuva: Petra Mustonen\n              <\/p>\n<p>    <img decoding=\"async\" class=\"responsive-image article__image-image lozad\"   src=\"https:\/\/www.europesays.com\/fi\/wp-content\/uploads\/2025\/12\/of-S2HBGs3eUJpfsjEb2C0INF7I-R-PUPcxiDoYlPUAmQQVH4eL39CEVLNaHFaqGJEVMIquk9Tuq7fzHOUfFKjmQQKJWZteFKNkX.jpeg\" alt=\"-\"\/><\/p>\n<p>    <img decoding=\"async\" class=\"responsive-image article__image-image lozad\"   src=\"https:\/\/www.europesays.com\/fi\/wp-content\/uploads\/2025\/12\/EDcnqxX699GGOAZaPEKokMHsYPvCLRjjUCVpPurgvqH4LB8rq9Y-j1mt7m8s-sgUZ9kvPUdDnhQ-b4uqXZwawwb41JFm1hqoWZaC.jpeg\" alt=\"L\u00e4ht\u00f6kohtana patsaan suunnittelussa toimi Timo Mikkil\u00e4n kirjoittaman kirjan kansikuva, joka on otettu vuoden 1975 Anterselvan MM-kisoissa. Siell\u00e4 Ikola voitti kaksi kultamitalia.\"\/><\/p>\n<p>\n                L\u00e4ht\u00f6kohtana patsaan suunnittelussa toimi Timo Mikkil\u00e4n kirjoittaman kirjan kansikuva, joka on otettu vuoden 1975 Anterselvan MM-kisoissa. Siell\u00e4 Ikola voitti kaksi kultamitalia.\n              <\/p>\n<p>\n                Kuva: Leena Nyysti\n              <\/p>\n<p class=\"article__paragraph\">\n      Veistoksen inspiraationa toimi Ikolan valitsema valokuva. Kalliokoski sanoo, ett\u00e4 siin\u00e4 on juuri sopivasti liikett\u00e4: jos sit\u00e4 olisi liikaa, patsas n\u00e4ytt\u00e4isi korostuneen j\u00e4yk\u00e4lt\u00e4. Sauvat hiiht\u00e4j\u00e4n k\u00e4dess\u00e4 voi n\u00e4hd\u00e4 symbolisesti viestikapulana, joka siirtyy Ikolalta seuraavalle urheilijoiden sukupolvelle.\n    <\/p>\n<p class=\"article__paragraph\">\n      \u2013 En halunnut tehd\u00e4 t\u00e4ht\u00e4yskuvaa. Kyse on kuitenkin veistoksesta, joten sit\u00e4 katsotaan joka puolelta. Minulle ainakin tulee hirmuisen ep\u00e4varma olo, jos joudun suoraan siihen pyssynpiippuun katsomaan, Kalliokoski perustelee.\n    <\/p>\n<p>      Voimakas komitea sai tahtonsa l\u00e4pi<\/p>\n<p class=\"article__paragraph\">\n      Patsashanke sai alkunsa vajaa vuosi sitten Jurvan Rotaryklubin kokouksessa. Reima M\u00e4nty oli aloittamassa kauttaan klubin presidenttin\u00e4 ja halusi seuraavan vuoden toimintasuunnitelmaan jonkin haasteen.\n    <\/p>\n<p class=\"article__paragraph\">\n      Niin Heikki Ikola kutsuttiin mukaan kokoukseen. Ikolalle on aiemminkin ehdotettu patsasta, mutta h\u00e4n ei ole ideasta innostunut. Mik\u00e4 sai mielen muuttumaan?\n    <\/p>\n<p class=\"article__paragraph\">\n      \u2013 Nyt oli niin voimakas t\u00e4m\u00e4 komitea. Siin\u00e4 oli sellainen \u00e4\u00e4nestys, min\u00e4 j\u00e4in yksin oppositiopuolelle, Ikola naurahtaa.\n    <\/p>\n<p>    <img decoding=\"async\" class=\"responsive-image article__image-image lozad\"   src=\"https:\/\/www.europesays.com\/fi\/wp-content\/uploads\/2025\/12\/MkZAg2mAu--S12haz3S_h0k6g8EfO7rJdloA6oi9fzLZG2dnlagW_5YiIJU0TKvBF5vhuRv9hrPIRdOK0_HkwsOe_FLUrXS7Poj9.jpeg\" alt=\"Heikki Ikola sanoo, ett\u00e4 h\u00e4nest\u00e4 tuntuu mukavalta, ett\u00e4 Jurvassa arvostetaan sellaisia suorituksia, joihin h\u00e4n on ylt\u00e4nyt.\"\/><\/p>\n<p>\n                Heikki Ikola sanoo, ett\u00e4 h\u00e4nest\u00e4 tuntuu mukavalta, ett\u00e4 Jurvassa arvostetaan sellaisia suorituksia, joihin h\u00e4n on ylt\u00e4nyt.\n              <\/p>\n<p>\n                Kuva: Petra Mustonen\n              <\/p>\n<p class=\"article__paragraph\">\n      Kyseisen voimakkaan komitean muodosti Reima M\u00e4nnyn lis\u00e4ksi Jurvan rotaryklubin j\u00e4sen ja Jurvan Urheilijoiden ampumahiihtojaoston puheenjohtaja Esko Pietil\u00e4. Kun mukaan l\u00e4hti viel\u00e4 Jurvan Urheilijoiden Erkki Tsupukka, alkoi hanke edet\u00e4 varmoin ottein.\n    <\/p>\n<p class=\"article__paragraph\">\n      \u2013 T\u00e4ss\u00e4 on t\u00e4llainen ly\u00f6m\u00e4t\u00f6n kolmen kopla, joka vie t\u00e4m\u00e4n vaikka harmaan kiven l\u00e4pi, M\u00e4nty vakuuttaa.\n    <\/p>\n<p class=\"article__paragraph\">\n      Ensisijainen toive oli alusta asti pronssipatsas, mutta muitakin vaihtoehtoja kartoitettiin. Yksi ajatus oli ter\u00e4ksest\u00e4 polttoleikattu teos, mutta se ei olisi ollut toimikunnan mielest\u00e4 hintansa arvoinen.\n    <\/p>\n<p class=\"article__paragraph\">\n      Seuraavaksi haastateltiin kolme eri taiteilijaa. Seppo Kalliokoski erottui joukosta edukseen. H\u00e4n on aiemmin tehnyt pronssisen patsaan hiiht\u00e4j\u00e4 Mika Myllyl\u00e4st\u00e4 ja monumentin kuulanty\u00f6nt\u00e4j\u00e4 Arsi Harjusta.\n    <\/p>\n<p class=\"article__paragraph\">\n      \u2013 Ikolan patsas ei ole varsinaisesti n\u00e4k\u00f6ispatsas, mutta on t\u00e4ss\u00e4 kuitenkin enemm\u00e4n yksityiskohtia kuin Myllyl\u00e4n patsaassa. Pienoismalli ei ole aivan tarkka, mutta mittasuhteet suurin piirtein pysyv\u00e4t, Kalliokoski kertoo.\n    <\/p>\n<p>    <img decoding=\"async\" class=\"responsive-image article__image-image lozad\"   src=\"https:\/\/www.europesays.com\/fi\/wp-content\/uploads\/2025\/12\/fO6IFNFQpSe5PV4yBVEqFdJCehd-WqPDZ4ThtylsHBGqTV6STJXiPtcGPhk6j_m_2cO5ZpuFwrrS3JwCLzphjBkvagXIc6jq2tIg.jpeg\" alt=\"Seppo Kalliokosken suunnittelema Mika Myllyl\u00e4n patsas paljastettiin Haapaj\u00e4rvell\u00e4 elokuussa 2020. Siin\u00e4kin l\u00e4ht\u00f6kohta oli vaikuttava valokuva, kuten Heikki Ikolan suunnitellussa patsaassakin. Arkistokuva.\"\/><\/p>\n<p>\n                Seppo Kalliokosken suunnittelema Mika Myllyl\u00e4n patsas paljastettiin Haapaj\u00e4rvell\u00e4 elokuussa 2020. Siin\u00e4kin l\u00e4ht\u00f6kohta oli vaikuttava valokuva, kuten Heikki Ikolan suunnitellussa patsaassakin. Arkistokuva.\n              <\/p>\n<p>\n                Kuva: Hanna Perkki\u00f6\n              <\/p>\n<p>      Stadion on n\u00e4kyv\u00e4mpi paikka kuin keskusta<\/p>\n<p class=\"article__paragraph\">\n      My\u00f6s patsaan tulevaa sijaintia harkittiin tarkkaan. Ampumahiihtostadionilla Ikola on paitsi luonnollisessa ymp\u00e4rist\u00f6ss\u00e4\u00e4n, my\u00f6s n\u00e4kyv\u00e4ll\u00e4 paikalla Kauhajoentiet\u00e4 ajaville \u2013 my\u00f6s niille, jotka ajavat ohi k\u00e4ym\u00e4tt\u00e4 Jurvan keskustassa.\n    <\/p>\n<p class=\"article__paragraph\">\n      \u2013 Kirkonkyl\u00e4st\u00e4 emme tied\u00e4, millainen se on kymmenen vuoden p\u00e4\u00e4st\u00e4. Siell\u00e4 on suurimmaksi osaksi yksityisi\u00e4 tontteja. Eteen voisi tulla tilanne, ett\u00e4 patsas jouduttaisiin siirt\u00e4m\u00e4\u00e4n. Ja liikenneympyr\u00e4 ei ainakaan olisi patsaan arvoinen paikka, M\u00e4nty perustelee.\n    <\/p>\n<p class=\"article__paragraph\">\n      \u2013 Arsi Harjun muistomerkki on liikenneympyr\u00e4ss\u00e4. Olen joutunut sen kaksi kertaa korjaamaan, kun siihen on joku rattijuoppo kolaroinut. Patsas ei sellaisessa paikassa toimisi, Kalliokoski sanoo.\n    <\/p>\n<p>    <img decoding=\"async\" class=\"responsive-image article__image-image lozad\"   src=\"https:\/\/www.europesays.com\/fi\/wp-content\/uploads\/2025\/12\/Wv0G4DEnzB0uE6jiYtsIKie04CwDQsXcBZ8IJx0dqLA39DPHejvglwraHqP2fVQuVjkab6Da1tW3eCUyhacntdmayk5AwajYzDBt.jpeg\" alt=\"Seppo Kalliokoski valittiin patsaan suunnittelijaksi kolmen haastatellun kuvanveist\u00e4j\u00e4n joukosta.\"\/><\/p>\n<p>\n                Seppo Kalliokoski valittiin patsaan suunnittelijaksi kolmen haastatellun kuvanveist\u00e4j\u00e4n joukosta.\n              <\/p>\n<p>\n                Kuva: Petra Mustonen\n              <\/p>\n<p class=\"article__paragraph\">\n      Patsashankkeen kokonaiskustannus on 79 100 euroa sis\u00e4lt\u00e4en paitsi itse patsaan, my\u00f6s esimerkiksi jalustan valmistuksen sek\u00e4 julkistamistilaisuuden j\u00e4rjest\u00e4misen. Kaupunki on p\u00e4\u00e4tt\u00e4nyt my\u00f6nt\u00e4\u00e4 hankkeeseen 10 000 euroa.\n    <\/p>\n<p class=\"article__paragraph\">\n      P\u00e4\u00e4asiassa hankkeen rahoitus perustuu yhteis\u00f6lliseen ja sponsoripohjaiseen varainhankintaan. Rahanker\u00e4yslupa saadaan todenn\u00e4k\u00f6isesti huhti-toukokuussa. Jo tammikuun 25. p\u00e4iv\u00e4 pidet\u00e4\u00e4n kaikille avoin yleis\u00f6tilaisuus, jossa kerrotaan tarkemmin hankkeesta.\n    <\/p>\n<p>      Viesti Jurvan nuorisolle<\/p>\n<p class=\"article__paragraph\">\n      Patsaan lis\u00e4ksi Kalliokoski on suunnitellut sen pohjalta mitalin. H\u00e4nelle se kuvaa p\u00e4\u00e4m\u00e4\u00e4r\u00e4tietoisuutta ja periksiantamattomuutta. Sellaisen kuvan h\u00e4n on saanut sek\u00e4 Heikki Ikolasta itsest\u00e4\u00e4n ett\u00e4 ylip\u00e4\u00e4t\u00e4\u00e4n jurvalaisista. Yritt\u00e4j\u00e4henke\u00e4 ei kyl\u00e4lt\u00e4 puutu.\n    <\/p>\n<p class=\"article__paragraph\">\n      \u2013 Jurvalaiset eiv\u00e4t ole koskaan saaneet peltoja niin kuin h\u00e4rm\u00e4l\u00e4iset ja lapualaiset, vaan ovat joutuneet itse tekem\u00e4\u00e4n t\u00e4m\u00e4n el\u00e4m\u00e4ns\u00e4. Kun luin vastik\u00e4\u00e4n Samuli Paulaharjun Rintakyli\u00e4 ja Larvamaita -kirjan, niin ajattelin, ett\u00e4 kyll\u00e4 t\u00e4m\u00e4 Jurva on niit\u00e4 larvamaita, Kalliokoski sanoo.\n    <\/p>\n<p class=\"article__paragraph\">\n      Heikki Ikola ajattelee, ett\u00e4 patsaan suurin merkitys onkin siin\u00e4, mit\u00e4 se viestii tuleville jurvalaisten sukupolville.\n    <\/p>\n<p class=\"article__paragraph\">\n      \u2013 Se muistuttaa, ett\u00e4 t\u00e4\u00e4lt\u00e4 on ihan hyv\u00e4t edellytykset p\u00e4\u00e4st\u00e4 samoihin saavutuksiin, mihin meik\u00e4l\u00e4inenkin on p\u00e4\u00e4ssyt. Sen eteen t\u00e4ytyy vain tehd\u00e4 kovasti t\u00f6it\u00e4 ja sinnikk\u00e4\u00e4sti yritt\u00e4\u00e4, Ikola kannustaa.\n    <\/p>\n<p>H\u00e4n<\/p>\n<p>      Heikki Ikola<\/p>\n<ul class=\"article__fact-unordered_list\">\n<li>Heikki Johannes Ikola on syntynyt 9.9.1947 Jurvassa. H\u00e4n on Suomen kaikkien aikojen menestynein ampumahiiht\u00e4j\u00e4.<\/li>\n<li>Ikola on voittanut kaksi olympiahopeaa (1972, 1976), nelj\u00e4 MM-kultaa (1975, 1977, 1981) ja kolme MM-hopeaa (1974, 1977, 1979).<\/li>\n<li>Valittiin vuoden urheilijaksi vuosina 1975 ja 1981.<\/li>\n<li>Toimi Suomen ampumahiihtoliiton valmentajana Albertvillen olympialaisissa 1992.<\/li>\n<li>Palveli toimiupseerina Porin Prikaatissa 19 vuotta ja liikuntaupseerina Kauhavan Ilmasotakoululla 9 vuotta.<\/li>\n<\/ul>\n","protected":false},"excerpt":{"rendered":"Kyll\u00e4 se ihan mukavalta tuntuu, kommentoi ampumahiihtolegenda Heikki Ikola saamaansa kunnianosoitusta. Edess\u00e4\u00e4n h\u00e4nell\u00e4 on itse\u00e4\u00e4n esitt\u00e4v\u00e4 pienoismalli. Se&hellip;\n","protected":false},"author":2,"featured_media":105732,"comment_status":"","ping_status":"","sticky":false,"template":"","format":"standard","meta":{"footnotes":""},"categories":[135],"tags":[389,387,388,390,137,33,31,30,32,394,393,391,392,109],"class_list":{"0":"post-105731","1":"post","2":"type-post","3":"status-publish","4":"format-standard","5":"has-post-thumbnail","7":"category-taiteet-ja-suunnittelu","8":"tag-arts","9":"tag-arts-and-design","10":"tag-artsanddesign","11":"tag-design","12":"tag-entertainment","13":"tag-fi","14":"tag-finland","15":"tag-finnish","16":"tag-suomi","17":"tag-suunnittelu","18":"tag-taiteet","19":"tag-taiteet-ja-suunnittelu","20":"tag-taiteetsuunnittelu","21":"tag-viihde"},"share_on_mastodon":{"url":"https:\/\/pubeurope.com\/@fi\/115650232668577276","error":""},"_links":{"self":[{"href":"https:\/\/www.europesays.com\/fi\/wp-json\/wp\/v2\/posts\/105731","targetHints":{"allow":["GET"]}}],"collection":[{"href":"https:\/\/www.europesays.com\/fi\/wp-json\/wp\/v2\/posts"}],"about":[{"href":"https:\/\/www.europesays.com\/fi\/wp-json\/wp\/v2\/types\/post"}],"author":[{"embeddable":true,"href":"https:\/\/www.europesays.com\/fi\/wp-json\/wp\/v2\/users\/2"}],"replies":[{"embeddable":true,"href":"https:\/\/www.europesays.com\/fi\/wp-json\/wp\/v2\/comments?post=105731"}],"version-history":[{"count":0,"href":"https:\/\/www.europesays.com\/fi\/wp-json\/wp\/v2\/posts\/105731\/revisions"}],"wp:featuredmedia":[{"embeddable":true,"href":"https:\/\/www.europesays.com\/fi\/wp-json\/wp\/v2\/media\/105732"}],"wp:attachment":[{"href":"https:\/\/www.europesays.com\/fi\/wp-json\/wp\/v2\/media?parent=105731"}],"wp:term":[{"taxonomy":"category","embeddable":true,"href":"https:\/\/www.europesays.com\/fi\/wp-json\/wp\/v2\/categories?post=105731"},{"taxonomy":"post_tag","embeddable":true,"href":"https:\/\/www.europesays.com\/fi\/wp-json\/wp\/v2\/tags?post=105731"}],"curies":[{"name":"wp","href":"https:\/\/api.w.org\/{rel}","templated":true}]}}