{"id":105737,"date":"2025-12-02T13:40:09","date_gmt":"2025-12-02T13:40:09","guid":{"rendered":"https:\/\/www.europesays.com\/fi\/105737\/"},"modified":"2025-12-02T13:40:09","modified_gmt":"2025-12-02T13:40:09","slug":"spaceballs-2sta-iloinen-uutinen-episodi-fi","status":"publish","type":"post","link":"https:\/\/www.europesays.com\/fi\/105737\/","title":{"rendered":"Spaceballs 2:sta iloinen uutinen &#8211; Episodi.fi"},"content":{"rendered":"<p><strong>Josh Gad<\/strong> tekee parhaillaan scifi-parodiaklassikko Spaceballsin (1987) jatko-osaa.<\/p>\n<p>Jatko-osan kuvaukset k\u00e4ynnistyiv\u00e4t syyskuussa, ja nyt Gadilla on iloisia uutisia. Gad on k\u00e4sikirjoittanut ja tuottanut elokuvan, ja h\u00e4n my\u00f6s t\u00e4hditt\u00e4\u00e4 sit\u00e4.<\/p>\n<p>Lue my\u00f6s: <a href=\"https:\/\/www.episodi.fi\/uutiset\/komedialegenda-palaa-elakkeelta-jatko-osan-takia\/\" title=\"Komedialegenda palaa el\u00e4kkeelt\u00e4 jatko-osan takia\" class=\"underline-custom !font-montserrat !font-bold !underline-offset-4 !decoration-4 !decoration-episodi-blue !text-md\" rel=\"nofollow noopener\" target=\"_blank\">Komedialegenda palaa el\u00e4kkeelt\u00e4 jatko-osan takia<\/a><\/p>\n<p>Lue my\u00f6s: <a href=\"https:\/\/www.episodi.fi\/uutiset\/mel-brooksin-klassisesta-kauhuparodiasta-on-tekeilla-sarja-tekijoina-what-we-do-in-the-shadows-tiimi\/\" title=\"Mel Brooksin klassisesta kauhuparodiasta on tekeill\u00e4 sarja \u2013 tekij\u00f6in\u00e4 What We Do in the Shadows -tiimi\" class=\"underline-custom !font-montserrat !font-bold !underline-offset-4 !decoration-4 !decoration-episodi-blue !text-md\" rel=\"nofollow noopener\" target=\"_blank\">Mel Brooksin klassisesta kauhuparodiasta on tekeill\u00e4 sarja \u2013 tekij\u00f6in\u00e4 What We Do in the Shadows -tiimi<\/a><\/p>\n<p>\u2013 En voi mill\u00e4\u00e4n uskoa, ett\u00e4 olemme jo t\u00e4ss\u00e4 vaiheessa tuotantoa. Kaikki tapahtui \u00e4lytt\u00f6m\u00e4ll\u00e4 vauhdilla, mutta nyt Spaceballs 2 on nyt purkissa, Gad kirjoitti Facebookiin.<\/p>\n<p>\u2013 Soitin kolme vuotta sitten<strong> Mel Brooksille<\/strong> ja kerroin h\u00e4nelle ideani elokuvasta, jota oli tehty jo nelj\u00e4kymment\u00e4 vuotta. En voinut uskoa, ett\u00e4 h\u00e4n sanoi kyll\u00e4. Mutta viel\u00e4 uskomattomampaa on se, ett\u00e4 p\u00e4\u00e4simme tekem\u00e4\u00e4n sen. T\u00e4m\u00e4 elokuva on ollut koko el\u00e4m\u00e4ni paras luova kokemus. En malta odottaa, ett\u00e4 saan jakaa sen teid\u00e4n kaikkien kanssa.<\/p>\n<p>T\u00e4m\u00e4n j\u00e4lkeen Gad kiitt\u00e4\u00e4 koko tekij\u00e4tiimi\u00e4 sek\u00e4 ohjaaja<strong> Josh Greenbaumia.<\/strong><\/p>\n<p>Kiitoksensa saavat tietenkin my\u00f6s n\u00e4yttelij\u00e4t: Brooks,<strong> Lewis Pullman, Bill Pullman, Keke Palmer, Daphne Zuniga, George Wyner<\/strong> ja <strong>Rick Moranis.<\/strong><\/p>\n<p>Ensi-illan pit\u00e4isi olla sopivasti 40-vuotissyntt\u00e4rein\u00e4 vuonna 2027.<\/p>\n<p>Alla Gadin p\u00e4ivitys.<\/p>\n<p>Lue my\u00f6s: <a href=\"https:\/\/www.episodi.fi\/uutiskirje\/?uutiskirjemainos=tekstilinkkimainos\" title=\"Tilaa Episodin uutiskirje ja voit voittaa leffalippuja! Nappaa tv-vinkit suoraan s\u00e4hk\u00f6postiin t\u00e4st\u00e4.\" class=\"underline-custom !font-montserrat !font-bold !underline-offset-4 !decoration-4 !decoration-episodi-blue !text-md\" rel=\"nofollow noopener\" target=\"_blank\">Tilaa Episodin uutiskirje ja voit voittaa leffalippuja! Nappaa katseluvinkit suoraan s\u00e4hk\u00f6postiin t\u00e4st\u00e4.<\/a><\/p>\n","protected":false},"excerpt":{"rendered":"Josh Gad tekee parhaillaan scifi-parodiaklassikko Spaceballsin (1987) jatko-osaa. Jatko-osan kuvaukset k\u00e4ynnistyiv\u00e4t syyskuussa, ja nyt Gadilla on iloisia uutisia.&hellip;\n","protected":false},"author":2,"featured_media":105738,"comment_status":"","ping_status":"","sticky":false,"template":"","format":"standard","meta":{"footnotes":""},"categories":[130],"tags":[137,33,31,30,18695,19918,15342,19919,32,109],"class_list":{"0":"post-105737","1":"post","2":"type-post","3":"status-publish","4":"format-standard","5":"has-post-thumbnail","7":"category-viihde","8":"tag-entertainment","9":"tag-fi","10":"tag-finland","11":"tag-finnish","12":"tag-josh-gad","13":"tag-mel-brooks","14":"tag-parodia","15":"tag-spaceballs-2","16":"tag-suomi","17":"tag-viihde"},"share_on_mastodon":{"url":"https:\/\/pubeurope.com\/@fi\/115650260038394476","error":""},"_links":{"self":[{"href":"https:\/\/www.europesays.com\/fi\/wp-json\/wp\/v2\/posts\/105737","targetHints":{"allow":["GET"]}}],"collection":[{"href":"https:\/\/www.europesays.com\/fi\/wp-json\/wp\/v2\/posts"}],"about":[{"href":"https:\/\/www.europesays.com\/fi\/wp-json\/wp\/v2\/types\/post"}],"author":[{"embeddable":true,"href":"https:\/\/www.europesays.com\/fi\/wp-json\/wp\/v2\/users\/2"}],"replies":[{"embeddable":true,"href":"https:\/\/www.europesays.com\/fi\/wp-json\/wp\/v2\/comments?post=105737"}],"version-history":[{"count":0,"href":"https:\/\/www.europesays.com\/fi\/wp-json\/wp\/v2\/posts\/105737\/revisions"}],"wp:featuredmedia":[{"embeddable":true,"href":"https:\/\/www.europesays.com\/fi\/wp-json\/wp\/v2\/media\/105738"}],"wp:attachment":[{"href":"https:\/\/www.europesays.com\/fi\/wp-json\/wp\/v2\/media?parent=105737"}],"wp:term":[{"taxonomy":"category","embeddable":true,"href":"https:\/\/www.europesays.com\/fi\/wp-json\/wp\/v2\/categories?post=105737"},{"taxonomy":"post_tag","embeddable":true,"href":"https:\/\/www.europesays.com\/fi\/wp-json\/wp\/v2\/tags?post=105737"}],"curies":[{"name":"wp","href":"https:\/\/api.w.org\/{rel}","templated":true}]}}