{"id":105741,"date":"2025-12-02T13:44:07","date_gmt":"2025-12-02T13:44:07","guid":{"rendered":"https:\/\/www.europesays.com\/fi\/105741\/"},"modified":"2025-12-02T13:44:07","modified_gmt":"2025-12-02T13:44:07","slug":"ukraina-kiisti-venajan-vallanneen-pokrovskin-uutissuomalainen","status":"publish","type":"post","link":"https:\/\/www.europesays.com\/fi\/105741\/","title":{"rendered":"Ukraina kiisti Ven\u00e4j\u00e4n vallanneen Pokrovskin | Uutissuomalainen"},"content":{"rendered":"<p>Ukrainan asevoimat kiist\u00e4\u00e4, ett\u00e4 Ven\u00e4j\u00e4 olisi vallannut Ukrainan it\u00e4osassa sijaitsevan Pokrovskin kaupungin. Ukrainan it\u00e4rintaman sotilasjohto kirjoittaa sosiaalisessa mediassa, ett\u00e4 kaupunkitaistelut Pokrovskissa jatkuvat.<\/p>\n<p>\u2013\u2009Tiedustelu- ja hy\u00f6kk\u00e4ysoperaatiot sek\u00e4 vihollisten eliminointi Pokrovskin kaupunkialueella jatkuvat, sotilasjohto kirjoitti sosiaalisessa mediassa.<\/p>\n<p>Ukrainan sotilasjohdon mukaan kaupungin keskustaan tunkeutuneet ven\u00e4l\u00e4isjoukot on saatu karkotettua. Se ei kuitenkaan kiist\u00e4nyt, etteiv\u00e4tk\u00f6 ven\u00e4l\u00e4iset olisi p\u00e4\u00e4sseet tunkeutumaan keskustaan.<\/p>\n<p>Sotilasjohdon mukaan ven\u00e4l\u00e4isjoukot onnistuivat etenem\u00e4\u00e4n kaupungin keskustaan huonon s\u00e4\u00e4n turvin.<\/p>\n<p>Ven\u00e4j\u00e4 v\u00e4itti aikaisemmin vallanneensa kaupungin. Donetskin alueella sijaitseva kaupunki on ollut ven\u00e4l\u00e4isjoukkojen hy\u00f6kk\u00e4yksen kohteena jo yli vuoden.<\/p>\n<p>Yhdysvaltalainen ajatushautomo ISW <a href=\"https:\/\/understandingwar.org\/research\/russia-ukraine\/russian-offensive-campaign-assessment-november-30-2025\/\" rel=\"nofollow noopener\" target=\"_blank\">kertoi <\/a>viel\u00e4 sunnuntaina, ett\u00e4 ven\u00e4l\u00e4isjoukot hallitsivat vain osaa Pokrovskista. ISW:n tietojen mukaan Ven\u00e4j\u00e4 oli edennyt hitaasti kaupungissa, muttei ollut onnistunut valtaamaan sit\u00e4 kokonaan.<\/p>\n<p>ISW kertoi viime viikolla, ett\u00e4 Ven\u00e4j\u00e4n armeija eteni viime kuussa Ukrainassa eniten sitten viime vuoden marraskuun.<\/p>\n<p>Ukrainan kansallisen turvallisuuden neuvostossa disinformaation torjumisesta vastaava Andri Kovalenko <a href=\"https:\/\/t.me\/akovalenko1989\/10127\" rel=\"nofollow\">varoitti<\/a> maanantaina uutiskanava <a href=\"https:\/\/edition.cnn.com\/2025\/12\/01\/europe\/russia-ukraine-pokrovsk-capture-claim-latam-intl\" rel=\"nofollow noopener\" target=\"_blank\">CNN:n<\/a> mukaan, ett\u00e4 Ven\u00e4j\u00e4 tulisi painostamaan taisteluiden etulinjaa seuraavien viikkojen aikana. Kovalenkon mukaan Ven\u00e4j\u00e4n painostuskeinoihin lukeutuisivat my\u00f6s &#8221;\u00e4\u00e4nekk\u00e4\u00e4t lausunnot&#8221;. H\u00e4nen mukaansa n\u00e4m\u00e4 lausunnot olisi tarkoitettu nimenomaan l\u00e4nsimaiselle yleis\u00f6lle.<\/p>\n<p>Pokrovskissa oli noin 60\u2009000 asukasta ennen kuin Ven\u00e4j\u00e4 aloitti hy\u00f6kk\u00e4yssotansa Ukrainaan kev\u00e4\u00e4ll\u00e4 2022.<\/p>\n<p>Kreml v\u00e4itti viestipalvelu Telegramissa, ett\u00e4 ven\u00e4l\u00e4issotilaat olivat vallanneet my\u00f6s Harkovan pohjoispuolella, l\u00e4hell\u00e4 Ven\u00e4j\u00e4n vastaista rajaa sijaitsevan Vovtshanskin kaupungin.<\/p>\n<p>Mustallamerell\u00e4 on j\u00e4lleen hy\u00f6k\u00e4tty s\u00e4ili\u00f6aluksen kimppuun, kertovat Turkin viranomaiset. Kyseess\u00e4 on jo kolmas s\u00e4ili\u00f6alus muutaman p\u00e4iv\u00e4n kuluessa, joka on joutunut hy\u00f6kk\u00e4yksen kohteeksi.<\/p>\n<p>Turkin viranomaisten mukaan Midvolga 2 -alukseen kohdistui tiistaina aamulla hy\u00f6kk\u00e4ys noin 80 merimailin p\u00e4\u00e4ss\u00e4 Turkin rannikosta. Laivan lastina on auringonkukka\u00f6ljy\u00e4, ja se on matkalla Sinopin satamaan Mustanmeren rannikolla. Aluksessa on 13 hengen miehist\u00f6.<\/p>\n<p>Laiva on viranomaisten mukaan edelleen merikelpoinen, eik\u00e4 kukaan haavoittunut hy\u00f6kk\u00e4yksess\u00e4.<\/p>\n<p>Ukrainan turvallisuusviranomaiset kertoivat uutistoimisto AFP:lle Ukrainan asevoimien olleen vastuussa aikaisemmista hy\u00f6kk\u00e4yksist\u00e4 s\u00e4ili\u00f6aluksiin. Ukrainan mukaan alukset kuuluivat Ven\u00e4j\u00e4n varjolaivastoon ja kuljettivat ven\u00e4l\u00e4ist\u00e4 \u00f6ljy\u00e4.<\/p>\n<p>Turkin presidentti Recep Tayyip Erdogan sanoi eilen pit\u00e4v\u00e4ns\u00e4 tankkerihy\u00f6kk\u00e4yksi\u00e4 &#8221;vaarallisena eskalaationa&#8221;.<\/p>\n","protected":false},"excerpt":{"rendered":"Ukrainan asevoimat kiist\u00e4\u00e4, ett\u00e4 Ven\u00e4j\u00e4 olisi vallannut Ukrainan it\u00e4osassa sijaitsevan Pokrovskin kaupungin. Ukrainan it\u00e4rintaman sotilasjohto kirjoittaa sosiaalisessa mediassa,&hellip;\n","protected":false},"author":2,"featured_media":105742,"comment_status":"","ping_status":"","sticky":false,"template":"","format":"standard","meta":{"footnotes":""},"categories":[14],"tags":[22,23,2617,26,27,33,31,30,17,24,25,121,28,29,15,18,21,637,14188,32,19,20,549,56,16,2569,2568,59,60,61],"class_list":{"0":"post-105741","1":"post","2":"type-post","3":"status-publish","4":"format-standard","5":"has-post-thumbnail","7":"category-ulkomaat","8":"tag-breaking-news","9":"tag-breakingnews","10":"tag-cnn","11":"tag-featured-news","12":"tag-featurednews","13":"tag-fi","14":"tag-finland","15":"tag-finnish","16":"tag-headlines","17":"tag-latest-news","18":"tag-latestnews","19":"tag-liikenne-ja-kuljetus","20":"tag-main-news","21":"tag-mainnews","22":"tag-news","23":"tag-otsikot","24":"tag-paauutiset","25":"tag-politiikka","26":"tag-recep-tayyip-erdogan","27":"tag-suomi","28":"tag-top-stories","29":"tag-topstories","30":"tag-ukrainan-sota","31":"tag-ulkomaat","32":"tag-uutiset","33":"tag-vesikulkuneuvot","34":"tag-vesiliikenne","35":"tag-world","36":"tag-world-news","37":"tag-worldnews"},"share_on_mastodon":{"url":"https:\/\/pubeurope.com\/@fi\/115650275841329114","error":""},"_links":{"self":[{"href":"https:\/\/www.europesays.com\/fi\/wp-json\/wp\/v2\/posts\/105741","targetHints":{"allow":["GET"]}}],"collection":[{"href":"https:\/\/www.europesays.com\/fi\/wp-json\/wp\/v2\/posts"}],"about":[{"href":"https:\/\/www.europesays.com\/fi\/wp-json\/wp\/v2\/types\/post"}],"author":[{"embeddable":true,"href":"https:\/\/www.europesays.com\/fi\/wp-json\/wp\/v2\/users\/2"}],"replies":[{"embeddable":true,"href":"https:\/\/www.europesays.com\/fi\/wp-json\/wp\/v2\/comments?post=105741"}],"version-history":[{"count":0,"href":"https:\/\/www.europesays.com\/fi\/wp-json\/wp\/v2\/posts\/105741\/revisions"}],"wp:featuredmedia":[{"embeddable":true,"href":"https:\/\/www.europesays.com\/fi\/wp-json\/wp\/v2\/media\/105742"}],"wp:attachment":[{"href":"https:\/\/www.europesays.com\/fi\/wp-json\/wp\/v2\/media?parent=105741"}],"wp:term":[{"taxonomy":"category","embeddable":true,"href":"https:\/\/www.europesays.com\/fi\/wp-json\/wp\/v2\/categories?post=105741"},{"taxonomy":"post_tag","embeddable":true,"href":"https:\/\/www.europesays.com\/fi\/wp-json\/wp\/v2\/tags?post=105741"}],"curies":[{"name":"wp","href":"https:\/\/api.w.org\/{rel}","templated":true}]}}