{"id":105743,"date":"2025-12-02T13:45:09","date_gmt":"2025-12-02T13:45:09","guid":{"rendered":"https:\/\/www.europesays.com\/fi\/105743\/"},"modified":"2025-12-02T13:45:09","modified_gmt":"2025-12-02T13:45:09","slug":"varusmies-jai-kuorma-auton-renkaan-alle-sakylassa-loukkaantui-vakavasti","status":"publish","type":"post","link":"https:\/\/www.europesays.com\/fi\/105743\/","title":{"rendered":"Varusmies j\u00e4i kuorma-auton renkaan alle S\u00e4kyl\u00e4ss\u00e4 \u2013 Loukkaantui vakavasti"},"content":{"rendered":"<p>Poliisi selvitti huhtikuisen turman syit\u00e4. Asia siirtyy seuraavaksi syyteharkintaan.<\/p>\n<p><img decoding=\"async\" class=\"image image-show image-preview\" src=\"https:\/\/www.europesays.com\/fi\/wp-content\/uploads\/2025\/12\/0f3ee126400a5fde49ccad97c45bcb6ab0dcc3b0101ed8853a8903b6a642f825.jpg\" alt=\"\"\/><img decoding=\"async\" class=\"image image-show\" src=\"https:\/\/www.europesays.com\/fi\/wp-content\/uploads\/2025\/12\/1764683109_148_0f3ee126400a5fde49ccad97c45bcb6ab0dcc3b0101ed8853a8903b6a642f825.jpg\" alt=\"\"\/><\/p>\n<p>Onnettomuus tapahtui Porin prikaatissa 16.4.2025. Kuvituskuva. JAANA LINDFORS<\/p>\n<p class=\"paragraph\">20-vuotias varusmies ajoi toisen varusmiehen p\u00e4\u00e4lle vakavin seurauksin viime huhtikuussa Porin Prikaatissa S\u00e4kyl\u00e4n varuskunnan alueella.<\/p>\n<p class=\"paragraph\">Varusmiehet olivat juuri palanneet maastoharjoituksesta, jonka varusteluhuolto oli meneill\u00e4\u00e4n kasarmin l\u00e4heisyydess\u00e4.<\/p>\n<p class=\"paragraph\">Varusmies l\u00e4hti ajamaan maastokuorma-autoa varuskunnan parkkipaikalla eik\u00e4 huomannut kahta muuta varusmiest\u00e4 auton vieress\u00e4. Varusmiehet olivat pakkaamassa naamioverkkoja.<\/p>\n<p class=\"paragraph\">Toinen varusmiehist\u00e4 huomasi auton liikkuvan ja ehti viime hetkell\u00e4 v\u00e4ist\u00e4\u00e4 sivuun, mutta toinen j\u00e4i auton oikeanpuoleisten takapy\u00f6rien alle. Loukkaantuneelle varusmiehelle annettiin paikalla ensiapua ja h\u00e4net toimitettiin sairaalahoitoon.<\/p>\n<p class=\"paragraph\">Onnettomuus tapahtui 16. huhtikuuta hieman iltaseitsem\u00e4n j\u00e4lkeen.<\/p>\n<p class=\"paragraph\">Poliisi tutki kuljettajan toimintaa liikenneturvallisuuden vaarantamisena, palvelusrikoksena ja vammantuottamuksena. Loukkaantunut varusmies ei kuitenkaan vaati rangaistusta, joten tutkinta vammantuottamuksesta p\u00e4\u00e4tettiin.<\/p>\n<p class=\"paragraph\">Seuraavaksi esitutkinta siirtyy kahden muun syytteen osalta syytt\u00e4j\u00e4lle syyteharkintaan.<\/p>\n","protected":false},"excerpt":{"rendered":"Poliisi selvitti huhtikuisen turman syit\u00e4. Asia siirtyy seuraavaksi syyteharkintaan. Onnettomuus tapahtui Porin prikaatissa 16.4.2025. Kuvituskuva. JAANA LINDFORS 20-vuotias&hellip;\n","protected":false},"author":2,"featured_media":105744,"comment_status":"","ping_status":"","sticky":false,"template":"","format":"standard","meta":{"footnotes":""},"categories":[12],"tags":[35,802,22,23,26,27,33,31,30,17,2187,24,25,121,990,28,29,15,18,21,878,32,19,20,16],"class_list":{"0":"post-105743","1":"post","2":"type-post","3":"status-publish","4":"format-standard","5":"has-post-thumbnail","7":"category-suomi","8":"tag-24h","9":"tag-armeijat-ja-aseelliset-joukot","10":"tag-breaking-news","11":"tag-breakingnews","12":"tag-featured-news","13":"tag-featurednews","14":"tag-fi","15":"tag-finland","16":"tag-finnish","17":"tag-headlines","18":"tag-kulkuneuvot","19":"tag-latest-news","20":"tag-latestnews","21":"tag-liikenne-ja-kuljetus","22":"tag-liikenneonnettomuudet","23":"tag-main-news","24":"tag-mainnews","25":"tag-news","26":"tag-otsikot","27":"tag-paauutiset","28":"tag-puolustus-ja-rajavalvonta-maanpuolustus","29":"tag-suomi","30":"tag-top-stories","31":"tag-topstories","32":"tag-uutiset"},"share_on_mastodon":{"url":"https:\/\/pubeurope.com\/@fi\/115650279990753894","error":""},"_links":{"self":[{"href":"https:\/\/www.europesays.com\/fi\/wp-json\/wp\/v2\/posts\/105743","targetHints":{"allow":["GET"]}}],"collection":[{"href":"https:\/\/www.europesays.com\/fi\/wp-json\/wp\/v2\/posts"}],"about":[{"href":"https:\/\/www.europesays.com\/fi\/wp-json\/wp\/v2\/types\/post"}],"author":[{"embeddable":true,"href":"https:\/\/www.europesays.com\/fi\/wp-json\/wp\/v2\/users\/2"}],"replies":[{"embeddable":true,"href":"https:\/\/www.europesays.com\/fi\/wp-json\/wp\/v2\/comments?post=105743"}],"version-history":[{"count":0,"href":"https:\/\/www.europesays.com\/fi\/wp-json\/wp\/v2\/posts\/105743\/revisions"}],"wp:featuredmedia":[{"embeddable":true,"href":"https:\/\/www.europesays.com\/fi\/wp-json\/wp\/v2\/media\/105744"}],"wp:attachment":[{"href":"https:\/\/www.europesays.com\/fi\/wp-json\/wp\/v2\/media?parent=105743"}],"wp:term":[{"taxonomy":"category","embeddable":true,"href":"https:\/\/www.europesays.com\/fi\/wp-json\/wp\/v2\/categories?post=105743"},{"taxonomy":"post_tag","embeddable":true,"href":"https:\/\/www.europesays.com\/fi\/wp-json\/wp\/v2\/tags?post=105743"}],"curies":[{"name":"wp","href":"https:\/\/api.w.org\/{rel}","templated":true}]}}