{"id":105745,"date":"2025-12-02T13:46:10","date_gmt":"2025-12-02T13:46:10","guid":{"rendered":"https:\/\/www.europesays.com\/fi\/105745\/"},"modified":"2025-12-02T13:46:10","modified_gmt":"2025-12-02T13:46:10","slug":"venalaisten-paluu-nain-kommentoi-suomen-paavalmentaja","status":"publish","type":"post","link":"https:\/\/www.europesays.com\/fi\/105745\/","title":{"rendered":"Ven\u00e4l\u00e4isten paluu \u2013 N\u00e4in kommentoi Suomen p\u00e4\u00e4valmentaja"},"content":{"rendered":"<p>Miten olympialaisiin osallistuvien ven\u00e4l\u00e4isten ja valkoven\u00e4l\u00e4isten urheilijoiden dopingtestaus hoidetaan tasapuolisesti muihin urheilijoihin verrattuna?<\/p>\n<p><img decoding=\"async\" class=\"image image-show image-preview\" src=\"https:\/\/www.europesays.com\/fi\/wp-content\/uploads\/2025\/12\/0bbb185cd3fa8f247b23b09571fb60f525afaa1873566d17a7520cb3b8c04fbb.jpg\" alt=\"\"\/><img decoding=\"async\" class=\"image image-show\" src=\"https:\/\/www.europesays.com\/fi\/wp-content\/uploads\/2025\/12\/1764683168_712_0bbb185cd3fa8f247b23b09571fb60f525afaa1873566d17a7520cb3b8c04fbb.jpg\" alt=\"\"\/><\/p>\n<p>Veronika Stepanova saattaa kilpailla Milanon olympialaisissa. EPA \/ AOP<\/p>\n<p class=\"paragraph\">Cas eli urheilun kansainv\u00e4linen vetoomustuomioistuin p\u00e4\u00e4tti, ett\u00e4 ven\u00e4l\u00e4iset ja valkoven\u00e4l\u00e4iset maastohiiht\u00e4j\u00e4t, lumilautailijat, m\u00e4kihypp\u00e4\u00e4j\u00e4t sek\u00e4 freestylehiiht\u00e4j\u00e4t, jotka t\u00e4ytt\u00e4v\u00e4t Kansainv\u00e4lisen olympiakomitean kriteerit, saavat osallistua ensi helmikuussa j\u00e4rjestett\u00e4viin talviolympialaisiin neutraaleina urheilijoina.<\/p>\n<p class=\"paragraph\">Casin p\u00e4\u00e4t\u00f6s tarkoittaa, ett\u00e4 urheilijat saavat osallistua my\u00f6s maailmancupeihin.<\/p>\n<p class=\"paragraph\">P\u00e4\u00e4t\u00f6s l\u00f6i \u00e4llik\u00e4ll\u00e4 muun muassa Suomen maastohiiht\u00e4jien p\u00e4\u00e4valmentajan <strong>Teemu Pasasen<\/strong>.<\/p>\n<p class=\"paragraph\"><strong>Onko p\u00e4\u00e4t\u00f6s mielest\u00e4si oikein vai v\u00e4\u00e4rin?<\/strong><\/p>\n<p class=\"paragraph\">\u2013 En ota siihen kantaa, muut tahot p\u00e4\u00e4tt\u00e4\u00e4 n\u00e4m\u00e4. T\u00e4t\u00e4 koko asiaa ei meill\u00e4 ole isommin mietitty. Ihan juuri luin asiasta lehdest\u00e4, kun soitit.<\/p>\n<p class=\"paragraph\">\u2013 Ensimm\u00e4isen\u00e4 tulee mieleen, ett\u00e4 miten ne aikovat maapaikat ven\u00e4l\u00e4isille jakaa? K\u00e4sitt\u00e4isin, ett\u00e4 heill\u00e4 on yksi paikka miehiss\u00e4 ja yksi paikka naisissa, eli saman verran paikkoja kuin pienill\u00e4 hiihtomailla.<\/p>\n<p class=\"paragraph\">\u2013 Eih\u00e4n heill\u00e4 ole rankingpisteit\u00e4 viime vuodelta, Pasanen jatkaa.<\/p>\n<p>Muilta pois?<\/p>\n<p>P\u00e4\u00e4valmentja Teemu Pasasen mieless\u00e4 oli monta asiaa, kun h\u00e4n kuuli ven\u00e4l\u00e4isten ja valkoven\u00e4l\u00e4isten urheilijoiden saaneet osallistumisoikeuden olympialaisiin. PASI LIESIMAA<\/p>\n<p class=\"paragraph\">Pasanen miettii maapaikka-asiaa viel\u00e4 lis\u00e4\u00e4.<\/p>\n<p class=\"paragraph\">\u2013 Jos heille annetaan vaikka naisissa t\u00e4ydet kahdeksan paikkaa, se voi olla muilta pois, muiden maiden kiinti\u00f6st\u00e4. Naisissa kahdeksan maapaikkaa on Suomella, Norjalla, Yhdysvalloilla, Saksalla, ja Ruotsilla. Muilla on v\u00e4hemm\u00e4n paikkoja.<\/p>\n<p class=\"paragraph\">\u2013 Miehiss\u00e4 ei kenell\u00e4k\u00e4\u00e4n ole kahdeksaa maapaikkaa, koska urheilijoita on niin paljon. Noin 70 maalla on se yksi paikka, ja seitsem\u00e4n paikkaa on Norjalla, Ranskalla, Suomella ja Ruotsilla. Toivottavasti ei menn\u00e4 siihen, ett\u00e4 muilta otetaan paikkoja pois ja annetaan n\u00e4ille maille, Pasanen sanoo.<\/p>\n<p>Dopingtestaus?<\/p>\n<p class=\"paragraph\">Cas siis antoi oman suosituksensa ven\u00e4l\u00e4isten ja valkoven\u00e4l\u00e4isten urheilijoiden olympiaosallistumisesta. Kansainv\u00e4linen hiihtoliitto Fis ryhtyy pian toimiin neutraalien urheilijoiden osallistumisen mahdollistamiseksi Fisin alaisiin tapahtumiin.<\/p>\n<p class=\"paragraph\">Valtava kysymys on ven\u00e4l\u00e4isten ja valkoven\u00e4l\u00e4isten urheilijoiden dopingtestaus.<\/p>\n<p class=\"paragraph\">\u2013 Ep\u00e4ilen, ett\u00e4 n\u00e4it\u00e4 urheilijoita ei ole hirve\u00e4sti viime aikoina testattu. S\u00e4\u00e4nt\u00f6h\u00e4n on, ett\u00e4 puoli vuotta ennen arvokisoja pit\u00e4isi olla testauksen piiriss\u00e4 ja urheilija saatavilla testiin. V\u00e4hint\u00e4\u00e4n puoli vuotta. T\u00e4ss\u00e4 on pari kuukautta olympialaisiin, Pasanen toteaa ja painottaa olevansa t\u00e4ss\u00e4 asiakokonaisuudessa viel\u00e4 lehtitietojen varassa.<\/p>\n<p class=\"paragraph\">Kansainv\u00e4lisen hiihtoliiton Fisin hallituksen j\u00e4sen <strong>Martti Uusitalo<\/strong> kertoi tiistaina iltap\u00e4iv\u00e4ll\u00e4, ett\u00e4 ven\u00e4l\u00e4isten urheilijoiden dopingtestausasiat ovat kunnossa.<\/p>\n<p><a href=\"https:\/\/www.iltalehti.fi\/telkku\/?utm_source=iltalehti.fi&amp;utm_medium=almainternal&amp;utm_campaign=urheilu_artikkelibanneri&amp;utm_content=banner_612_a\" rel=\"nofollow noopener\" target=\"_blank\"><img decoding=\"async\" src=\"https:\/\/www.europesays.com\/fi\/wp-content\/uploads\/2025\/08\/7ef604e47d46ca174b7df4149bd3557dbde56a86d520f8e1b2125548b0a2e03a.png\" alt=\"TV-ohjelmat t\u00e4n\u00e4\u00e4n, TV-opas\"\/><\/a><\/p>\n","protected":false},"excerpt":{"rendered":"Miten olympialaisiin osallistuvien ven\u00e4l\u00e4isten ja valkoven\u00e4l\u00e4isten urheilijoiden dopingtestaus hoidetaan tasapuolisesti muihin urheilijoihin verrattuna? Veronika Stepanova saattaa kilpailla Milanon&hellip;\n","protected":false},"author":2,"featured_media":105746,"comment_status":"","ping_status":"","sticky":false,"template":"","format":"standard","meta":{"footnotes":""},"categories":[5],"tags":[35,22,23,26,27,33,31,30,17,2096,24,25,41,28,29,15,18,21,2668,32,1145,19,20,161,16],"class_list":{"0":"post-105745","1":"post","2":"type-post","3":"status-publish","4":"format-standard","5":"has-post-thumbnail","7":"category-otsikot","8":"tag-24h","9":"tag-breaking-news","10":"tag-breakingnews","11":"tag-featured-news","12":"tag-featurednews","13":"tag-fi","14":"tag-finland","15":"tag-finnish","16":"tag-headlines","17":"tag-hiihtolajit","18":"tag-latest-news","19":"tag-latestnews","20":"tag-liikunta-ja-urheilu","21":"tag-main-news","22":"tag-mainnews","23":"tag-news","24":"tag-otsikot","25":"tag-paauutiset","26":"tag-pohjoismaiset-hiihtolajit","27":"tag-suomi","28":"tag-talviurheilu","29":"tag-top-stories","30":"tag-topstories","31":"tag-urheilutapahtumat","32":"tag-uutiset"},"share_on_mastodon":{"url":"https:\/\/pubeurope.com\/@fi\/115650283893022972","error":""},"_links":{"self":[{"href":"https:\/\/www.europesays.com\/fi\/wp-json\/wp\/v2\/posts\/105745","targetHints":{"allow":["GET"]}}],"collection":[{"href":"https:\/\/www.europesays.com\/fi\/wp-json\/wp\/v2\/posts"}],"about":[{"href":"https:\/\/www.europesays.com\/fi\/wp-json\/wp\/v2\/types\/post"}],"author":[{"embeddable":true,"href":"https:\/\/www.europesays.com\/fi\/wp-json\/wp\/v2\/users\/2"}],"replies":[{"embeddable":true,"href":"https:\/\/www.europesays.com\/fi\/wp-json\/wp\/v2\/comments?post=105745"}],"version-history":[{"count":0,"href":"https:\/\/www.europesays.com\/fi\/wp-json\/wp\/v2\/posts\/105745\/revisions"}],"wp:featuredmedia":[{"embeddable":true,"href":"https:\/\/www.europesays.com\/fi\/wp-json\/wp\/v2\/media\/105746"}],"wp:attachment":[{"href":"https:\/\/www.europesays.com\/fi\/wp-json\/wp\/v2\/media?parent=105745"}],"wp:term":[{"taxonomy":"category","embeddable":true,"href":"https:\/\/www.europesays.com\/fi\/wp-json\/wp\/v2\/categories?post=105745"},{"taxonomy":"post_tag","embeddable":true,"href":"https:\/\/www.europesays.com\/fi\/wp-json\/wp\/v2\/tags?post=105745"}],"curies":[{"name":"wp","href":"https:\/\/api.w.org\/{rel}","templated":true}]}}