{"id":105747,"date":"2025-12-02T13:58:09","date_gmt":"2025-12-02T13:58:09","guid":{"rendered":"https:\/\/www.europesays.com\/fi\/105747\/"},"modified":"2025-12-02T13:58:09","modified_gmt":"2025-12-02T13:58:09","slug":"robin-harju-palkittiin-elaman-liekki-palkinnolla","status":"publish","type":"post","link":"https:\/\/www.europesays.com\/fi\/105747\/","title":{"rendered":"Robin Harju palkittiin El\u00e4m\u00e4n liekki -palkinnolla"},"content":{"rendered":"<p>L\u00e4hell\u00e4 olleessa talossa riehui tulipalo.<\/p>\n<p class=\"article-body mb-nof-24 px-nof-16\">Helsingin pelastuslaitos tiedottaa palkinneensa <a class=\"article-personlink\" href=\"https:\/\/www.is.fi\/haku\/?query=Robin%20Harjun\" rel=\"nofollow noopener\" target=\"_blank\">Robin Harjun<\/a> El\u00e4m\u00e4n liekki -palkinnolla. Harju pelasti i\u00e4kk\u00e4\u00e4n miehen palavasta asunnosta lokakuun lopussa.<\/p>\n<p class=\"article-body mb-nof-24 px-nof-16\">Lipputankoyritt\u00e4j\u00e4 Harju oli huoltoteht\u00e4v\u00e4ll\u00e4 Helsingiss\u00e4 Mellunkyl\u00e4n asuinalueella, kun h\u00e4n kuuli avunhuutoja. L\u00e4hell\u00e4 olevassa talossa paloi ja sen asukas huusi apua.<\/p>\n<p class=\"article-body mb-nof-24 px-nof-16\">Harju huomasi savua, jota tuli ulos asunnosta. H\u00e4n p\u00e4\u00e4si sis\u00e4\u00e4n ensimm\u00e4isen kerroksen asuntoon terassin kautta. Sis\u00e4ll\u00e4 oli i\u00e4k\u00e4s mies, joka ei p\u00e4\u00e4ssyt ulos omin voimin savun t\u00e4ytt\u00e4m\u00e4st\u00e4 asunnosta.<\/p>\n<p class=\"article-body mb-nof-24 px-nof-16\">\u2013 Autoin ensin miehen ulos. Sitten hain autosta sammuttimen ja sammutin lieden p\u00e4\u00e4ll\u00e4 palavat tavarat ja lieden levyt. Sen j\u00e4lkeen soitin h\u00e4t\u00e4keskukseen, Harju kertaa tapahtunutta tiedotteessa.<\/p>\n<p class=\"article-body mb-nof-24 px-nof-16\">Mellunkyl\u00e4n pelastusaseman kakkosvuoron paloesimies <a class=\"article-personlink\" href=\"https:\/\/www.is.fi\/haku\/?query=Juha%20Westermark\" rel=\"nofollow noopener\" target=\"_blank\">Juha Westermark<\/a> kertoo, ett\u00e4 pelastusyksik\u00f6n saapuessa tapahtumapaikalle Harju oli k\u00e4yt\u00e4nn\u00f6ss\u00e4 jo sammuttanut palon.<\/p>\n<p class=\"article-body mb-nof-24 px-nof-16\">Harju itse kertoo olleensa tyytyv\u00e4inen omaan toimintaansa.<\/p>\n<p class=\"article-body mb-nof-24 px-nof-16\">\u2013 Olin kyll\u00e4 tyytyv\u00e4inen, kun huomasin, ett\u00e4 pystyn toimimaan tiukassa tilanteessa. Heti tilanteen j\u00e4lkeen syke oli korkealla, mutta tuli hyv\u00e4 olo, h\u00e4n jatkaa.<\/p>\n<p class=\"article-body mb-nof-24 px-nof-16\">Pelastuskomentaja <a class=\"article-personlink\" href=\"https:\/\/www.is.fi\/haku\/?query=Jani%20Pitk%C3%A4nen\" rel=\"nofollow noopener\" target=\"_blank\">Jani Pitk\u00e4nen<\/a> luovutti huomionosoituksen Harjulle yhdess\u00e4 tapahtumapaikalla olleen Westermarkin kanssa.<\/p>\n<p class=\"article-body mb-nof-24 px-nof-16\">Helsingin pelastuslaitos my\u00f6nt\u00e4\u00e4 El\u00e4m\u00e4n liekki -tunnustuksen henkil\u00f6lle, joka on toiminnallaan todenn\u00e4k\u00f6isesti est\u00e4nyt toisen ihmisen kuoleman tai vakavan vammautumisen. Henkil\u00f6 on asettanut oman terveytens\u00e4 ja turvallisuutensa vaaraan pelastaessaan toisen ihmisen. Tunnustuksen saava henkil\u00f6 on pelastuslaitoksen mukaan osoittanut erityist\u00e4 rohkeutta ja neuvokkuutta.<\/p>\n<p class=\"article-body nof-ui-body-medium mb-nof-24 px-nof-16\">Oikaisu 2.12.2025 kello 11.53: Robin Harju ei ole huoltomies vaan lipputankoyritt\u00e4j\u00e4. H\u00e4n oli huoltoteht\u00e4v\u00e4ll\u00e4 kuullessaan avunhuutoja.<\/p>\n","protected":false},"excerpt":{"rendered":"L\u00e4hell\u00e4 olleessa talossa riehui tulipalo. Helsingin pelastuslaitos tiedottaa palkinneensa Robin Harjun El\u00e4m\u00e4n liekki -palkinnolla. Harju pelasti i\u00e4kk\u00e4\u00e4n miehen&hellip;\n","protected":false},"author":2,"featured_media":105748,"comment_status":"","ping_status":"","sticky":false,"template":"","format":"standard","meta":{"footnotes":""},"categories":[136],"tags":[407,137,33,31,30,34,408,32,109],"class_list":{"0":"post-105747","1":"post","2":"type-post","3":"status-publish","4":"format-standard","5":"has-post-thumbnail","7":"category-julkkikset","8":"tag-celebrities","9":"tag-entertainment","10":"tag-fi","11":"tag-finland","12":"tag-finnish","13":"tag-ilta-sanomat","14":"tag-julkkikset","15":"tag-suomi","16":"tag-viihde"},"share_on_mastodon":{"url":"https:\/\/pubeurope.com\/@fi\/115650330840286344","error":""},"_links":{"self":[{"href":"https:\/\/www.europesays.com\/fi\/wp-json\/wp\/v2\/posts\/105747","targetHints":{"allow":["GET"]}}],"collection":[{"href":"https:\/\/www.europesays.com\/fi\/wp-json\/wp\/v2\/posts"}],"about":[{"href":"https:\/\/www.europesays.com\/fi\/wp-json\/wp\/v2\/types\/post"}],"author":[{"embeddable":true,"href":"https:\/\/www.europesays.com\/fi\/wp-json\/wp\/v2\/users\/2"}],"replies":[{"embeddable":true,"href":"https:\/\/www.europesays.com\/fi\/wp-json\/wp\/v2\/comments?post=105747"}],"version-history":[{"count":0,"href":"https:\/\/www.europesays.com\/fi\/wp-json\/wp\/v2\/posts\/105747\/revisions"}],"wp:featuredmedia":[{"embeddable":true,"href":"https:\/\/www.europesays.com\/fi\/wp-json\/wp\/v2\/media\/105748"}],"wp:attachment":[{"href":"https:\/\/www.europesays.com\/fi\/wp-json\/wp\/v2\/media?parent=105747"}],"wp:term":[{"taxonomy":"category","embeddable":true,"href":"https:\/\/www.europesays.com\/fi\/wp-json\/wp\/v2\/categories?post=105747"},{"taxonomy":"post_tag","embeddable":true,"href":"https:\/\/www.europesays.com\/fi\/wp-json\/wp\/v2\/tags?post=105747"}],"curies":[{"name":"wp","href":"https:\/\/api.w.org\/{rel}","templated":true}]}}