{"id":105759,"date":"2025-12-02T14:12:13","date_gmt":"2025-12-02T14:12:13","guid":{"rendered":"https:\/\/www.europesays.com\/fi\/105759\/"},"modified":"2025-12-02T14:12:13","modified_gmt":"2025-12-02T14:12:13","slug":"sarjavalittaja-uhkasi-jumittaa-jattihankkeen-tampereella-sitten-kummola-paatti-tavata-hanet","status":"publish","type":"post","link":"https:\/\/www.europesays.com\/fi\/105759\/","title":{"rendered":"Sarjavalittaja uhkasi jumittaa j\u00e4ttihankkeen Tampereella \u2013 Sitten Kummola p\u00e4\u00e4tti tavata h\u00e4net"},"content":{"rendered":"<p>Tampereen edellinen pormestari Kalervo Kummola (kok.) keskusteli kev\u00e4\u00e4ll\u00e4 sarjavalittajan kanssa. Tarkoitus oli saada valitukset tyrehtym\u00e4\u00e4n, sill\u00e4 iso tulevaisuuden energiahanke oli viiv\u00e4stym\u00e4ss\u00e4 sarjavalittajan oikaisuvaatimuksen vuoksi.<\/p>\n<p class=\"article-body mb-nof-24 px-nof-16\">Aamulehti<\/p>\n<p class=\"article-body mb-nof-24 px-nof-16\">Iso tulevaisuuden hanke uhkasi viiv\u00e4sty\u00e4 yritystontin vuokrauksesta tehdyn oikaisuvaatimuksen vuoksi viime kev\u00e4\u00e4n\u00e4 Tampereella. Valittaja oli sama henkil\u00f6, joka oli siihen menness\u00e4 tehnyt kymmeni\u00e4 oikaisuvaatimuksia.<\/p>\n<p class=\"article-body mb-nof-24 px-nof-16\">Tampereen edellinen pormestari <a class=\"article-personlink\" href=\"https:\/\/www.aamulehti.fi\/haku\/?query=Kalervo%20Kummola\" rel=\"nofollow noopener\" target=\"_blank\">Kalervo Kummola<\/a> (kok.) p\u00e4\u00e4tti tavata miehen. H\u00e4n kertoo nyt Aamulehdelle, miten valitukset yritettiin saada tyrehtym\u00e4\u00e4n kev\u00e4\u00e4ll\u00e4 2025.<\/p>\n","protected":false},"excerpt":{"rendered":"Tampereen edellinen pormestari Kalervo Kummola (kok.) keskusteli kev\u00e4\u00e4ll\u00e4 sarjavalittajan kanssa. Tarkoitus oli saada valitukset tyrehtym\u00e4\u00e4n, sill\u00e4 iso tulevaisuuden&hellip;\n","protected":false},"author":2,"featured_media":105760,"comment_status":"","ping_status":"","sticky":false,"template":"","format":"standard","meta":{"footnotes":""},"categories":[5],"tags":[157,22,23,26,27,33,31,30,17,24,25,28,29,15,18,21,32,19,20,16],"class_list":{"0":"post-105759","1":"post","2":"type-post","3":"status-publish","4":"format-standard","5":"has-post-thumbnail","7":"category-otsikot","8":"tag-aamulehti","9":"tag-breaking-news","10":"tag-breakingnews","11":"tag-featured-news","12":"tag-featurednews","13":"tag-fi","14":"tag-finland","15":"tag-finnish","16":"tag-headlines","17":"tag-latest-news","18":"tag-latestnews","19":"tag-main-news","20":"tag-mainnews","21":"tag-news","22":"tag-otsikot","23":"tag-paauutiset","24":"tag-suomi","25":"tag-top-stories","26":"tag-topstories","27":"tag-uutiset"},"share_on_mastodon":{"url":"https:\/\/pubeurope.com\/@fi\/115650385849202837","error":""},"_links":{"self":[{"href":"https:\/\/www.europesays.com\/fi\/wp-json\/wp\/v2\/posts\/105759","targetHints":{"allow":["GET"]}}],"collection":[{"href":"https:\/\/www.europesays.com\/fi\/wp-json\/wp\/v2\/posts"}],"about":[{"href":"https:\/\/www.europesays.com\/fi\/wp-json\/wp\/v2\/types\/post"}],"author":[{"embeddable":true,"href":"https:\/\/www.europesays.com\/fi\/wp-json\/wp\/v2\/users\/2"}],"replies":[{"embeddable":true,"href":"https:\/\/www.europesays.com\/fi\/wp-json\/wp\/v2\/comments?post=105759"}],"version-history":[{"count":0,"href":"https:\/\/www.europesays.com\/fi\/wp-json\/wp\/v2\/posts\/105759\/revisions"}],"wp:featuredmedia":[{"embeddable":true,"href":"https:\/\/www.europesays.com\/fi\/wp-json\/wp\/v2\/media\/105760"}],"wp:attachment":[{"href":"https:\/\/www.europesays.com\/fi\/wp-json\/wp\/v2\/media?parent=105759"}],"wp:term":[{"taxonomy":"category","embeddable":true,"href":"https:\/\/www.europesays.com\/fi\/wp-json\/wp\/v2\/categories?post=105759"},{"taxonomy":"post_tag","embeddable":true,"href":"https:\/\/www.europesays.com\/fi\/wp-json\/wp\/v2\/tags?post=105759"}],"curies":[{"name":"wp","href":"https:\/\/api.w.org\/{rel}","templated":true}]}}