{"id":105761,"date":"2025-12-02T14:24:11","date_gmt":"2025-12-02T14:24:11","guid":{"rendered":"https:\/\/www.europesays.com\/fi\/105761\/"},"modified":"2025-12-02T14:24:11","modified_gmt":"2025-12-02T14:24:11","slug":"naisongelmistaan-avautunut-jp-kukkonen-hempeilee-jalleen-nayttava-blondi-kainalossa","status":"publish","type":"post","link":"https:\/\/www.europesays.com\/fi\/105761\/","title":{"rendered":"Naisongelmistaan avautunut JP Kukkonen hempeilee j\u00e4lleen &#8211; n\u00e4ytt\u00e4v\u00e4 blondi kainalossa"},"content":{"rendered":"<p>            PANU H\u00d6RKK\u00d6\n        <\/p>\n<p class=\"subtitle \">Kauramiljon\u00e4\u00e4ri haluaa osoittaa maailmalle l\u00f6yt\u00e4neens\u00e4 j\u00e4lleen seuraa.<\/p>\n<p class=\"article-content article-content-width !bg-background\">Kohumiljon\u00e4\u00e4ri  nauttii seuralaisensa kanssa romanttisesta Roomasta.<\/p>\n<p class=\"font-weight-bold m-font-weight-bold article-content article-content-width !bg-background\">JP Kukkonen her\u00e4tti huomiota helsinkil\u00e4isravintolan edustalla:<\/p>\n<p class=\"article-content article-content-width !bg-background\">JP her\u00e4tteli viikonloppuna someseuraajiaan tutun n\u00e4k\u00f6isill\u00e4 p\u00e4ivityksill\u00e4. Juha-Petterin Instagram-tilille ilmestyi kuvia ja videoita, joissa h\u00e4n oli valmistautumassa ulkomaan reissuun.<\/p>\n<p>        <a itemprop=\"url\" href=\"https:\/\/www.seiska.fi\/rikos\/yllatyskaanne-jp-kukkosen-oikeudenkaynnissa\/1985105\" rel=\"nofollow noopener\" target=\"_blank\"><\/p>\n<p>\nJP Kukkosen oikeudenk\u00e4ynti\n<\/p>\n<p class=\"section-date\">\n        <strong class=\"article-section\" data-section=\"rikos\"><br \/>\n            rikos<br \/>\n        <\/strong><br \/>\n        6.11. 12:02\n    <\/p>\n<p>Yll\u00e4tysk\u00e4\u00e4nne JP Kukkosen oikeudenk\u00e4ynniss\u00e4\n    <\/p>\n<p itemprop=\"description\" class=\"subtitle \">\n    Liikemiehen oli m\u00e4\u00e4r\u00e4 edustaa oikeudessa torstaina 6. marraskuuta.\n<\/p>\n<p>        <\/a><\/p>\n<p class=\"article-content article-content-width !bg-background\">Pian julkaisuista selvisi, ett\u00e4 JP ei ollut l\u00e4hd\u00f6ss\u00e4 matkalleen yksin. H\u00e4nen vierell\u00e4\u00e4n istui lentokoneessa naispuolinen henkil\u00f6, jonka k\u00e4dest\u00e4 Kukkonen piti hempe\u00e4sti kiinni.<\/p>\n<p class=\"article-content article-content-width !bg-background\">Kun JP oli laskeutunut mystisen seuralaisensa kanssa kohteeseen, herra rupesi paukuttamaan reissusta materiaalia somekanavalleen. Nopeasti paljastuikin, ett\u00e4 Kukkonen oli majoittunut Italian Roomassa sijaitsevaan luksushotelliin.<\/p>\n<p>                <img decoding=\"async\" src=\"https:\/\/www.europesays.com\/fi\/wp-content\/uploads\/2025\/12\/2008755.webp\" width=\"576\" height=\"538\" alt=\"Viel\u00e4 elokuussa JP nautti lomailusta tummatukkaisen kaunottaren seurassa.\" loading=\"lazy\" \/>            <\/p>\n<p>\n            Viel\u00e4 elokuussa JP nautti lomailusta tummatukkaisen kaunottaren seurassa.<br \/>\n            PANU H\u00d6RKK\u00d6\n        <\/p>\n<p class=\"article-content article-content-width !bg-background\">JP onkin julkaissut matkaltaan useita kuvia ja videoita, joissa h\u00e4n istuu vaaleatukkaisen kaunottaren kanssa illallisella, nautiskelee \u00f6kyhotellin aamiaista ja suuntaa leidin kanssa majapaikkansa kylpyl\u00e4osastolle. Julkaisemallaan videolla JP k\u00e4velee naisyst\u00e4v\u00e4ns\u00e4 kanssa k\u00e4sikk\u00e4in.<\/p>\n<p>Tuttu kaava<\/p>\n<p class=\"article-content article-content-width !bg-background\">Kaurakunkku on ollut menneisyydess\u00e4\u00e4n erityisen avoin naisseikkailuistaan. Tutuksi kuvioksi on muodostunut, ett\u00e4 JP l\u00e4htee uusien tuttavuuksiensa kanssa reissun p\u00e4\u00e4lle ja julkaisee matkoilta someensa hempeit\u00e4 kuvia ja videoita.\u00a0<\/p>\n<p>        <a itemprop=\"url\" href=\"https:\/\/www.seiska.fi\/kotimaa\/il-jp-kukkonen-avautuu-riippuvuudestaan\/2002648\" rel=\"nofollow noopener\" target=\"_blank\"><\/p>\n<p>\nIL:\n<\/p>\n<p class=\"section-date\">\n        <strong class=\"article-section\" data-section=\"kotimaa\"><br \/>\n            kotimaa<br \/>\n        <\/strong><br \/>\n        24.11. 18:30\n    <\/p>\n<p>IL: JP Kukkonen avautuu riippuvuudestaan\n    <\/p>\n<p itemprop=\"description\" class=\"subtitle \">\n    Kauramiljon\u00e4\u00e4rin naiskuviot ovat her\u00e4tt\u00e4neet viime vuosina runsaasti huomiota.\n<\/p>\n<p>        <\/a><\/p>\n<p class=\"article-content article-content-width !bg-background\">Vasta viime viikolla Juha-Petteri antoi Iltalehdelle haastattelun, jossa h\u00e4n avautui naisongelmistaan. Mies kertoi k\u00e4yneens\u00e4 terapiassa juttelemassa muun muassa l\u00e4heisriippuvuudestaan.<\/p>\n<p class=\"article-content article-content-width !bg-background\">\u2013 Olen ollut melkein aina yhdess\u00e4 jonkun kanssa. En ole osannut olla yksin. Nyt olen opetellut sit\u00e4, Kukkonen kertoi.<\/p>\n<p class=\"article-content article-content-width !bg-background\">Syyskuussa JP kertoi Seiskalle olevansa sinkku, mutta onko asiaan tullut my\u00f6hemmin muutos?<\/p>\n<p>                <img decoding=\"async\" src=\"https:\/\/www.europesays.com\/fi\/wp-content\/uploads\/2025\/12\/2008757.webp\" width=\"576\" height=\"293\" alt=\"Kukkonen on joutunut istumaan naiskuvioidensa vuoksi my\u00f6s oikeudessa.\" loading=\"lazy\" \/>            <\/p>\n<p>\n            Kukkonen on joutunut istumaan naiskuvioidensa vuoksi my\u00f6s oikeudessa.<br \/>\n            Panu H\u00f6rkk\u00f6\n        <\/p>\n","protected":false},"excerpt":{"rendered":"PANU H\u00d6RKK\u00d6 Kauramiljon\u00e4\u00e4ri haluaa osoittaa maailmalle l\u00f6yt\u00e4neens\u00e4 j\u00e4lleen seuraa. Kohumiljon\u00e4\u00e4ri nauttii seuralaisensa kanssa romanttisesta Roomasta. JP Kukkonen her\u00e4tti&hellip;\n","protected":false},"author":2,"featured_media":105762,"comment_status":"","ping_status":"","sticky":false,"template":"","format":"standard","meta":{"footnotes":""},"categories":[136],"tags":[407,137,33,31,30,10929,408,19130,16466,19920,8627,651,32,109],"class_list":{"0":"post-105761","1":"post","2":"type-post","3":"status-publish","4":"format-standard","5":"has-post-thumbnail","7":"category-julkkikset","8":"tag-celebrities","9":"tag-entertainment","10":"tag-fi","11":"tag-finland","12":"tag-finnish","13":"tag-juha-petteri-kukkonen","14":"tag-julkkikset","15":"tag-laheisriippuvuus","16":"tag-luksushotelli","17":"tag-naisystava","18":"tag-rooma","19":"tag-suhteet","20":"tag-suomi","21":"tag-viihde"},"share_on_mastodon":{"url":"https:\/\/pubeurope.com\/@fi\/115650433287513331","error":""},"_links":{"self":[{"href":"https:\/\/www.europesays.com\/fi\/wp-json\/wp\/v2\/posts\/105761","targetHints":{"allow":["GET"]}}],"collection":[{"href":"https:\/\/www.europesays.com\/fi\/wp-json\/wp\/v2\/posts"}],"about":[{"href":"https:\/\/www.europesays.com\/fi\/wp-json\/wp\/v2\/types\/post"}],"author":[{"embeddable":true,"href":"https:\/\/www.europesays.com\/fi\/wp-json\/wp\/v2\/users\/2"}],"replies":[{"embeddable":true,"href":"https:\/\/www.europesays.com\/fi\/wp-json\/wp\/v2\/comments?post=105761"}],"version-history":[{"count":0,"href":"https:\/\/www.europesays.com\/fi\/wp-json\/wp\/v2\/posts\/105761\/revisions"}],"wp:featuredmedia":[{"embeddable":true,"href":"https:\/\/www.europesays.com\/fi\/wp-json\/wp\/v2\/media\/105762"}],"wp:attachment":[{"href":"https:\/\/www.europesays.com\/fi\/wp-json\/wp\/v2\/media?parent=105761"}],"wp:term":[{"taxonomy":"category","embeddable":true,"href":"https:\/\/www.europesays.com\/fi\/wp-json\/wp\/v2\/categories?post=105761"},{"taxonomy":"post_tag","embeddable":true,"href":"https:\/\/www.europesays.com\/fi\/wp-json\/wp\/v2\/tags?post=105761"}],"curies":[{"name":"wp","href":"https:\/\/api.w.org\/{rel}","templated":true}]}}