{"id":105765,"date":"2025-12-02T14:32:12","date_gmt":"2025-12-02T14:32:12","guid":{"rendered":"https:\/\/www.europesays.com\/fi\/105765\/"},"modified":"2025-12-02T14:32:12","modified_gmt":"2025-12-02T14:32:12","slug":"remontti-valmistui-aki-manninen-julkaisi-alastonkuvan","status":"publish","type":"post","link":"https:\/\/www.europesays.com\/fi\/105765\/","title":{"rendered":"Remontti valmistui: Aki Manninen julkaisi alastonkuvan"},"content":{"rendered":"<p>            HEIDI HEIKKILA\n        <\/p>\n<p class=\"subtitle \">Akin julkaisema kuva koettelee Instagramin rajoja.<\/p>\n<p class=\"article-content article-content-width !bg-background\">Harva tosi-tv:st\u00e4k\u00e4\u00e4n tuttu pariskunta jakaa yht\u00e4 paljon mielipiteit\u00e4 kuin  ja .\u00a0<\/p>\n<p class=\"font-weight-bold m-font-weight-bold article-content article-content-width !bg-background\">Video: Ritan ja Akin vauvahaaveet:<\/p>\n<p class=\"article-content article-content-width !bg-background\">Temptation Island Suomi -visiittins\u00e4 j\u00e4lkeen Aki ja Rita on keitetty monessa liemess\u00e4. <a href=\"https:\/\/www.seiska.fi\/kotimaa\/akin-ja-ritan-firman-talousluvut-julki-rajua-ryopytysta-jumalauta\/1455279\" target=\"_blank\" rel=\"nofollow noopener\">Kaksikon hyvinvointibisneksen py\u00f6riv\u00e4t varsin mukavasti<\/a>, mutta enemm\u00e4n palstatilaa he ovat saaneet kuitenkin erilaisten somekohujen my\u00f6t\u00e4.\u00a0<\/p>\n<p>        <a itemprop=\"url\" href=\"https:\/\/www.seiska.fi\/kotimaa\/rita-niemi-manninen-sai-julmaa-palautetta-lopettakaa\/1475277\" rel=\"nofollow noopener\" target=\"_blank\"><\/p>\n<p class=\"section-date\">\n        <strong class=\"article-section\" data-section=\"kotimaa\"><br \/>\n            kotimaa<br \/>\n        <\/strong><br \/>\n        2.10.2024 08:33\n    <\/p>\n<p>Rita Niemi-Manninen sai julmaa palautetta: &#8221;Lopettakaa!&#8221;\n    <\/p>\n<p itemprop=\"description\" class=\"subtitle \">\n    Julkisuus ei ole p\u00e4\u00e4st\u00e4nyt Mannisten perhett\u00e4 aina helpolla.\n<\/p>\n<p>        <\/a><\/p>\n<p>Rikosilmoitus<\/p>\n<p class=\"article-content article-content-width !bg-background\">Viimeisin kohu syntyi, kun Rita vieraili lapsuutensa maisemissa parin -tytt\u00e4ren kanssa. Ritan sosiaaliseen mediaan jakamat tunnelmat entiselt\u00e4 kotitalolta ja asuinalueelta saivat nihke\u00e4n vastaanoton.\u00a0<\/p>\n<p>                <img decoding=\"async\" src=\"https:\/\/www.europesays.com\/fi\/wp-content\/uploads\/2025\/12\/2008852.webp\" width=\"576\" height=\"586\" alt=\"Somemyllytys on saanut Ritan ja Akin seisomaan toistensa rinnalla vain entist\u00e4kin vahvemmin.\" loading=\"lazy\" \/>            <\/p>\n<p>\n            Somemyllytys on saanut Ritan ja Akin seisomaan toistensa rinnalla vain entist\u00e4kin vahvemmin.<br \/>\n            Timo Korhonen\n        <\/p>\n<p class=\"article-content article-content-width !bg-background\">Marraskuun lopulla Rita paljasti Instagram-tarinoissaan tilanteen edenneen niin pitk\u00e4lle, ett\u00e4 <a href=\"https:\/\/www.seiska.fi\/kotimaa\/rita-niemi-mannisesta-rikosilmoitus-heittaa-viiltavan-kommentin\/2006418\" target=\"_blank\" rel=\"nofollow noopener\">er\u00e4s somettaja teki h\u00e4nest\u00e4 rikosilmoituksen<\/a>.\u00a0<\/p>\n<p>        <a itemprop=\"url\" href=\"https:\/\/www.seiska.fi\/kotimaa\/aki-manninen-seiskalle-kohun-aiheuttaneesta-matkakatastrofistaan-en-missaan-nimessa-valittanut\/1229469\" rel=\"nofollow noopener\" target=\"_blank\"><\/p>\n<p class=\"section-date\">\n        <strong class=\"article-section\" data-section=\"kotimaa\"><br \/>\n            kotimaa<br \/>\n        <\/strong><br \/>\n        28.12.2023 16:40\n    <\/p>\n<p>Aki Manninen Seiskalle kohun aiheuttaneesta matkakatastrofistaan: En miss\u00e4\u00e4n nimess\u00e4 valittanut\n    <\/p>\n<p itemprop=\"description\" class=\"subtitle \">\n    Aki korostaa, ettei ole haukkunut ket\u00e4\u00e4n, vaan halunnut tuoda ep\u00e4kohdat esille ja kritisoida matkanj\u00e4rjest\u00e4j\u00e4n toimintatapoja.\n<\/p>\n<p>        <\/a><\/p>\n<p class=\"article-content article-content-width !bg-background\">Toinen someseuraaja oli kirjoittanut Ritan julkaisun alle kommentin, jossa Ritaa kuvailtiin &#8221;paskakasaksi, joka kasvattaa samanlaista paskakasaa.&#8221; Itsens\u00e4 ja etenkin pienen tytt\u00e4rens\u00e4 haukkumisesta suivaantunut Rita julkaisi Instagram-tarinoissaan kuvakaappauksen, johon h\u00e4n oli lis\u00e4nnyt t\u00f6rkykommentista tyk\u00e4nneiden henkil\u00f6iden Instagram-k\u00e4ytt\u00e4j\u00e4tunnukset.<\/p>\n<p class=\"article-content article-content-width !bg-background\">Seiskan aiemmin tavoittaman Ritan mukaan rikosilmoituksessa oli kyse kunnianloukkauksesta, jonka uhriksi kommentista tyk\u00e4nnyt ihminen koki joutuneensa.\u00a0<\/p>\n<p>Joulu uudessa kodissa<\/p>\n<p class=\"article-content article-content-width !bg-background\">Joulukuu n\u00e4ytt\u00e4\u00e4 alkaneen Niemi-Mannisten residenssiss\u00e4 kuitenkin huomattavasti iloisemmissa merkeiss\u00e4. Sek\u00e4 Rita ett\u00e4 Aki ilmoittivat Instagramissa maanantaina (1.12.) saaneensa remonttinsa valmiiksi.\u00a0<\/p>\n<p class=\"article-content article-content-width !bg-background\">\u2013\u00a0Ollut monta vaihetta ja v\u00e4lill\u00e4 on tuntunut, ett\u00e4 t\u00e4m\u00e4 ei ole koskaan valmis. Nyt n\u00e4ytt\u00e4\u00e4 silt\u00e4, ett\u00e4 p\u00e4\u00e4st\u00e4\u00e4n jouluksi t\u00e4h\u00e4n uuteen kotiin, Rita kirjoittaa.<\/p>\n<p>        <a itemprop=\"url\" href=\"https:\/\/www.seiska.fi\/katso\/rita-niemi-manniselta-paljastuksia-selviytyjat-kuvauksista-akilta-naseva-kommentti-vaimon-laihtumisesta\/1369444\" rel=\"nofollow noopener\" target=\"_blank\"><\/p>\n<p class=\"section-date\">\n        <strong class=\"article-section\" data-section=\"katso\"><br \/>\n            katso<br \/>\n        <\/strong><br \/>\n        3.6.2024 10:45\n    <\/p>\n<p>Rita Niemi-Manniselta paljastuksia Selviytyj\u00e4t-kuvauksista \u2013 Akilta naseva kommentti vaimon laihtumisesta\n    <\/p>\n<p itemprop=\"description\" class=\"subtitle \">\n    Hyvinvointivalmentaja Rita Niemi-Manninen palasi juuri Selviytyj\u00e4t Suomen kuvauksista Malesiasta ja kertoi kokemuksistaan Instagramissa.\n<\/p>\n<p>        <\/a><\/p>\n<p class=\"article-content article-content-width !bg-background\">Kuvakarusellista ilmenee, ett\u00e4 perheen Porissa sijaitsevasta kodista l\u00f6ytyy nyky\u00e4\u00e4n skandinaavisen vaalea keitti\u00f6 kivitasoineen ja messinkihanoineen. Ruokap\u00f6yt\u00e4 on trendikk\u00e4\u00e4sti py\u00f6re\u00e4. Muilla videoilla n\u00e4hd\u00e4\u00e4n p\u00e4tki\u00e4 remontista sek\u00e4 kipaistaan Ritan kanssa laattakaupoille.<\/p>\n<p>                <img decoding=\"async\" src=\"https:\/\/www.europesays.com\/fi\/wp-content\/uploads\/2025\/12\/2008854.webp\" width=\"576\" height=\"720\" alt=\"Rita uskoo perheen p\u00e4\u00e4sev\u00e4n jouluksi uuteen kotiin.\" loading=\"lazy\" \/>            <\/p>\n<p>\n            Rita uskoo perheen p\u00e4\u00e4sev\u00e4n jouluksi uuteen kotiin.<br \/>\n            Timo Korhonen\n        <\/p>\n<p class=\"article-content article-content-width !bg-background\">\u2013\u00a0Rakastan sit\u00e4 fiilist\u00e4, kun remppa muuttuu haaveesta valmiiksi tilaksi. Pienin askelin, mutta koko ajan eteenp\u00e4in, Rita hehkuttaa.<\/p>\n<p>Ensimm\u00e4iset l\u00f6ylyt<\/p>\n<p class=\"article-content article-content-width !bg-background\">Ritan &#8221;vierastaloksi&#8221; tituleeraamassa rakennuksessa tehd\u00e4\u00e4n ilmeisesti viel\u00e4 pient\u00e4 hienos\u00e4\u00e4t\u00f6\u00e4. Siit\u00e4 huolimatta perhe on p\u00e4\u00e4ssyt ottamaan pienen, mutta suomalaisittain sit\u00e4kin merkitt\u00e4v\u00e4mm\u00e4n askeleen.\u00a0<\/p>\n<p>        <a itemprop=\"url\" href=\"https:\/\/www.seiska.fi\/kotimaa\/ma-oon-pettanyt-tullut-petetyksi-rita-niemi-manninen-avautuu-rakkaudesta-paljastaa-toimivan-parisuhteen-salaisuuden\/337874\" rel=\"nofollow noopener\" target=\"_blank\"><\/p>\n<p class=\"section-date\">\n        <strong class=\"article-section\" data-section=\"kotimaa\"><br \/>\n            kotimaa<br \/>\n        <\/strong><br \/>\n        12.5.2021 11:15\n    <\/p>\n<p>\u201dM\u00e4 oon pett\u00e4nyt, tullut petetyksi\u201d Rita Niemi-Manninen avautuu rakkaudesta &#8211; paljastaa toimivan parisuhteen salaisuuden\n    <\/p>\n<p>        <\/a><\/p>\n<p class=\"article-content article-content-width !bg-background\">\u2013 Uusi sauna korkattu, Rita julistaa julkaisussa.\u00a0<\/p>\n<p class=\"article-content article-content-width !bg-background\">Todisteena toimii kuva tositoimista, siis Akista hikoilemassa saunanlauteilla. K\u00f6nsik\u00e4s istuskelee l\u00f6ylyiss\u00e4 oikeaoppisesti ilman rihman kiert\u00e4m\u00e4\u00e4, toinen jalka rete\u00e4sti yl\u00e4lauteella lev\u00e4ten.\u00a0<\/p>\n<p class=\"italic m-italic article-content article-content-width !bg-background\">Jos upotus ei toimi, <a href=\"https:\/\/www.instagram.com\/p\/DRuyQ9wAKwp\/\" target=\"_blank\" rel=\"nofollow noopener\">n\u00e4et julkaisun t\u00e4\u00e4lt\u00e4<\/a>.\u00a0<\/p>\n<p><script async src=\"\/\/www.instagram.com\/embed.js\"><\/script><\/p>\n","protected":false},"excerpt":{"rendered":"HEIDI HEIKKILA Akin julkaisema kuva koettelee Instagramin rajoja. Harva tosi-tv:st\u00e4k\u00e4\u00e4n tuttu pariskunta jakaa yht\u00e4 paljon mielipiteit\u00e4 kuin ja&hellip;\n","protected":false},"author":2,"featured_media":105766,"comment_status":"","ping_status":"","sticky":false,"template":"","format":"standard","meta":{"footnotes":""},"categories":[130],"tags":[5974,6157,542,137,33,31,30,5856,2051,3231,7573,15796,32,109],"class_list":{"0":"post-105765","1":"post","2":"type-post","3":"status-publish","4":"format-standard","5":"has-post-thumbnail","7":"category-viihde","8":"tag-aki-manninen","9":"tag-alastonkuva","10":"tag-asuminen","11":"tag-entertainment","12":"tag-fi","13":"tag-finland","14":"tag-finnish","15":"tag-joulu","16":"tag-kunnianloukkaus","17":"tag-remontti","18":"tag-rita-niemi-manninen","19":"tag-sauna","20":"tag-suomi","21":"tag-viihde"},"share_on_mastodon":{"url":"https:\/\/pubeurope.com\/@fi\/115650464626955947","error":""},"_links":{"self":[{"href":"https:\/\/www.europesays.com\/fi\/wp-json\/wp\/v2\/posts\/105765","targetHints":{"allow":["GET"]}}],"collection":[{"href":"https:\/\/www.europesays.com\/fi\/wp-json\/wp\/v2\/posts"}],"about":[{"href":"https:\/\/www.europesays.com\/fi\/wp-json\/wp\/v2\/types\/post"}],"author":[{"embeddable":true,"href":"https:\/\/www.europesays.com\/fi\/wp-json\/wp\/v2\/users\/2"}],"replies":[{"embeddable":true,"href":"https:\/\/www.europesays.com\/fi\/wp-json\/wp\/v2\/comments?post=105765"}],"version-history":[{"count":0,"href":"https:\/\/www.europesays.com\/fi\/wp-json\/wp\/v2\/posts\/105765\/revisions"}],"wp:featuredmedia":[{"embeddable":true,"href":"https:\/\/www.europesays.com\/fi\/wp-json\/wp\/v2\/media\/105766"}],"wp:attachment":[{"href":"https:\/\/www.europesays.com\/fi\/wp-json\/wp\/v2\/media?parent=105765"}],"wp:term":[{"taxonomy":"category","embeddable":true,"href":"https:\/\/www.europesays.com\/fi\/wp-json\/wp\/v2\/categories?post=105765"},{"taxonomy":"post_tag","embeddable":true,"href":"https:\/\/www.europesays.com\/fi\/wp-json\/wp\/v2\/tags?post=105765"}],"curies":[{"name":"wp","href":"https:\/\/api.w.org\/{rel}","templated":true}]}}