{"id":105767,"date":"2025-12-02T14:33:09","date_gmt":"2025-12-02T14:33:09","guid":{"rendered":"https:\/\/www.europesays.com\/fi\/105767\/"},"modified":"2025-12-02T14:33:09","modified_gmt":"2025-12-02T14:33:09","slug":"itsenaisyyspaivana-on-tarjolla-kuhmolaisesta-karhusta-kertova-dokkari","status":"publish","type":"post","link":"https:\/\/www.europesays.com\/fi\/105767\/","title":{"rendered":"Itsen\u00e4isyysp\u00e4iv\u00e4n\u00e4 on tarjolla kuhmolaisesta karhusta kertova dokkari"},"content":{"rendered":"<p>Itsen\u00e4isyysp\u00e4iv\u00e4n\u00e4 6. joulukuuta ei ole mik\u00e4\u00e4n pakko katsoa Tuntematonta sotilasta, vaan katseen voi siirt\u00e4\u00e4 vaikkapa National Geographic -kanavalle.<\/p>\n<p>Kello 19 on nimitt\u00e4in tarjolla mielenkiintoinen luontodokumentti.<\/p>\n<p>Lue my\u00f6s: <a href=\"https:\/\/www.episodi.fi\/uutiset\/bbc-nordicin-marraskuu-tarjoaa-kilpailuja-kulttuuria-ja-luontoelamyksia\/\" title=\"BBC Nordicin marraskuu tarjoaa kilpailuja, kulttuuria ja luontoel\u00e4myksi\u00e4\" class=\"underline-custom !font-montserrat !font-bold !underline-offset-4 !decoration-4 !decoration-episodi-blue !text-md\" rel=\"nofollow noopener\" target=\"_blank\">BBC Nordicin marraskuu tarjoaa kilpailuja, kulttuuria ja luontoel\u00e4myksi\u00e4<\/a><\/p>\n<p>Lue my\u00f6s: <a href=\"https:\/\/www.episodi.fi\/uutiset\/pienen-elokuvakerhon-marraskuu-tarjoaa-takaa-ajoa-ja-jannitysta-isolta-kankaalta\/\" title=\"Pienen elokuvakerhon marraskuu tarjoaa takaa-ajoa ja j\u00e4nnityst\u00e4 isolta kankaalta\" class=\"underline-custom !font-montserrat !font-bold !underline-offset-4 !decoration-4 !decoration-episodi-blue !text-md\" rel=\"nofollow noopener\" target=\"_blank\">Pienen elokuvakerhon marraskuu tarjoaa takaa-ajoa ja j\u00e4nnityst\u00e4 isolta kankaalta<\/a><\/p>\n<p>Karhun talvi Kuhmossa kertoo \u00e4itikarhusta, jonka el\u00e4m\u00e4 talvien v\u00e4lill\u00e4 on rajua kamppailua.<\/p>\n<p>Emo her\u00e4\u00e4 talviunesta huolehtiakseen poikasistaan, jotka kaipaavat ravintoa, ja opastaakseen heit\u00e4 el\u00e4m\u00e4n perustaidoissa \u2013 erityisesti siin\u00e4, miten pysy\u00e4 poissa vaarallisten urosten tielt\u00e4 ja kohdata sudet ruokataistelussa.<\/p>\n<p>Kun talvi j\u00e4lleen saapuu, vain vahvimmat ja viisaimmat p\u00e4rj\u00e4\u00e4v\u00e4t t\u00e4ss\u00e4 armottomassa er\u00e4maassa.<\/p>\n<p>Alla kuvia dokkarista.<\/p>\n<p><img loading=\"lazy\" height=\"365\" width=\"648\" class=\"wp-image-249393 sp-no-webp perfmatters-lazy\" alt=\"\" decoding=\"async\" src=\"https:\/\/www.europesays.com\/fi\/wp-content\/uploads\/2025\/12\/karhuntalvi1-648x365.jpg\"  data-\/> <\/p>\n<p><img loading=\"lazy\" height=\"365\" width=\"648\" class=\"wp-image-249394 sp-no-webp perfmatters-lazy\" alt=\"\" decoding=\"async\" src=\"https:\/\/www.europesays.com\/fi\/wp-content\/uploads\/2025\/12\/karhuntalvi3-648x365.jpg\"  data-\/> <\/p>\n<p>Lue my\u00f6s: <a href=\"https:\/\/www.episodi.fi\/uutiskirje\/?uutiskirjemainos=tekstilinkkimainos\" title=\"Tilaa Episodin uutiskirje ja voit voittaa leffalippuja! Nappaa tv-vinkit suoraan s\u00e4hk\u00f6postiin t\u00e4st\u00e4.\" class=\"underline-custom !font-montserrat !font-bold !underline-offset-4 !decoration-4 !decoration-episodi-blue !text-md\" rel=\"nofollow noopener\" target=\"_blank\">Tilaa Episodin uutiskirje ja voit voittaa leffalippuja! Nappaa katseluvinkit suoraan s\u00e4hk\u00f6postiin t\u00e4st\u00e4.<\/a><\/p>\n","protected":false},"excerpt":{"rendered":"Itsen\u00e4isyysp\u00e4iv\u00e4n\u00e4 6. joulukuuta ei ole mik\u00e4\u00e4n pakko katsoa Tuntematonta sotilasta, vaan katseen voi siirt\u00e4\u00e4 vaikkapa National Geographic -kanavalle.&hellip;\n","protected":false},"author":2,"featured_media":105768,"comment_status":"","ping_status":"","sticky":false,"template":"","format":"standard","meta":{"footnotes":""},"categories":[112],"tags":[33,31,30,18037,19921,2886,118,32,119],"class_list":{"0":"post-105767","1":"post","2":"type-post","3":"status-publish","4":"format-standard","5":"has-post-thumbnail","7":"category-tiede","8":"tag-fi","9":"tag-finland","10":"tag-finnish","11":"tag-itsenaisyyspaiva","12":"tag-karhun-talvi-kuhmossa","13":"tag-national-geographic","14":"tag-science","15":"tag-suomi","16":"tag-tiede"},"share_on_mastodon":{"url":"","error":""},"_links":{"self":[{"href":"https:\/\/www.europesays.com\/fi\/wp-json\/wp\/v2\/posts\/105767","targetHints":{"allow":["GET"]}}],"collection":[{"href":"https:\/\/www.europesays.com\/fi\/wp-json\/wp\/v2\/posts"}],"about":[{"href":"https:\/\/www.europesays.com\/fi\/wp-json\/wp\/v2\/types\/post"}],"author":[{"embeddable":true,"href":"https:\/\/www.europesays.com\/fi\/wp-json\/wp\/v2\/users\/2"}],"replies":[{"embeddable":true,"href":"https:\/\/www.europesays.com\/fi\/wp-json\/wp\/v2\/comments?post=105767"}],"version-history":[{"count":0,"href":"https:\/\/www.europesays.com\/fi\/wp-json\/wp\/v2\/posts\/105767\/revisions"}],"wp:featuredmedia":[{"embeddable":true,"href":"https:\/\/www.europesays.com\/fi\/wp-json\/wp\/v2\/media\/105768"}],"wp:attachment":[{"href":"https:\/\/www.europesays.com\/fi\/wp-json\/wp\/v2\/media?parent=105767"}],"wp:term":[{"taxonomy":"category","embeddable":true,"href":"https:\/\/www.europesays.com\/fi\/wp-json\/wp\/v2\/categories?post=105767"},{"taxonomy":"post_tag","embeddable":true,"href":"https:\/\/www.europesays.com\/fi\/wp-json\/wp\/v2\/tags?post=105767"}],"curies":[{"name":"wp","href":"https:\/\/api.w.org\/{rel}","templated":true}]}}