{"id":105769,"date":"2025-12-02T14:35:11","date_gmt":"2025-12-02T14:35:11","guid":{"rendered":"https:\/\/www.europesays.com\/fi\/105769\/"},"modified":"2025-12-02T14:35:11","modified_gmt":"2025-12-02T14:35:11","slug":"framery-ampaisi-nousuun-helsingin-porssissa","status":"publish","type":"post","link":"https:\/\/www.europesays.com\/fi\/105769\/","title":{"rendered":"Framery ampaisi nousuun Helsingin p\u00f6rssiss\u00e4"},"content":{"rendered":"<p>Puhelinkopeistaan tunnetun Frameryn osake avautui ensimm\u00e4isen\u00e4 p\u00f6rssip\u00e4iv\u00e4n\u00e4 yli seitsem\u00e4n prosentin nousuun.<\/p>\n<p>Lue tiivistelm\u00e4<\/p>\n<p>Tiivistelm\u00e4 on teko\u00e4lyn tekem\u00e4 ja ihmisen tarkistama.<\/p>\n<p class=\"article-body mb-nof-24 px-nof-16 sndp-summary-bullet-point-font\">\u00c4\u00e4nieristettyj\u00e4 puhelinkoppeja ja ty\u00f6tiloja valmistavan Framery Groupin osake nousi tiistaina Helsingin p\u00f6rssiss\u00e4 yli seitsem\u00e4n prosenttia merkint\u00e4hintaansa.<\/p>\n<p class=\"article-body mb-nof-24 px-nof-16 sndp-summary-bullet-point-font\">Yhti\u00f6n listautumisanti ylimerkittiin moninkertaisesti, vaikka se kesti vain nelj\u00e4 p\u00e4iv\u00e4\u00e4.<\/p>\n<p class=\"article-body mb-nof-24 px-nof-16 sndp-summary-bullet-point-font\">Frameryn markkina-arvoksi tuli listautumisessa reilut kuusisataakolmekymment\u00e4 miljoonaa euroa, mik\u00e4 tekee siit\u00e4 kuluvan vuoden suurimman listautumisen Helsingin p\u00f6rssiss\u00e4.<\/p>\n<p class=\"article-body mb-nof-24 px-nof-16\">Sijoittajissa suurta kiinnostusta her\u00e4tt\u00e4neen Framery Groupin p\u00f6rssitaival alkoi tiistaina selv\u00e4ll\u00e4 nousulla.<\/p>\n<p class=\"article-body mb-nof-24 px-nof-16\">\u00c4\u00e4nieristettyj\u00e4 puhelinkoppeja ja ty\u00f6tiloja valmistavan Frameryn osake kohosi tiistaina heti Helsingin p\u00f6rssin auettua 8,60 euroon. Se on 7,5 prosenttia enemm\u00e4n kuin osakkeen 8,00 euron merkint\u00e4hinta listautumisannissa.<\/p>\n<p class=\"article-body mb-nof-24 px-nof-16\">Kahden tunnin kaupank\u00e4ynnin aikana osake oli k\u00e4ynyt korkeimmillaan 8,91 eurossa ja alimmillaan 8,15 eurossa.<\/p>\n<p class=\"article-body mb-nof-24 px-nof-16\">Kauppaa Frameryn osakkeella k\u00e4yd\u00e4\u00e4n aluksi niin sanotulla pre-listalla. P\u00f6rssin p\u00e4\u00e4listalle osake siirtyy torstaina.<\/p>\n<p class=\"article-body mb-nof-24 px-nof-16\">Frameryn \u00e4\u00e4nieristettyj\u00e4 puhelinkoppeja ja ty\u00f6tiloja k\u00e4ytet\u00e4\u00e4n paljon avokonttoreissa, jotta esimerkiksi et\u00e4kokouksiin osallistuminen tai puheluiden puhuminen ei h\u00e4iritsisi kollegoja.<\/p>\n<p class=\"article-body mb-nof-24 px-nof-16\">Frameryn listautumisannin kesto oli poikkeuksellisen lyhyt. Anti alkoi viime viikon tiistaina, ja se keskeytettiin jo perjantaina. Lyhyest\u00e4 ajasta huolimatta anti ylimerkittiin moninkertaisesti.<\/p>\n<p class=\"article-body mb-nof-24 px-nof-16\">Frameryn osakkeenomistajien m\u00e4\u00e4r\u00e4 nousi listautumisannin ansiosta yli 10\u202f000 osakkeenomistajaan, joista noin 280 on Frameryn ty\u00f6ntekij\u00f6it\u00e4.<\/p>\n<p class=\"article-body mb-nof-24 px-nof-16\">Framery saa annista 20,0 miljoonan euron bruttovarat. Lis\u00e4ksi yhti\u00f6n omistajat myiv\u00e4t osakkeitaan noin 210 miljoonan euron edest\u00e4.<\/p>\n<p class=\"article-body mb-nof-24 px-nof-16\">Frameryn markkina-arvoksi listautumisessa tuli reilut 630 miljoonaa euroa.<\/p>\n<p class=\"article-body mb-nof-24 px-nof-16\">Listautuminen on markkina-arvolla mitattuna kuluvan vuoden suurin Helsingin p\u00f6rssiss\u00e4. Framery kuuluu markkina-arvoltaan keskisuuriin p\u00f6rssiyhti\u00f6ihin.<\/p>\n<p class=\"article-body mb-nof-24 px-nof-16\">Helsingin p\u00f6rssiin on p\u00f6rssiin tilastojen mukaan listautunut t\u00e4n\u00e4 vuonna yhdeks\u00e4n yhti\u00f6t\u00e4. Niist\u00e4 osa on yhti\u00f6iden siirtymisi\u00e4 First North -markkinapaikalta p\u00e4\u00e4listalle, jotka p\u00f6rssi tilastoi uusiksi listautumiksi.<\/p>\n","protected":false},"excerpt":{"rendered":"Puhelinkopeistaan tunnetun Frameryn osake avautui ensimm\u00e4isen\u00e4 p\u00f6rssip\u00e4iv\u00e4n\u00e4 yli seitsem\u00e4n prosentin nousuun. Lue tiivistelm\u00e4 Tiivistelm\u00e4 on teko\u00e4lyn tekem\u00e4 ja&hellip;\n","protected":false},"author":2,"featured_media":105770,"comment_status":"","ping_status":"","sticky":false,"template":"","format":"standard","meta":{"footnotes":""},"categories":[76],"tags":[157,79,77,33,31,30,32,78],"class_list":{"0":"post-105769","1":"post","2":"type-post","3":"status-publish","4":"format-standard","5":"has-post-thumbnail","7":"category-talous","8":"tag-aamulehti","9":"tag-business","10":"tag-economy","11":"tag-fi","12":"tag-finland","13":"tag-finnish","14":"tag-suomi","15":"tag-talous"},"share_on_mastodon":{"url":"https:\/\/pubeurope.com\/@fi\/115650476484209932","error":""},"_links":{"self":[{"href":"https:\/\/www.europesays.com\/fi\/wp-json\/wp\/v2\/posts\/105769","targetHints":{"allow":["GET"]}}],"collection":[{"href":"https:\/\/www.europesays.com\/fi\/wp-json\/wp\/v2\/posts"}],"about":[{"href":"https:\/\/www.europesays.com\/fi\/wp-json\/wp\/v2\/types\/post"}],"author":[{"embeddable":true,"href":"https:\/\/www.europesays.com\/fi\/wp-json\/wp\/v2\/users\/2"}],"replies":[{"embeddable":true,"href":"https:\/\/www.europesays.com\/fi\/wp-json\/wp\/v2\/comments?post=105769"}],"version-history":[{"count":0,"href":"https:\/\/www.europesays.com\/fi\/wp-json\/wp\/v2\/posts\/105769\/revisions"}],"wp:featuredmedia":[{"embeddable":true,"href":"https:\/\/www.europesays.com\/fi\/wp-json\/wp\/v2\/media\/105770"}],"wp:attachment":[{"href":"https:\/\/www.europesays.com\/fi\/wp-json\/wp\/v2\/media?parent=105769"}],"wp:term":[{"taxonomy":"category","embeddable":true,"href":"https:\/\/www.europesays.com\/fi\/wp-json\/wp\/v2\/categories?post=105769"},{"taxonomy":"post_tag","embeddable":true,"href":"https:\/\/www.europesays.com\/fi\/wp-json\/wp\/v2\/tags?post=105769"}],"curies":[{"name":"wp","href":"https:\/\/api.w.org\/{rel}","templated":true}]}}