{"id":105771,"date":"2025-12-02T14:36:15","date_gmt":"2025-12-02T14:36:15","guid":{"rendered":"https:\/\/www.europesays.com\/fi\/105771\/"},"modified":"2025-12-02T14:36:15","modified_gmt":"2025-12-02T14:36:15","slug":"vauvan-vaitettiin-kuolleen-aiti-tunnisti-lapsensa-vuosia-myohemmin","status":"publish","type":"post","link":"https:\/\/www.europesays.com\/fi\/105771\/","title":{"rendered":"Vauvan v\u00e4itettiin kuolleen \u2013 \u00c4iti tunnisti lapsensa vuosia my\u00f6hemmin"},"content":{"rendered":"<p>Delimar Vera oli vain 10 p\u00e4iv\u00e4n ik\u00e4inen, kun h\u00e4nen kodissaan syttyi tuhoisa tulipalo.<\/p>\n<p><img decoding=\"async\" class=\"image image-show image-preview\" src=\"https:\/\/www.europesays.com\/fi\/wp-content\/uploads\/2025\/12\/ae6019793a891a10a47ae0bef36122bf0199835e847044db31cbe6cba382dd5f.jpg\" alt=\"\"\/><img decoding=\"async\" class=\"image image-show\" src=\"https:\/\/www.europesays.com\/fi\/wp-content\/uploads\/2025\/12\/1764686175_332_ae6019793a891a10a47ae0bef36122bf0199835e847044db31cbe6cba382dd5f.jpg\" alt=\"\"\/><\/p>\n<p>Delimar Vera varttui Aaliyah Hernandezina hyvin l\u00e4hell\u00e4 Veran perheen kotia. MTV3<\/p>\n<p class=\"paragraph\">Vain 10 p\u00e4iv\u00e4n ik\u00e4isen vastasyntyneen kerrottiin kuolleen tuhoisassa tulipalossa USA:n Philadelphiassa joulukuussa 1997. Vuonna 2004 paljastui, ett\u00e4 vauva oli todellisuudessa elossa. H\u00e4net oli siepattu ja tulipalo oli sytytetty tahallaan.<\/p>\n<p class=\"paragraph\"><strong>Delimar Veraksi<\/strong> syntynyt tytt\u00f6 kasvoi <strong>Aaliyah Hernandezina<\/strong> vain parinkymmenen kilometrin p\u00e4\u00e4st\u00e4 synnyinkodistaan. Kolmiosaisessa dokumenttisarjassa Kehdosta kidnapattu k\u00e4yd\u00e4\u00e4n l\u00e4pi, miten monimutkainen vyyhti alkoi paljastua. Kyseess\u00e4 on uskomaton tositarina.<\/p>\n<p>Aaliyah sai nimen laulajan mukaan. MTV3<\/p>\n<p class=\"paragraph\">Aaliyah-nime\u00e4 t\u00e4t\u00e4 nyky\u00e4 k\u00e4ytt\u00e4v\u00e4n Delimarin biologinen \u00e4iti <strong>Luzaida Cuevas<\/strong> oli osallistunut syntym\u00e4p\u00e4iv\u00e4juhliin, joiden yksi vieras, pieni tytt\u00f6, oli kiinnitt\u00e4nyt h\u00e4nen huomionsa. Kyseess\u00e4 oli Aaliyah. Luzaida oli t\u00e4ysin vakuuttunut siit\u00e4, ett\u00e4 h\u00e4nt\u00e4 itse\u00e4\u00e4n kovasti muistuttava Aaliyah oli Delimar. Tekosyyn turvin h\u00e4n nappasi tyt\u00f6lt\u00e4 pari hiusta dna-testi\u00e4 varten. Sellainen tehtiinkin lopulta, ja tulos paljasti Luzaidan ep\u00e4ilyt oikeiksi. H\u00e4nell\u00e4 ei viirannut p\u00e4\u00e4ss\u00e4.<\/p>\n<p>Aaliyahin Pedro-is\u00e4 halusi osallistua dokumenttisarjan kuvauksiin. MTV3<\/p>\n<p class=\"paragraph\">Tarinassa on ristiriitaisuuksia, eik\u00e4 tilannetta helpota se, ett\u00e4 moni ei ole halunnut osallistua dokumentin tekoon tai ei en\u00e4\u00e4 voi osallistua. Aaliyahin is\u00e4 <strong>Pedro Vera<\/strong> on mukana, mutta Luzaida-\u00e4iti ei. My\u00f6sk\u00e4\u00e4n Aaliyahin siepannutta naista <strong>Carolyn Correaa<\/strong> ei dokumentissa n\u00e4y. H\u00e4nen vanhin poikansa <strong>Dominic<\/strong> on kuollut vuonna 2022. Siksi h\u00e4nen mahdollisesta osallisuudestaan sieppaukseen ja tuhopolttoon ei voida en\u00e4\u00e4 kysy\u00e4.<\/p>\n<p class=\"paragraph\">Juttu on hyvin monimutkainen. Carolyn on Pedron sed\u00e4n tyt\u00e4rpuoli, siis tavallaan serkkupuoli. H\u00e4nell\u00e4 ja Pedrolla v\u00e4itettiin olleen suhde, mutta mies kiist\u00e4\u00e4 sen jyrk\u00e4sti.<\/p>\n<p>Aaliyah ei ole uskaltanut kysy\u00e4 Pedro-is\u00e4lt\u00e4\u00e4n kaikkia h\u00e4nen mielt\u00e4\u00e4n vaivaavia kysymyksi\u00e4. Dokumentissa tyt\u00e4r p\u00e4\u00e4tt\u00e4\u00e4 vihdoin rohkaistua. MTV3<\/p>\n<p class=\"paragraph\">Pedron ja Luzaidan liitto kariutui vuonna 2002, eiv\u00e4tk\u00e4 he palanneet yhteen Aaliyahin l\u00f6ytymisen j\u00e4lkeen. Aaliyah varttuikin kahdessa kodissa. 14-vuotiaana h\u00e4n muutti \u00e4itins\u00e4 luota pysyv\u00e4sti is\u00e4lleen ja p\u00e4\u00e4tyi lopulta sijoitukseen. Dokumentissa n\u00e4hd\u00e4\u00e4n, kuinka Aaliyah on aloittamassa omaa nuoren aikuisen el\u00e4m\u00e4\u00e4ns\u00e4 <strong>Isaiahin<\/strong> rinnalla. Pari avioitui vuonna 2023.<\/p>\n<p class=\"paragraph\">Kehdosta kidnapattu t\u00e4n\u00e4\u00e4n Avalla kello 20.00 &amp; Katsomossa. <a href=\"https:\/\/www.iltalehti.fi\/telkku\/\" rel=\"nofollow noopener\" target=\"_blank\">Katso kaikki\u00a0TV-ohjelmat ja l\u00e4hetysajat Telkun TV-oppaasta<\/a>.<\/p>\n","protected":false},"excerpt":{"rendered":"Delimar Vera oli vain 10 p\u00e4iv\u00e4n ik\u00e4inen, kun h\u00e4nen kodissaan syttyi tuhoisa tulipalo. Delimar Vera varttui Aaliyah Hernandezina&hellip;\n","protected":false},"author":2,"featured_media":105772,"comment_status":"","ping_status":"","sticky":false,"template":"","format":"standard","meta":{"footnotes":""},"categories":[14],"tags":[35,22,23,26,27,33,31,30,17,101,99,100,24,25,28,29,15,18,21,98,32,19,20,56,16,102,59,60,61],"class_list":{"0":"post-105771","1":"post","2":"type-post","3":"status-publish","4":"format-standard","5":"has-post-thumbnail","7":"category-ulkomaat","8":"tag-24h","9":"tag-breaking-news","10":"tag-breakingnews","11":"tag-featured-news","12":"tag-featurednews","13":"tag-fi","14":"tag-finland","15":"tag-finnish","16":"tag-headlines","17":"tag-ihmissuhteet","18":"tag-lapset","19":"tag-lapset-ja-nuoret","20":"tag-latest-news","21":"tag-latestnews","22":"tag-main-news","23":"tag-mainnews","24":"tag-news","25":"tag-otsikot","26":"tag-paauutiset","27":"tag-perhe","28":"tag-suomi","29":"tag-top-stories","30":"tag-topstories","31":"tag-ulkomaat","32":"tag-uutiset","33":"tag-vanhemmat","34":"tag-world","35":"tag-world-news","36":"tag-worldnews"},"share_on_mastodon":{"url":"https:\/\/pubeurope.com\/@fi\/115650480662408472","error":""},"_links":{"self":[{"href":"https:\/\/www.europesays.com\/fi\/wp-json\/wp\/v2\/posts\/105771","targetHints":{"allow":["GET"]}}],"collection":[{"href":"https:\/\/www.europesays.com\/fi\/wp-json\/wp\/v2\/posts"}],"about":[{"href":"https:\/\/www.europesays.com\/fi\/wp-json\/wp\/v2\/types\/post"}],"author":[{"embeddable":true,"href":"https:\/\/www.europesays.com\/fi\/wp-json\/wp\/v2\/users\/2"}],"replies":[{"embeddable":true,"href":"https:\/\/www.europesays.com\/fi\/wp-json\/wp\/v2\/comments?post=105771"}],"version-history":[{"count":0,"href":"https:\/\/www.europesays.com\/fi\/wp-json\/wp\/v2\/posts\/105771\/revisions"}],"wp:featuredmedia":[{"embeddable":true,"href":"https:\/\/www.europesays.com\/fi\/wp-json\/wp\/v2\/media\/105772"}],"wp:attachment":[{"href":"https:\/\/www.europesays.com\/fi\/wp-json\/wp\/v2\/media?parent=105771"}],"wp:term":[{"taxonomy":"category","embeddable":true,"href":"https:\/\/www.europesays.com\/fi\/wp-json\/wp\/v2\/categories?post=105771"},{"taxonomy":"post_tag","embeddable":true,"href":"https:\/\/www.europesays.com\/fi\/wp-json\/wp\/v2\/tags?post=105771"}],"curies":[{"name":"wp","href":"https:\/\/api.w.org\/{rel}","templated":true}]}}