{"id":105773,"date":"2025-12-02T14:37:08","date_gmt":"2025-12-02T14:37:08","guid":{"rendered":"https:\/\/www.europesays.com\/fi\/105773\/"},"modified":"2025-12-02T14:37:08","modified_gmt":"2025-12-02T14:37:08","slug":"analyysi-orpo-teki-selvaksi-etta-suomi-ei-lahde-sotimaan-ukrainan-puolesta-politiikka","status":"publish","type":"post","link":"https:\/\/www.europesays.com\/fi\/105773\/","title":{"rendered":"Analyysi: Orpo teki selv\u00e4ksi, ett\u00e4 Suomi ei l\u00e4hde sotimaan Ukrainan puolesta | Politiikka"},"content":{"rendered":"<p class=\"aw-1gybjub aw-1p7kakr kEtdKx cEmitX yle__article__paragraph\">P\u00e4\u00e4ministeri <strong class=\"aw-ak79eh KyCXm yle__article__strong\">Petteri Orpo<\/strong> (kok.) teki tiistaina selv\u00e4ksi, ett\u00e4 Suomi ei tule tarjoamaan turvatakuita Ukrainalle.<\/p>\n<p class=\"aw-1gybjub aw-1p7kakr kEtdKx cEmitX yle__article__paragraph\">\u2013 Turvallisuustakuut ovat jotakin hyvin vakavaa. Emme ole valmiita antamaan turvallisuustakuita, mutta voimme auttaa turvallisuusj\u00e4rjestelyiss\u00e4. N\u00e4iden ero on iso, Orpo sanoi englanniksi tiedotustilaisuudessa, jossa h\u00e4n esiintyi yhdess\u00e4 Ruotsin p\u00e4\u00e4ministeri <strong class=\"aw-ak79eh KyCXm yle__article__strong\">Ulf Kristerssonin<\/strong> kanssa.<\/p>\n<p class=\"aw-1gybjub aw-1p7kakr kEtdKx cEmitX yle__article__paragraph\">Lausunto on tavattoman suora. Er\u00e4\u00e4nlainen selkokielell\u00e4 sanottu t\u00f6r\u00e4ytys.<\/p>\n<p class=\"aw-1gybjub aw-1p7kakr kEtdKx cEmitX yle__article__paragraph\">Se on kaukana kohteliaasta py\u00f6rittelyst\u00e4, jota esimerkiksi puolustusministeri <strong class=\"aw-ak79eh KyCXm yle__article__strong\">Antti H\u00e4kk\u00e4nen<\/strong> (kok.) esitti <a class=\"aw-iao6s4 iHOxEa yle__article__link\" href=\"https:\/\/www.hs.fi\/politiikka\/art-2000011651767.html\" role=\"link\" rel=\"nofollow noopener\" target=\"_blank\">Helsingin Sanomien<\/a> haastattelussa. H\u00e4kk\u00e4nen piti Yhdysvaltain lupausta turvatakuista Ukrainalle huikean hienona, mutta varoi sanomasta, mit\u00e4 Suomi aikoo.<\/p>\n<p>P\u00e4\u00e4ministeri Orpo vastasi Hanasaaressa kysymykseen Ukrainan turvatakuista. Suomi mainitaan Yhdysvaltain sopimusluonnoksessa asiasta.<\/p>\n<p class=\"aw-1gybjub aw-1p7kakr kEtdKx cEmitX yle__article__paragraph\"><strong class=\"aw-ak79eh KyCXm yle__article__strong\">Taustalla on pari viikkoa sitten julkisuuteen<\/strong> tullut Yhdysvaltain rauhansuunnitelma Ukrainaan. Siin\u00e4 Yhdysvallat lupautui tarjoamaan Ukrainalle Naton artikla 5:n kaltaisen turvatakuun. Naton artikla 5 tarkoittaa, ett\u00e4 hy\u00f6kk\u00e4ys yht\u00e4 vastaan on hy\u00f6kk\u00e4ys kaikkia vastaan, jolloin maat lupautuvat puolustamaan toisiaan.<\/p>\n<p class=\"aw-1gybjub aw-1p7kakr kEtdKx cEmitX yle__article__paragraph\">Yll\u00e4tyksen\u00e4 suomalaisille <a class=\"aw-iao6s4 iHOxEa yle__article__link\" href=\"https:\/\/yle.fi\/a\/74-20010573\/64-3-282663\" role=\"link\" rel=\"nofollow noopener\" target=\"_blank\">samassa yhteydess\u00e4 kerrottiin<\/a>, ett\u00e4 Naton j\u00e4senet, mukaan lukien Ranska, Britannia, Saksa, Puola ja Suomi toimisivat yhdess\u00e4 Yhdysvaltain kanssa, vastaten sopimukseen rikkomiseen ja taatakseen pelotteen.<\/p>\n<p class=\"aw-1gybjub aw-1p7kakr kEtdKx cEmitX yle__article__paragraph\">My\u00f6s muualla on reagoitu. Puolan p\u00e4\u00e4ministeri <strong class=\"aw-ak79eh KyCXm yle__article__strong\">Donald Tusk<\/strong> sanoi<a class=\"aw-iao6s4 iHOxEa yle__article__link\" href=\"https:\/\/x.com\/donaldtusk\/status\/1991835610877943812?s=20\" role=\"link\" rel=\"nofollow\"> sosiaalisessa mediassa<\/a>, ett\u00e4 Puolaa koskevista p\u00e4\u00e4t\u00f6ksist\u00e4 p\u00e4\u00e4tt\u00e4v\u00e4t puolalaiset, ja Ukrainasta ei p\u00e4\u00e4tet\u00e4 ilman Ukrainaa.<\/p>\n<p class=\"aw-1gybjub aw-1p7kakr kEtdKx cEmitX yle__article__paragraph\">My\u00f6s Suomi p\u00e4\u00e4tt\u00e4\u00e4 tietenkin itse lupauksistaan, eik\u00e4 Suomessa olla valmiita lupautumaan kahdenkeskisell\u00e4 sopimuksella turvaamaan Ukrainaa sotimalla. Saati, ett\u00e4 joku muu lupaisi Suomen tekev\u00e4n niin, meilt\u00e4 kysym\u00e4tt\u00e4.<\/p>\n<p class=\"aw-1gybjub aw-1p7kakr kEtdKx cEmitX yle__article__paragraph\">Mutta Orpo tuli kuitenkin todenneeksi, ett\u00e4 turvatakuut ovat vakava asia, eik\u00e4 sellaisia tule. Se on itsest\u00e4\u00e4n selv\u00e4\u00e4, mutta ulko- ja turvallisuuspolitiikassa ehk\u00e4 jopa liian suoraan sanottu.<\/p>\n<p class=\"aw-1gybjub aw-1p7kakr kEtdKx cEmitX yle__article__paragraph\">My\u00f6s turvallisuuspolitiikan kieli eri maissa tuottaa hankaluutta: turvatakuut, -j\u00e4rjestelyt ja -vakuudet ovat eri k\u00e4\u00e4nn\u00f6ksiss\u00e4 saaneet eri sis\u00e4ll\u00f6n.<\/p>\n<p class=\"aw-1gybjub aw-1p7kakr kEtdKx cEmitX yle__article__paragraph\"><strong class=\"aw-ak79eh KyCXm yle__article__strong\">Suomalaisilla ei ole aavistustakaan<\/strong>, miksi Suomi mainittiin Yhdysvaltain paperissa.<\/p>\n<p class=\"aw-1gybjub aw-1p7kakr kEtdKx cEmitX yle__article__paragraph\">Maininta on j\u00e4\u00e4nyt kaivelemaan osaa p\u00e4\u00e4tt\u00e4jist\u00e4: ei kai joku jossain oleta, ett\u00e4 Suomi todella lupaisi puolustaa Ukrainaa, jos rauhansopimuksen j\u00e4lkeen Ven\u00e4j\u00e4 hy\u00f6kk\u00e4isi uudelleen.<\/p>\n<p class=\"aw-1gybjub aw-1p7kakr kEtdKx cEmitX yle__article__paragraph\">Suomi on ollut presidentti <strong class=\"aw-ak79eh KyCXm yle__article__strong\">Alexander Stubbin<\/strong> johdolla mukana suunnittelemassa, miten Suomi tukee Ukrainaa niin sanotun halukkaiden koalition kautta.<\/p>\n<p class=\"aw-1gybjub aw-1p7kakr kEtdKx cEmitX yle__article__paragraph\">Eurooppalaisista Nato-maista toistaiseksi yksik\u00e4\u00e4n ei ole kertonut t\u00e4sm\u00e4lleen, millaisia turvallisuusj\u00e4rjestelyit\u00e4 ne lupaavat Ukrainalle mahdollisen rauhan tultua. Ajatuksena on, ett\u00e4 Ukrainan oma vahva armeija puolustaa Ukrainaa, ja muut voivat tarjota sille tukea, koulutusta ja mahdollisesti l\u00e4hett\u00e4\u00e4 pelotejoukkoja.<\/p>\n<p class=\"aw-1gybjub aw-1p7kakr kEtdKx cEmitX yle__article__paragraph\">Kysytt\u00e4ess\u00e4, voisiko Suomi l\u00e4hett\u00e4\u00e4 sotilaitaan Ukrainaan, Suomi on vastannut vahtivansa jo 1\u00a0300 kilometri\u00e4 Ven\u00e4j\u00e4n rajaa omalla maallaan. Suomi ei halua ottaa riski\u00e4, ett\u00e4 se joutuisi Ukrainassa vastakkain Ven\u00e4j\u00e4n kanssa.<\/p>\n<p class=\"aw-1gybjub aw-1p7kakr kEtdKx cEmitX yle__article__paragraph\">Orpo lupaili Suomen linjan mukaisesti, ett\u00e4 turvallisuusj\u00e4rjestelyit\u00e4 voidaan tuumia.<\/p>\n<p class=\"aw-1gybjub aw-1p7kakr kEtdKx cEmitX yle__article__paragraph\"><strong class=\"aw-ak79eh KyCXm yle__article__strong\">Suomen linja on, ett\u00e4 Suomi<\/strong> tukee Ukrainaa ja p\u00e4\u00e4tt\u00e4\u00e4 mahdollisista turvallisuusj\u00e4rjestelyit\u00e4 osana isompaa maaryhm\u00e4\u00e4.<\/p>\n<p class=\"aw-1gybjub aw-1p7kakr kEtdKx cEmitX yle__article__paragraph\">Naton 5. artiklan turvatakuita Ukrainalle ei ole tarjolla, koska niill\u00e4 puolustetaan vain Nato-maita. Ei ole selv\u00e4\u00e4, mit\u00e4 tarkoittaisi \u201dsen kaltainen\u201d turvatakuu, mutta on ep\u00e4todenn\u00e4k\u00f6ist\u00e4, ett\u00e4 isompi m\u00e4\u00e4r\u00e4 maita sitoutuisi sellaiseen.<\/p>\n<p class=\"aw-1gybjub aw-1p7kakr kEtdKx cEmitX yle__article__paragraph\">Yhdysvallat ja muut Naton ydinasevaltiot Britannia ja Ranska ovat erilaisessa asemassa kuin muut antamaan lupauksia. Ne voivat k\u00e4ytt\u00e4\u00e4 hyv\u00e4ksi pelotettaan, joka syntyy muun muassa ydinaseista.<\/p>\n<p class=\"aw-1gybjub aw-1p7kakr kEtdKx cEmitX yle__article__paragraph\"><strong class=\"aw-ak79eh KyCXm yle__article__strong\">Toisaalta Yhdysvaltojen sitoutumisesta<\/strong> Ukrainan tukemiseen on ollut monenlaista k\u00e4sityst\u00e4.<\/p>\n<p class=\"aw-1gybjub aw-1p7kakr kEtdKx cEmitX yle__article__paragraph\">Ukrainan tuesta puhutaan Naton ulkoministerikokouksessa Brysseliss\u00e4 keskiviikkona. Mutta ilman Yhdysvaltoja. Yhdysvaltojen ulkoministeri aikoo j\u00e4tt\u00e4\u00e4 saapumatta kokoukseen, mik\u00e4 on eritt\u00e4in poikkeuksellista. Viimeksi n\u00e4in tapahtui vuonna 2003, kun Yhdysvallat soti Irakissa.<\/p>\n<p class=\"aw-1gybjub aw-1p7kakr kEtdKx cEmitX yle__article__paragraph\">Moskovassa k\u00e4yt\u00e4vi\u00e4 Ven\u00e4j\u00e4n ja Yhdysvaltain neuvotteluita Ukrainan sodasta seurataan maailmalla herke\u00e4m\u00e4tt\u00e4. Vaikka ne eiv\u00e4t johtaisi suoraan tulitaukoon tai rauhaan, vaatimuksista ja tulevaisuudesta on joka tapauksessa p\u00e4\u00e4sty puhumaan.<\/p>\n<p class=\"aw-1gybjub aw-1p7kakr kEtdKx cEmitX yle__article__paragraph\">Ven\u00e4j\u00e4n ja Yhdysvaltain v\u00e4lisist\u00e4 keskusteluista on toisinaan tullut yll\u00e4tyksi\u00e4. Orpo teki selv\u00e4ksi, ett\u00e4 toista kertaa Suomi ei halua yll\u00e4tysmainintaa.<\/p>\n","protected":false},"excerpt":{"rendered":"P\u00e4\u00e4ministeri Petteri Orpo (kok.) teki tiistaina selv\u00e4ksi, ett\u00e4 Suomi ei tule tarjoamaan turvatakuita Ukrainalle. \u2013 Turvallisuustakuut ovat jotakin&hellip;\n","protected":false},"author":2,"featured_media":105605,"comment_status":"","ping_status":"","sticky":false,"template":"","format":"standard","meta":{"footnotes":""},"categories":[12],"tags":[22,23,26,27,33,31,30,17,70,24,25,28,29,2579,15,18,21,637,32,19,20,1303,56,16,987],"class_list":{"0":"post-105773","1":"post","2":"type-post","3":"status-publish","4":"format-standard","5":"has-post-thumbnail","7":"category-suomi","8":"tag-breaking-news","9":"tag-breakingnews","10":"tag-featured-news","11":"tag-featurednews","12":"tag-fi","13":"tag-finland","14":"tag-finnish","15":"tag-headlines","16":"tag-kansainvalinen-politiikka","17":"tag-latest-news","18":"tag-latestnews","19":"tag-main-news","20":"tag-mainnews","21":"tag-nato","22":"tag-news","23":"tag-otsikot","24":"tag-paauutiset","25":"tag-politiikka","26":"tag-suomi","27":"tag-top-stories","28":"tag-topstories","29":"tag-ukraina","30":"tag-ulkomaat","31":"tag-uutiset","32":"tag-venajan-hyokkays"},"share_on_mastodon":{"url":"https:\/\/pubeurope.com\/@fi\/115650484334745064","error":""},"_links":{"self":[{"href":"https:\/\/www.europesays.com\/fi\/wp-json\/wp\/v2\/posts\/105773","targetHints":{"allow":["GET"]}}],"collection":[{"href":"https:\/\/www.europesays.com\/fi\/wp-json\/wp\/v2\/posts"}],"about":[{"href":"https:\/\/www.europesays.com\/fi\/wp-json\/wp\/v2\/types\/post"}],"author":[{"embeddable":true,"href":"https:\/\/www.europesays.com\/fi\/wp-json\/wp\/v2\/users\/2"}],"replies":[{"embeddable":true,"href":"https:\/\/www.europesays.com\/fi\/wp-json\/wp\/v2\/comments?post=105773"}],"version-history":[{"count":0,"href":"https:\/\/www.europesays.com\/fi\/wp-json\/wp\/v2\/posts\/105773\/revisions"}],"wp:featuredmedia":[{"embeddable":true,"href":"https:\/\/www.europesays.com\/fi\/wp-json\/wp\/v2\/media\/105605"}],"wp:attachment":[{"href":"https:\/\/www.europesays.com\/fi\/wp-json\/wp\/v2\/media?parent=105773"}],"wp:term":[{"taxonomy":"category","embeddable":true,"href":"https:\/\/www.europesays.com\/fi\/wp-json\/wp\/v2\/categories?post=105773"},{"taxonomy":"post_tag","embeddable":true,"href":"https:\/\/www.europesays.com\/fi\/wp-json\/wp\/v2\/tags?post=105773"}],"curies":[{"name":"wp","href":"https:\/\/api.w.org\/{rel}","templated":true}]}}