{"id":105774,"date":"2025-12-02T14:38:10","date_gmt":"2025-12-02T14:38:10","guid":{"rendered":"https:\/\/www.europesays.com\/fi\/105774\/"},"modified":"2025-12-02T14:38:10","modified_gmt":"2025-12-02T14:38:10","slug":"sakylassa-varuskunta-alueella-tapahtunutta-kolaria-tutkittu","status":"publish","type":"post","link":"https:\/\/www.europesays.com\/fi\/105774\/","title":{"rendered":"S\u00e4kyl\u00e4ss\u00e4 varuskunta-alueella tapahtunutta kolaria tutkittu"},"content":{"rendered":"<p><strong class=\"typography-bold\">S\u00e4kyl\u00e4ss\u00e4 varuskunta-alueella tapahtuneen liikenneonnettomuuden esitutkinta on valmistunut. Varusmiest\u00e4 ep\u00e4ill\u00e4\u00e4n poliisin mukaan muun muassa palvelusrikoksesta.<\/strong><\/p>\n<p>Varusmies loukkaantui vakavasti kev\u00e4\u00e4ll\u00e4 Porin Prikaatissa S\u00e4kyl\u00e4n varuskunnan alueella Satakunnassa<strong class=\"typography-bold\">\u00a0<\/strong>tapahtuneessa onnettomuudessa, jossa maastokuorma-auton kuljettaja ajoi h\u00e4nen p\u00e4\u00e4lleen.<\/p>\n<p>Onnettomuus tapahtui 16. huhtikuuta illalla hieman kello 19 j\u00e4lkeen.\u00a0<\/p>\n<p>\u00a0Lounais-Suomen poliisin mukaan varusmiehet olivat palanneet juuri maastoharjoituksesta, jonka varusteluhuolto oli k\u00e4ynniss\u00e4 kasarmin l\u00e4heisyydess\u00e4.<\/p>\n<p>\u2013 Maastokuorma-auton kuljettajana toiminut varusmies oli peruuttanut kentt\u00e4keitti\u00f6n paikalleen asfaltoidulla piha-alueella. Kun kuljettaja l\u00e4hti taas liikkeelle, h\u00e4nelt\u00e4 j\u00e4i havaitsematta kaksi varusmiest\u00e4, jotka pakkasivat naamioverkkoa kuorma-auton oikealla puolella, poliisin tiedotteessa selvitet\u00e4\u00e4n.<\/p>\n<p>Toinen varusmiehist\u00e4 ehti v\u00e4ist\u00e4\u00e4 sivuun, mutta toinen heist\u00e4 j\u00e4i oikeanpuoleisten ajoneuvon takapy\u00f6rien alle.\u00a0<\/p>\n<p>Loukkaantuneelle varusmiehelle annettiin paikalla ensiapua ja h\u00e4net toimitettiin sairaalahoitoon.<\/p>\n<p><strong class=\"typography-bold\">Lue my\u00f6s: <\/strong><a class=\"underline\" data-testid=\"internal-link\" role=\"link\" data-sentry-element=\"Link\" data-sentry-component=\"InternalLink\" data-sentry-source-file=\"InternalLink.tsx\" href=\"https:\/\/www.mtvuutiset.fi\/artikkeli\/varusmies-jai-maastokuorma-auton-alle-sakylassa\/9139352\" rel=\"nofollow noopener\" target=\"_blank\"><strong class=\"typography-bold\">Varusmies j\u00e4i maastokuorma-auton alle Porin prikaatissa<\/strong><\/a><strong class=\"typography-bold\">Varusmiest\u00e4 ep\u00e4ill\u00e4\u00e4n palvelusrikoksesta<\/strong><\/p>\n<p>Poliisi ep\u00e4ilee tapahtuma-aikaan varusmiespalveluksessa ollutta 20-vuotiasta miest\u00e4 liikenneturvallisuuden vaarantamisesta ja palvelusrikoksesta.\u00a0<\/p>\n<p>Poliisi ep\u00e4ili miest\u00e4 my\u00f6s vammantuottamuksesta, mutta tutkinta p\u00e4\u00e4tettiin asianomistajan ilmoitettua, ett\u00e4 ei vaadi asianomistajarikoksessa rangaistusta.<\/p>\n<p>Asian esitutkinta on valmistunut, ja se etenee seuraavaksi syytt\u00e4j\u00e4lle syyteharkintaan.\u00a0<\/p>\n","protected":false},"excerpt":{"rendered":"S\u00e4kyl\u00e4ss\u00e4 varuskunta-alueella tapahtuneen liikenneonnettomuuden esitutkinta on valmistunut. Varusmiest\u00e4 ep\u00e4ill\u00e4\u00e4n poliisin mukaan muun muassa palvelusrikoksesta. Varusmies loukkaantui vakavasti kev\u00e4\u00e4ll\u00e4&hellip;\n","protected":false},"author":2,"featured_media":105775,"comment_status":"","ping_status":"","sticky":false,"template":"","format":"standard","meta":{"footnotes":""},"categories":[5],"tags":[22,23,26,27,33,31,30,17,24,25,28,29,15,18,21,32,19,20,16],"class_list":{"0":"post-105774","1":"post","2":"type-post","3":"status-publish","4":"format-standard","5":"has-post-thumbnail","7":"category-otsikot","8":"tag-breaking-news","9":"tag-breakingnews","10":"tag-featured-news","11":"tag-featurednews","12":"tag-fi","13":"tag-finland","14":"tag-finnish","15":"tag-headlines","16":"tag-latest-news","17":"tag-latestnews","18":"tag-main-news","19":"tag-mainnews","20":"tag-news","21":"tag-otsikot","22":"tag-paauutiset","23":"tag-suomi","24":"tag-top-stories","25":"tag-topstories","26":"tag-uutiset"},"share_on_mastodon":{"url":"https:\/\/pubeurope.com\/@fi\/115650488136798945","error":""},"_links":{"self":[{"href":"https:\/\/www.europesays.com\/fi\/wp-json\/wp\/v2\/posts\/105774","targetHints":{"allow":["GET"]}}],"collection":[{"href":"https:\/\/www.europesays.com\/fi\/wp-json\/wp\/v2\/posts"}],"about":[{"href":"https:\/\/www.europesays.com\/fi\/wp-json\/wp\/v2\/types\/post"}],"author":[{"embeddable":true,"href":"https:\/\/www.europesays.com\/fi\/wp-json\/wp\/v2\/users\/2"}],"replies":[{"embeddable":true,"href":"https:\/\/www.europesays.com\/fi\/wp-json\/wp\/v2\/comments?post=105774"}],"version-history":[{"count":0,"href":"https:\/\/www.europesays.com\/fi\/wp-json\/wp\/v2\/posts\/105774\/revisions"}],"wp:featuredmedia":[{"embeddable":true,"href":"https:\/\/www.europesays.com\/fi\/wp-json\/wp\/v2\/media\/105775"}],"wp:attachment":[{"href":"https:\/\/www.europesays.com\/fi\/wp-json\/wp\/v2\/media?parent=105774"}],"wp:term":[{"taxonomy":"category","embeddable":true,"href":"https:\/\/www.europesays.com\/fi\/wp-json\/wp\/v2\/categories?post=105774"},{"taxonomy":"post_tag","embeddable":true,"href":"https:\/\/www.europesays.com\/fi\/wp-json\/wp\/v2\/tags?post=105774"}],"curies":[{"name":"wp","href":"https:\/\/api.w.org\/{rel}","templated":true}]}}