{"id":105778,"date":"2025-12-02T14:50:08","date_gmt":"2025-12-02T14:50:08","guid":{"rendered":"https:\/\/www.europesays.com\/fi\/105778\/"},"modified":"2025-12-02T14:50:08","modified_gmt":"2025-12-02T14:50:08","slug":"antti-kurhinen-joutui-sairaalaan-ilta-sanomat","status":"publish","type":"post","link":"https:\/\/www.europesays.com\/fi\/105778\/","title":{"rendered":"Antti Kurhinen joutui sairaalaan &#8211; Ilta-Sanomat"},"content":{"rendered":"<p>Antti Kurhinen kertoo, ettei koskaan ole kokenut vastaavanlaisia kipuja.<\/p>\n<p class=\"article-body mb-nof-24 px-nof-16\">Mediapersoona <a class=\"article-personlink\" href=\"https:\/\/www.is.fi\/haku\/?query=Antti%20Kurhinen\" rel=\"nofollow noopener\" target=\"_blank\">Antti Kurhinen<\/a> kertoo Instagram-tilins\u00e4 tarinaosiossa joutuneensa sairaalaan. Instagramin tarinat ovat n\u00e4ht\u00e4viss\u00e4 24 tuntia niiden julkaisusta.<\/p>\n<p class=\"article-body mb-nof-24 px-nof-16\">Ensimm\u00e4iseksi h\u00e4n on julkaissut videon, jossa h\u00e4n makaa sairaalan s\u00e4ngyll\u00e4 sairaalavaatteissa hengitt\u00e4en raskaasti. Videon yhteyteen on merkitty sijainniksi Meilahden sairaala.<\/p>\n<p class=\"article-body mb-nof-24 px-nof-16\">Seuraavassa tarinassaan Kurvinen avaa tilannettaan enemm\u00e4n. H\u00e4n on saanut kipul\u00e4\u00e4kett\u00e4 injektoituna verisuoneensa.<\/p>\n<p class=\"article-body mb-nof-24 px-nof-16\">\u2013 Jengi kyseli et mik\u00e4 on, niin j\u00e4rkytt\u00e4v\u00e4t vatsakivut tuli viiden aikaan aamulla ja sit paheni lis\u00e4\u00e4 vaan ku s\u00f6i, Kurvinen sanoo videolla.<\/p>\n<p class=\"article-body mb-nof-24 px-nof-16\">Kurvinen kertoo menneens\u00e4 yksityiselle l\u00e4\u00e4k\u00e4riasemalle, jossa kivut olivat yltyneet niin pahoiksi, ettei h\u00e4n kyennyt en\u00e4\u00e4 puhumaan.<\/p>\n<p class=\"article-body mb-nof-24 px-nof-16\">\u2013 Sielt\u00e4 sitte ambulanssilla Meilahteen ja t\u00e4\u00e4ll\u00e4 lis\u00e4\u00e4 kipul\u00e4\u00e4kett\u00e4. Nyt otettiin syd\u00e4nfilmit ja verikokeet.<\/p>\n<p class=\"article-body mb-nof-24 px-nof-16\">Kurhisen mukaan syd\u00e4nfilmiss\u00e4 oli n\u00e4kynyt jotain omituista. Seuraavaksi h\u00e4nelt\u00e4 otetaan kuvia h\u00e4nen vatsastaan.<\/p>\n<p class=\"article-body mb-nof-24 px-nof-16\">\u2013 T\u00e4mm\u00f6st\u00e4. Ei oo kivaa. N\u00e4in kovii kipuja m\u00e4 en oo koskaan tuntenu mun mahassa. En koskaan. M\u00e4 itkin oikeesti, Kurhinen kertoo.<\/p>\n<p class=\"article-body mb-nof-24 px-nof-16\">Kurhinen tunnetaan esimerkiksi osallistumisestaan Big Brother &#8211; ja Temptation Island -ohjelmiin. Lis\u00e4ksi h\u00e4n on toiminut Suomen ensimm\u00e4isen seksinukkebordellin keulahahmona.<\/p>\n","protected":false},"excerpt":{"rendered":"Antti Kurhinen kertoo, ettei koskaan ole kokenut vastaavanlaisia kipuja. Mediapersoona Antti Kurhinen kertoo Instagram-tilins\u00e4 tarinaosiossa joutuneensa sairaalaan. Instagramin&hellip;\n","protected":false},"author":2,"featured_media":105779,"comment_status":"","ping_status":"","sticky":false,"template":"","format":"standard","meta":{"footnotes":""},"categories":[136],"tags":[407,137,33,31,30,34,408,32,109],"class_list":{"0":"post-105778","1":"post","2":"type-post","3":"status-publish","4":"format-standard","5":"has-post-thumbnail","7":"category-julkkikset","8":"tag-celebrities","9":"tag-entertainment","10":"tag-fi","11":"tag-finland","12":"tag-finnish","13":"tag-ilta-sanomat","14":"tag-julkkikset","15":"tag-suomi","16":"tag-viihde"},"share_on_mastodon":{"url":"https:\/\/pubeurope.com\/@fi\/115650535298778299","error":""},"_links":{"self":[{"href":"https:\/\/www.europesays.com\/fi\/wp-json\/wp\/v2\/posts\/105778","targetHints":{"allow":["GET"]}}],"collection":[{"href":"https:\/\/www.europesays.com\/fi\/wp-json\/wp\/v2\/posts"}],"about":[{"href":"https:\/\/www.europesays.com\/fi\/wp-json\/wp\/v2\/types\/post"}],"author":[{"embeddable":true,"href":"https:\/\/www.europesays.com\/fi\/wp-json\/wp\/v2\/users\/2"}],"replies":[{"embeddable":true,"href":"https:\/\/www.europesays.com\/fi\/wp-json\/wp\/v2\/comments?post=105778"}],"version-history":[{"count":0,"href":"https:\/\/www.europesays.com\/fi\/wp-json\/wp\/v2\/posts\/105778\/revisions"}],"wp:featuredmedia":[{"embeddable":true,"href":"https:\/\/www.europesays.com\/fi\/wp-json\/wp\/v2\/media\/105779"}],"wp:attachment":[{"href":"https:\/\/www.europesays.com\/fi\/wp-json\/wp\/v2\/media?parent=105778"}],"wp:term":[{"taxonomy":"category","embeddable":true,"href":"https:\/\/www.europesays.com\/fi\/wp-json\/wp\/v2\/categories?post=105778"},{"taxonomy":"post_tag","embeddable":true,"href":"https:\/\/www.europesays.com\/fi\/wp-json\/wp\/v2\/tags?post=105778"}],"curies":[{"name":"wp","href":"https:\/\/api.w.org\/{rel}","templated":true}]}}