{"id":105780,"date":"2025-12-02T14:54:14","date_gmt":"2025-12-02T14:54:14","guid":{"rendered":"https:\/\/www.europesays.com\/fi\/105780\/"},"modified":"2025-12-02T14:54:14","modified_gmt":"2025-12-02T14:54:14","slug":"viihtyisa-festari-keskella-synkeinta-marraskuuta-kylla-kiitos-inferno-john-smith-rock-frozenissa","status":"publish","type":"post","link":"https:\/\/www.europesays.com\/fi\/105780\/","title":{"rendered":"Viihtyis\u00e4 festari keskell\u00e4 synkeint\u00e4 marraskuuta? Kyll\u00e4 kiitos &#8211; Inferno John Smith Rock Frozenissa"},"content":{"rendered":"<p>Allekirjoittanut Infernon edustaja ei ollut aiemmin vieraillut John Smith Frozen -tapahtumassa Jyv\u00e4skyl\u00e4ss\u00e4, mutta onneksi \u201dpuute\u201d tuli korjattua t\u00e4n\u00e4 vuonna. Pakottavien syiden takia tosin vain ensimm\u00e4isen tapahtumap\u00e4iv\u00e4n osalta, mutta kuitenkin.<\/p>\n<p>J\u00e4\u00e4tyneen John Smithin kes\u00e4serkku John Smith Rock Festival on tullut todettua mahtavaksi festariksi jo useamman kes\u00e4n kokemuksella, joten odotukset my\u00f6s talviversion suhteen liitiv\u00e4t korkealla. Ja sit\u00e4h\u00e4n se sitten olikin: mainio tapahtuma.<\/p>\n<p>Heti sis\u00e4\u00e4nheitt\u00e4neiden ovien j\u00e4lkeen alkoi tapahtua hyvi\u00e4 asioita, sill\u00e4 tapahtumapaikka Paviljonki oli sisustettu ja varusteltu n\u00e4ytt\u00e4v\u00e4sti, osin pikkujouluhenkeen, osin festarihenkeen.<\/p>\n<p>Paviljonki on niin iso paikka, ett\u00e4 siell\u00e4 kulkiessa tuntui ihan oikeasti kuin olisi ollut isommillakin festareilla. Tuolla on p\u00e4\u00e4estradi, tuolla toisessa hallissa on kakkoslava, tuolla on b\u00e4ndien nimmaripiste, tuolla on ruoka- ja juomakojuja, tuolla on myynniss\u00e4 b\u00e4ndipaitoja. Ja niin edelleen. Ja mik\u00e4p\u00e4 tuolla korkeuksissa on? Aivan, siell\u00e4 on katto. Sadetta ei siis ole luvassa. Kuinka kivaa se sitten on? No, ihan helvetin kivaa.<\/p>\n<p><img loading=\"lazy\" height=\"443\" width=\"648\" class=\"wp-image-112676 sp-no-webp perfmatters-lazy\" alt=\"\" decoding=\"async\" src=\"https:\/\/www.europesays.com\/fi\/wp-content\/uploads\/2025\/12\/vii-1-648x443.jpg\"  data-\/> Viikate. Kuva: Timo Isoaho<\/p>\n<p>P\u00e4\u00e4lavan musiikillisesta ensi-iskusta vastasi <strong>Viikate<\/strong>, joka my\u00f6s soitti v\u00e4hint\u00e4\u00e4nkin tyylikk\u00e4\u00e4sti nimetyn Hell\u2019s Desibells -syyskierroksensa viimeisen keikan. V-viisikko oli j\u00e4mer\u00e4ss\u00e4 iskussa ja konsertti oli kaiken kaikkeaan \u201dsit\u00e4 ihte\u00e4\u00e4n\u201d: kaihoisia kaakon s\u00e4velmi\u00e4 maustettuna kappaleiden v\u00e4lisell\u00e4 stand up -komiikalla. Yhtye teki my\u00f6s lupauksen: se juhlii ensi vuonna kolmekymppisi\u00e4 kaikkien muiden puolesta. Ehk\u00e4 itsens\u00e4kin.<\/p>\n<p>Reilun tunnin esiintyneen Viikatteen biisikattaus oli ilahduttavan monisyinen. Kuolleen miehen kupletin kaltaisten klassikoiden ohella mukana olivat muun muassa tuoreemmat veisut \u00c4l\u00e4 pelk\u00e4\u00e4 pime\u00e4\u00e4 ja Klovni Mortem. Ent\u00e4 Mies ja kuusi kantajaa? Enp\u00e4 muista kuulleeni kappaletta liven\u00e4 ihan hetkeen \u2013 muisti saattaa toki p\u00e4tki\u00e4.<\/p>\n<p>Kun muun muassa rumpusoolo (!) ja tuttu p\u00e4\u00e4t\u00f6sveto Kuu kaakon yll\u00e4 olivat saatu selv\u00e4ksi p\u00e4ssinlihaksi, Viikate poistui lavalta syvien kumarrusten \u2013 niit\u00e4 n\u00e4htiin niin lavalla kuin yleis\u00f6ss\u00e4kin \u2013 saattelemana. Niit\u00e4 kolmekymppisi\u00e4 odotellessa sitten.<\/p>\n<p>Ent\u00e4 <strong>Stam1na<\/strong>? My\u00f6s lemil\u00e4iset olivat kiertueen loppusuoralla, mutta heit\u00e4 odotti sent\u00e4\u00e4n viel\u00e4 seuraavan p\u00e4iv\u00e4n Joensuun-keikka.<\/p>\n<p><img loading=\"lazy\" height=\"432\" width=\"648\" class=\"wp-image-112677 sp-no-webp perfmatters-lazy\" alt=\"\" decoding=\"async\" src=\"https:\/\/www.europesays.com\/fi\/wp-content\/uploads\/2025\/12\/stam-2-648x432.jpg\"  data-\/> Stam1na. Kuva: Timo Isoaho<\/p>\n<p>Komeasti lavan sisustaneen Stam1nan ylivoimaisen livetoiminnan kehuminen on yht\u00e4 kekseli\u00e4st\u00e4 kuin nykyhallituksen haukkuminen, mutta hetkinen nyt sent\u00e4\u00e4n\u2026 Vaikka orkesterin meininki \u2013 se sis\u00e4lt\u00e4\u00e4 esimerkiksi monenlaisia rajuja liikeratoja \u2013 on vuodesta toiseen h\u00e4mment\u00e4v\u00e4n railakas, tekev\u00e4tk\u00f6 n\u00e4m\u00e4 muusikot ikin\u00e4 soittovirhett\u00e4? Toivottavasti, sill\u00e4 muuten heit\u00e4 t\u00e4ytyy pit\u00e4\u00e4 robotteina.<\/p>\n<p>Viikatteen ohella my\u00f6s Stam1na t\u00e4ytt\u00e4\u00e4 ensi vuonna 30, mutta <strong>Antti Hyyrynen<\/strong> ja kumppanit ottivat er\u00e4\u00e4nlaisen varasl\u00e4hd\u00f6n, ja juhlistivat loppusyksyst\u00e4 2025 \u201dv\u00e4h\u00e4n nuorempiaan\u201d eli parikymppist\u00e4 debyyttilevy Stam1naa ja Uudet kymmenen k\u00e4sky\u00e4 -kakkosta, joka taas julkaistiin 2006. Luvassa oli siis Stam1na-klassikoita toinen toisensa per\u00e4\u00e4n: Paha arkkitehti, Viisi laukausta p\u00e4\u00e4h\u00e4n, Vapaa maa, V\u00e4kivaltakunta, Merest\u00e4 maalle\u2026 Riitt\u00e4\u00e4k\u00f6?<\/p>\n<p>Ent\u00e4 oliko tarjolla stand upia Viikatteen tapaan? Totta kai, Stam1nasta kun puhutaan. Kun nelj\u00e4 seisovin jaloin soittavaa humoristia (Hyyrynen, kitaristi <strong>Pexi Olkkonen<\/strong>, basisti <strong>Kai-Pekka Kangasm\u00e4ki<\/strong> ja kosketinsoittaja <strong>Emil L\u00e4hteenm\u00e4ki<\/strong>) antoivat palaa, vastuu siirtyi jossain vaiheessa v\u00e4ist\u00e4m\u00e4tt\u00e4 kuulijoille. Lemi, karaoke ja lampaat mainittiin spiikeiss\u00e4 jo hyviss\u00e4 ajoin. Ja toki ne kuulijatkin osallistuivat karkeloihin: kun lavalta varovaisesti kyseltiin, ett\u00e4 onkohan Jyv\u00e4skyl\u00e4ss\u00e4 t\u00e4n\u00e4\u00e4n mahdollisesti hyv\u00e4 meininki, kuultiin yleis\u00f6n puolelta totuus: \u201dEi niin hyv\u00e4 kuin Lemill\u00e4!\u201d<\/p>\n<p>Stam1nan myrsky ei osoita laantumisen merkkej\u00e4. Se lupaa hyv\u00e4\u00e4 ensi vuodelle.<\/p>\n<p><img loading=\"lazy\" height=\"417\" width=\"648\" class=\"wp-image-112678 sp-no-webp perfmatters-lazy\" alt=\"\" decoding=\"async\" src=\"https:\/\/www.europesays.com\/fi\/wp-content\/uploads\/2025\/12\/halo-1-648x417.jpg\"  data-\/> The Halo Effect. Kuva: Timo Isoaho<\/p>\n<p>Sitten siirryttiin ulkomaille. G\u00f6teborgin \u201duusi In Flames\u201d <strong>The Halo Effect<\/strong> saapui Keski-Suomeen suoraan Japanista \u2013 vain kaksi p\u00e4iv\u00e4\u00e4 aiemmin n\u00e4m\u00e4 s\u00e4velet olivat soineet Tokiossa \u2013 mutta matkav\u00e4symyksest\u00e4 ei ollut tietoakaan, kun laulaja <strong>Mikael Stanne<\/strong>, kitaristi <strong>Niclas Engelin<\/strong>, basisti <strong>Peter Iwers<\/strong>, rumpali <strong>Daniel Svensson<\/strong> ja kiertuekitaristi <strong>Patrik Jensen<\/strong> nousivat lavalle \u201dkuulemattomien marssin\u201d tahdissa. No okei, Stannen piti venytell\u00e4 \u00e4\u00e4nij\u00e4nteit\u00e4\u00e4n biisin tai kahden verran, mutta ammattimies oli taas kerran ammattimies \u2013 ja niin vain \u00e4\u00e4ni alkoi kulkea.<\/p>\n<p>Suomalaiskollegoiden tapaan The Halo Effect oli vuoden viimeisten keikkojen \u00e4\u00e4rell\u00e4. Ehk\u00e4 touhussa oli jopa pient\u00e4 ekstralatausta ennen joulun pyhi\u00e4 tai ep\u00e4pyhi\u00e4 \u2013 valitse omasi \u2013 mutta b\u00e4ndi ei j\u00e4tt\u00e4nyt mit\u00e4\u00e4n arvailujen varaan. Soitto, soundit, meininki, Stannen hyv\u00e4ntuuliset spiikit\u2026 Homma toimi ja raskaan musiikin syd\u00e4meens\u00e4 p\u00e4\u00e4st\u00e4neet kansalaiset saivat tasan tarkkaan sit\u00e4, mit\u00e4 he olivat tulleet hakemaankin. Kun The Halo Effect lopulta l\u00f6i pillins\u00e4 pussiin kivikovan Days of the Lost \/ Shadowminds -kaksikon my\u00f6t\u00e4, hymyt olivat herk\u00e4ss\u00e4 niin estradilla kuin porukan puolellakin.<\/p>\n<p>Ent\u00e4 illan p\u00e4\u00e4nimi <strong>Cradle of Filth<\/strong>? Jos joku on seurannut raskaan musiikin uutisointia edes et\u00e4isesti, COF:n viime aikojen turbulenssi ei varmasti ole j\u00e4\u00e4nyt huomaamatta.<\/p>\n<p>Cradle-kippari <strong>Dani Filth<\/strong> olikin taatusti iloinen kiivetess\u00e4\u00e4n JSF:n lauteille, sill\u00e4 solisti sai ainakin keikan ajaksi ajatuksensa jonnekin muualle. Sill\u00e4 tulihan viikonloppuna yleiseen tietoon, ett\u00e4 per\u00e4ti kuusi entist\u00e4 COF-j\u00e4sent\u00e4 on haastanut herra Filthin oikeuteen \u2013 aiemmin syksyll\u00e4 tapahtuneiden kokoonpanosotkujen jatkoksi.<\/p>\n<p><img loading=\"lazy\" height=\"432\" width=\"648\" class=\"wp-image-112679 sp-no-webp perfmatters-lazy\" alt=\"\" decoding=\"async\" src=\"https:\/\/www.europesays.com\/fi\/wp-content\/uploads\/2025\/12\/cof-3-648x432.jpg\"  data-\/> Cradle of Filth. Kuva: Timo Isoaho<\/p>\n<p>Saapa nyt sitten n\u00e4hd\u00e4, miten t\u00e4m\u00e4 lakisaaga jatkaa vaellustaan, mutta ainakin Jyv\u00e4skyl\u00e4ss\u00e4 \u201dbusiness was as usual\u201d. Toisin sanoen \u00e4\u00e4rimetallin 35-vuotias veteraani kipusi n\u00e4ytt\u00e4v\u00e4lle kauhu- ja goottihenkisesti sisustellulle estradille kuusij\u00e4senisen\u00e4 \u2013 ihan niin kuin niin monesti aiemminkin. Uusi kokoonpano oli my\u00f6s hitsautunut yhteen jo sen verran hyvin, ettei mist\u00e4\u00e4n pystynyt p\u00e4\u00e4ttelem\u00e4\u00e4n, ett\u00e4 kitaristi <strong>Ji\u0159\u00ed H\u00e1b<\/strong> ja kosketinsoittaja <strong>Kelsey Peters<\/strong> ovat olleet mukana vasta hetken aikaa.<\/p>\n<p>Ja itse\u00e4ni lainatakseni, bisnes oli entisell\u00e4\u00e4n noin muutenkin. Esimerkiksi Danin laulu on yh\u00e4 edelleen\u2026 no, v\u00e4hint\u00e4\u00e4nkin mielipiteit\u00e4 jakavaa. Kun mies kirkuu\/k\u00e4hisee korkealta ja kovaa, se kuulostaa samaan aikaan riipiv\u00e4lt\u00e4 ja kiehtovalta. Kaikki pisteet Suffolkin pienelle suurelle miehelle siit\u00e4, ettei k\u00e4yt\u00e4nn\u00f6ss\u00e4 kukaan kykene edelleenk\u00e4\u00e4n kuulostamaan h\u00e4nelt\u00e4, mutta onko se sitten hyv\u00e4 asia \u2013 varsinkaan vuonna 2025? Jaa-a. Se on vissiin up yours.<\/p>\n<p>Yksi asia kuitenkin lienee varmaa, kun taas yksi vuosi on vaihtumassa: Danin el\u00e4m\u00e4nty\u00f6 Cradle of Filth puskee v\u00e4\u00e4j\u00e4\u00e4m\u00e4tt\u00e4 eteenp\u00e4in \u2013 esteet tielt\u00e4\u00e4n raivaten. Loppua ei ole n\u00e4kyviss\u00e4. Eik\u00e4 toivottavasti John Smith Frozenillekaan!<\/p>\n<p>Teksti ja kuvat: Timo Isoaho<\/p>\n<p><img loading=\"lazy\" height=\"453\" width=\"648\" class=\"wp-image-112680 sp-no-webp perfmatters-lazy\" alt=\"\" decoding=\"async\" data-id=\"112680\" src=\"https:\/\/www.europesays.com\/fi\/wp-content\/uploads\/2025\/12\/vii-2-648x453.jpg\"  data-\/> Viikate.<\/p>\n<p><img loading=\"lazy\" height=\"413\" width=\"648\" class=\"wp-image-112681 sp-no-webp perfmatters-lazy\" alt=\"\" decoding=\"async\" data-id=\"112681\" src=\"https:\/\/www.europesays.com\/fi\/wp-content\/uploads\/2025\/12\/vii-3-648x413.jpg\"  data-\/> Viikate.<\/p>\n<p><img loading=\"lazy\" height=\"403\" width=\"648\" class=\"wp-image-112684 sp-no-webp perfmatters-lazy\" alt=\"\" decoding=\"async\" data-id=\"112684\" src=\"https:\/\/www.europesays.com\/fi\/wp-content\/uploads\/2025\/12\/stam-1-648x403.jpg\"  data-\/> Stam1na.<\/p>\n<p><img loading=\"lazy\" height=\"394\" width=\"648\" class=\"wp-image-112683 sp-no-webp perfmatters-lazy\" alt=\"\" decoding=\"async\" data-id=\"112683\" src=\"https:\/\/www.europesays.com\/fi\/wp-content\/uploads\/2025\/12\/stam-3-648x394.jpg\"  data-\/> Stam1na.<\/p>\n<p><img loading=\"lazy\" height=\"372\" width=\"648\" class=\"wp-image-112682 sp-no-webp perfmatters-lazy\" alt=\"\" decoding=\"async\" data-id=\"112682\" src=\"https:\/\/www.europesays.com\/fi\/wp-content\/uploads\/2025\/12\/stam-4-648x372.jpg\"  data-\/> Stam1na.<\/p>\n<p><img loading=\"lazy\" height=\"424\" width=\"648\" class=\"wp-image-112686 sp-no-webp perfmatters-lazy\" alt=\"\" decoding=\"async\" data-id=\"112686\" src=\"https:\/\/www.europesays.com\/fi\/wp-content\/uploads\/2025\/12\/halo-3-648x424.jpg\"  data-\/> The Halo Effect.<\/p>\n<p><img loading=\"lazy\" height=\"517\" width=\"648\" class=\"wp-image-112685 sp-no-webp perfmatters-lazy\" alt=\"\" decoding=\"async\" data-id=\"112685\" src=\"https:\/\/www.europesays.com\/fi\/wp-content\/uploads\/2025\/12\/halo-2-648x517.jpg\"  data-\/> The Halo Effect.<\/p>\n<p><img loading=\"lazy\" height=\"422\" width=\"648\" class=\"wp-image-112687 sp-no-webp perfmatters-lazy\" alt=\"\" decoding=\"async\" data-id=\"112687\" src=\"https:\/\/www.europesays.com\/fi\/wp-content\/uploads\/2025\/12\/cof-1-648x422.jpg\"  data-\/> Cradle of Filth.<\/p>\n<p><img loading=\"lazy\" height=\"432\" width=\"648\" class=\"wp-image-112688 sp-no-webp perfmatters-lazy\" alt=\"\" decoding=\"async\" data-id=\"112688\" src=\"https:\/\/www.europesays.com\/fi\/wp-content\/uploads\/2025\/12\/cof-2-648x432.jpg\"  data-\/> Cradle of Filth.<\/p>\n","protected":false},"excerpt":{"rendered":"Allekirjoittanut Infernon edustaja ei ollut aiemmin vieraillut John Smith Frozen -tapahtumassa Jyv\u00e4skyl\u00e4ss\u00e4, mutta onneksi \u201dpuute\u201d tuli korjattua t\u00e4n\u00e4&hellip;\n","protected":false},"author":2,"featured_media":105781,"comment_status":"","ping_status":"","sticky":false,"template":"","format":"standard","meta":{"footnotes":""},"categories":[132],"tags":[137,33,31,30,972,2867,195,47,32,109],"class_list":{"0":"post-105780","1":"post","2":"type-post","3":"status-publish","4":"format-standard","5":"has-post-thumbnail","7":"category-musiikki","8":"tag-entertainment","9":"tag-fi","10":"tag-finland","11":"tag-finnish","12":"tag-kuvagalleria","13":"tag-livearvio","14":"tag-music","15":"tag-musiikki","16":"tag-suomi","17":"tag-viihde"},"share_on_mastodon":{"url":"https:\/\/pubeurope.com\/@fi\/115650551432867952","error":""},"_links":{"self":[{"href":"https:\/\/www.europesays.com\/fi\/wp-json\/wp\/v2\/posts\/105780","targetHints":{"allow":["GET"]}}],"collection":[{"href":"https:\/\/www.europesays.com\/fi\/wp-json\/wp\/v2\/posts"}],"about":[{"href":"https:\/\/www.europesays.com\/fi\/wp-json\/wp\/v2\/types\/post"}],"author":[{"embeddable":true,"href":"https:\/\/www.europesays.com\/fi\/wp-json\/wp\/v2\/users\/2"}],"replies":[{"embeddable":true,"href":"https:\/\/www.europesays.com\/fi\/wp-json\/wp\/v2\/comments?post=105780"}],"version-history":[{"count":0,"href":"https:\/\/www.europesays.com\/fi\/wp-json\/wp\/v2\/posts\/105780\/revisions"}],"wp:featuredmedia":[{"embeddable":true,"href":"https:\/\/www.europesays.com\/fi\/wp-json\/wp\/v2\/media\/105781"}],"wp:attachment":[{"href":"https:\/\/www.europesays.com\/fi\/wp-json\/wp\/v2\/media?parent=105780"}],"wp:term":[{"taxonomy":"category","embeddable":true,"href":"https:\/\/www.europesays.com\/fi\/wp-json\/wp\/v2\/categories?post=105780"},{"taxonomy":"post_tag","embeddable":true,"href":"https:\/\/www.europesays.com\/fi\/wp-json\/wp\/v2\/tags?post=105780"}],"curies":[{"name":"wp","href":"https:\/\/api.w.org\/{rel}","templated":true}]}}