{"id":105782,"date":"2025-12-02T14:55:07","date_gmt":"2025-12-02T14:55:07","guid":{"rendered":"https:\/\/www.europesays.com\/fi\/105782\/"},"modified":"2025-12-02T14:55:07","modified_gmt":"2025-12-02T14:55:07","slug":"huhu-marvel-studios-julkaisee-avengers-doomsdayn-trailerin-jo-talla-viikolla","status":"publish","type":"post","link":"https:\/\/www.europesays.com\/fi\/105782\/","title":{"rendered":"Huhu: Marvel Studios julkaisee Avengers: Doomsdayn trailerin jo t\u00e4ll\u00e4 viikolla"},"content":{"rendered":"<p>Anthony ja Joe Russon ohjaama Avengers: Doomsday saa ensi-iltansa joulukuussa 2026.<\/p>\n<p>Seuraavaa Avengers-elokuvaa saadaan odotella viel\u00e4 vuosi, mutta sen ensimm\u00e4ist\u00e4 traileria on lupailtu jo t\u00e4m\u00e4n vuoden puolella. Hetki sitten huhuttiin, ett\u00e4 <a href=\"https:\/\/muropaketti.com\/avainsana\/avengers-doomsday\/\" rel=\"nofollow noopener\" target=\"_blank\">Avengers: Doomsdayn<\/a> traileri julkaistaisiin elokuvateattereissa Avatar: Fire and Ash -elokuvan rinnalla, mutta uuden huhun mukaan se saattaa tulla n\u00e4ht\u00e4v\u00e4ksi jo sit\u00e4kin ennen, uutisoi <a href=\"https:\/\/comicbookmovie.com\/avengers\/avengers-doomsday\/the-first-avengers-doomsday-trailer-could-be-coming-sooner-than-expected-a225244\" target=\"_blank\" rel=\"noreferrer noopener nofollow\">Comicbook Movie<\/a>.<\/p>\n<p>Disney tai Marvel Studios eiv\u00e4t kuitenkaan ole paljastaneet asian suhteen mit\u00e4\u00e4n virallista.<\/p>\n<p>Tuleva Avengers: Doomsday linkittyy keskeisesti kes\u00e4ll\u00e4 2025 julkaistuun The Fantastic Four: First Steps -elokuvaan. Sen somessa on julkaistu sunnuntaisin klippi\u00e4 elokuvan kohtauksesta, miss\u00e4 Pedro Pascalin Reed Richards muistuttaa perheen sunnuntai-illan dinnerist\u00e4.<\/p>\n<p>Koska klippi on julkaistu edelleen pitk\u00e4n aikaa Ihmenelos-elokuvan julkaisun j\u00e4lkeen, kuulostaisi ihan j\u00e4rkev\u00e4lt\u00e4, ett\u00e4 Doctor Doom iskisi juuri sunnuntaidinnerin aikaan. <\/p>\n<p>Huhun mukaan Doomsday-traileri julkaistaisiin netiss\u00e4 7. joulukuuta klo 19 Yhdysvaltain it\u00e4rannikon aikaa (eli Suomen aikaa klo 2 aamuy\u00f6ll\u00e4, mik\u00e4li oikein laskimme). T\u00e4m\u00e4 j\u00e4\u00e4 n\u00e4ht\u00e4v\u00e4ksi.<\/p>\n<p>Avengers: Doomsdayssa n\u00e4yttelev\u00e4t ainakin Chris Hemsworth, Tom Hiddleston, Paul Rudd, Letitia Wright, Anthony Mackie, Simu Liu, Danny Ramirez, Winston Duke, Sebastian Stan, Florence Pugh, Wyatt Russell, David Harbour, Hannah John-Kamen, Lewis Pullman, Patrick Stewart, Ian McKellen, James Marsden, Rebecca Romijn, Alan Cumming, Kelsey Grammer, Channing Tatum, Pedro Pascal, Vanessa Kirby, Ebon Moss-Bachrach, Joseph Quinn, Tenoch Huerta Mej\u00eda ja Robert Downey Jr.<\/p>\n<p>Ensimm\u00e4ist\u00e4 varsinaista traileria odotellessa ei auta kuin tuijotella tyhji\u00e4 tuoleja\u2026<\/p>\n","protected":false},"excerpt":{"rendered":"Anthony ja Joe Russon ohjaama Avengers: Doomsday saa ensi-iltansa joulukuussa 2026. Seuraavaa Avengers-elokuvaa saadaan odotella viel\u00e4 vuosi, mutta&hellip;\n","protected":false},"author":2,"featured_media":797,"comment_status":"","ping_status":"","sticky":false,"template":"","format":"standard","meta":{"footnotes":""},"categories":[131],"tags":[809,155,137,33,173,31,30,2813,172,32,109],"class_list":{"0":"post-105782","1":"post","2":"type-post","3":"status-publish","4":"format-standard","5":"has-post-thumbnail","7":"category-elokuvat","8":"tag-avengers-doomsday","9":"tag-elokuvat","10":"tag-entertainment","11":"tag-fi","12":"tag-film","13":"tag-finland","14":"tag-finnish","15":"tag-marvel-studios","16":"tag-movies","17":"tag-suomi","18":"tag-viihde"},"share_on_mastodon":{"url":"https:\/\/pubeurope.com\/@fi\/115650554956037135","error":""},"_links":{"self":[{"href":"https:\/\/www.europesays.com\/fi\/wp-json\/wp\/v2\/posts\/105782","targetHints":{"allow":["GET"]}}],"collection":[{"href":"https:\/\/www.europesays.com\/fi\/wp-json\/wp\/v2\/posts"}],"about":[{"href":"https:\/\/www.europesays.com\/fi\/wp-json\/wp\/v2\/types\/post"}],"author":[{"embeddable":true,"href":"https:\/\/www.europesays.com\/fi\/wp-json\/wp\/v2\/users\/2"}],"replies":[{"embeddable":true,"href":"https:\/\/www.europesays.com\/fi\/wp-json\/wp\/v2\/comments?post=105782"}],"version-history":[{"count":0,"href":"https:\/\/www.europesays.com\/fi\/wp-json\/wp\/v2\/posts\/105782\/revisions"}],"wp:featuredmedia":[{"embeddable":true,"href":"https:\/\/www.europesays.com\/fi\/wp-json\/wp\/v2\/media\/797"}],"wp:attachment":[{"href":"https:\/\/www.europesays.com\/fi\/wp-json\/wp\/v2\/media?parent=105782"}],"wp:term":[{"taxonomy":"category","embeddable":true,"href":"https:\/\/www.europesays.com\/fi\/wp-json\/wp\/v2\/categories?post=105782"},{"taxonomy":"post_tag","embeddable":true,"href":"https:\/\/www.europesays.com\/fi\/wp-json\/wp\/v2\/tags?post=105782"}],"curies":[{"name":"wp","href":"https:\/\/api.w.org\/{rel}","templated":true}]}}