{"id":105785,"date":"2025-12-02T14:58:08","date_gmt":"2025-12-02T14:58:08","guid":{"rendered":"https:\/\/www.europesays.com\/fi\/105785\/"},"modified":"2025-12-02T14:58:08","modified_gmt":"2025-12-02T14:58:08","slug":"kuningatar-silvia-sairastui-jatti-valiin-tarkean-tilaisuuden","status":"publish","type":"post","link":"https:\/\/www.europesays.com\/fi\/105785\/","title":{"rendered":"Kuningatar Silvia sairastui \u2013 j\u00e4tti v\u00e4liin t\u00e4rke\u00e4n tilaisuuden"},"content":{"rendered":"<p>Silvian terveys on viime vuosina ollut tapetilla.<\/p>\n<p class=\"article-body mb-nof-24 px-nof-16\">Ruotsin kuningatar <a class=\"article-personlink\" href=\"https:\/\/www.is.fi\/haku\/?query=Silvia\" rel=\"nofollow noopener\" target=\"_blank\">Silvia<\/a>, 81, on joutunut perumaan ainakin yhden esiintymisen sairastumisen takia.<\/p>\n<p class=\"article-body mb-nof-24 px-nof-16\">Asiasta kertoo <a class=\"article-genericlink\" href=\"https:\/\/www.svenskdam.se\/kungligt\/just-nu-drottningen-har-lamnat-aterbud-victoria-ersatter\/11165553\" rel=\"nofollow noopener\" target=\"_blank\">Svensk Damtidning<\/a>.<\/p>\n<p class=\"article-body mb-nof-24 px-nof-16\">Silvia on lehden mukaan vilustunut.<\/p>\n<p class=\"article-body mb-nof-24 px-nof-16\">Kuningatar joutui j\u00e4tt\u00e4m\u00e4\u00e4n v\u00e4liin h\u00e4nelle itselleen t\u00e4rke\u00e4n juhlan: Saksalaisen naiskerhon vuosittaisen adventtijuhlan. Juhlaa vietettiin t\u00e4n\u00e4 vuonna Tukholman vanhassa kaupungissa sijaitsevassa saksalaisessa kirkossa.<\/p>\n<p class=\"article-body mb-nof-24 px-nof-16\">Kuningatarta tuurasi tilaisuudessa kruununprinsessa <a class=\"article-personlink\" href=\"https:\/\/www.is.fi\/haku\/?query=Victoria\" rel=\"nofollow noopener\" target=\"_blank\">Victoria<\/a>.<\/p>\n<p class=\"article-body mb-nof-24 px-nof-16\">Svensk Dam huomasi ohjelmanmuutoksen itse. Hovi ei siit\u00e4 tiedottanut. Lehden mukaan hovin kalenterissa kuningatar oli kaikessa hiljaisuudessa vaihtunut kruununprinsessaksi.<\/p>\n<p class=\"article-body mb-nof-24 px-nof-16\">Lehti oli ollut yhteydess\u00e4 hoviin. Hovi vastasi:<\/p>\n<p class=\"article-body mb-nof-24 px-nof-16\">\u2013 H\u00e4nen majestettinsa on vilustunut. Huomaavaisuudesta muita tilaisuuden osanottajia kohtaan h\u00e4n on perunut p\u00e4iv\u00e4n osallistumisensa.<\/p>\n<p class=\"article-body mb-nof-24 px-nof-16\">Silvia on ollut viime aikoina otsikoissa ensisijaisesti terveyssyist\u00e4.<\/p>\n<p class=\"article-body mb-nof-24 px-nof-16\">Esimerkiksi huhtikuussa 2025 h\u00e4nelle tehtiin jalkaleikkaus vaivaisenluun vuoksi. Leikkauksen j\u00e4lkeen h\u00e4n joutui k\u00e4ytt\u00e4m\u00e4\u00e4n k\u00e4velykeppi\u00e4 liikkumisen apuna.<\/p>\n<p class=\"article-body mb-nof-24 px-nof-16\">Kes\u00e4ll\u00e4 kuningatar pysytteli paljolti poissa julkisuudesta. Hein\u00e4kuussa h\u00e4net sent\u00e4\u00e4n n\u00e4htiin Victorian syntym\u00e4p\u00e4ivill\u00e4, mutta muutoin h\u00e4n keskittyi ainakin Svensk Damtidningin tietojen mukaan lep\u00e4\u00e4miseen. H\u00e4n vietti tiett\u00e4v\u00e4sti kes\u00e4\u00e4ns\u00e4 perinteiseen tapaan \u00d6\u00f6lannissa, mutta h\u00e4nt\u00e4 ei ole n\u00e4hty ymp\u00e4rist\u00f6ss\u00e4 tai tiluksilla edes vilaukselta.<\/p>\n<p class=\"article-body mb-nof-24 px-nof-16\">Lehtiv\u00e4itteiden mukaan etenkin kruununprinsessa Victoria on huolissaan \u00e4itins\u00e4 terveydentilasta ja ty\u00f6m\u00e4\u00e4r\u00e4st\u00e4 korkeassa i\u00e4ss\u00e4. Hovin mukaan Silvian sairastelut eiv\u00e4t kuitenkaan ole olleet vakavia.<\/p>\n<p class=\"article-body mb-nof-24 px-nof-16\">Syyskuussa Silvia kuitenkin edusti normaaliin tapaan. H\u00e4n jakoi vuosittaisen Queen Silvia Nursing Award -palkinnon Tukholman kuninkaanlinnassa. Viime vuonna palkinnon voitti tamperelainen l\u00e4hihoitaja <a class=\"article-personlink\" href=\"https:\/\/www.is.fi\/haku\/?query=Emma%20Sandberg\" rel=\"nofollow noopener\" target=\"_blank\">Emma Sandberg<\/a>.<\/p>\n<p class=\"article-body mb-nof-24 px-nof-16\">T\u00e4m\u00e4n lis\u00e4ksi Silvia esiintyi my\u00f6s Unicefin tilaisuudessa New Yorkissa.<\/p>\n","protected":false},"excerpt":{"rendered":"Silvian terveys on viime vuosina ollut tapetilla. Ruotsin kuningatar Silvia, 81, on joutunut perumaan ainakin yhden esiintymisen sairastumisen&hellip;\n","protected":false},"author":2,"featured_media":105786,"comment_status":"","ping_status":"","sticky":false,"template":"","format":"standard","meta":{"footnotes":""},"categories":[130],"tags":[137,33,31,30,34,32,109],"class_list":{"0":"post-105785","1":"post","2":"type-post","3":"status-publish","4":"format-standard","5":"has-post-thumbnail","7":"category-viihde","8":"tag-entertainment","9":"tag-fi","10":"tag-finland","11":"tag-finnish","12":"tag-ilta-sanomat","13":"tag-suomi","14":"tag-viihde"},"share_on_mastodon":{"url":"https:\/\/pubeurope.com\/@fi\/115650566769040307","error":""},"_links":{"self":[{"href":"https:\/\/www.europesays.com\/fi\/wp-json\/wp\/v2\/posts\/105785","targetHints":{"allow":["GET"]}}],"collection":[{"href":"https:\/\/www.europesays.com\/fi\/wp-json\/wp\/v2\/posts"}],"about":[{"href":"https:\/\/www.europesays.com\/fi\/wp-json\/wp\/v2\/types\/post"}],"author":[{"embeddable":true,"href":"https:\/\/www.europesays.com\/fi\/wp-json\/wp\/v2\/users\/2"}],"replies":[{"embeddable":true,"href":"https:\/\/www.europesays.com\/fi\/wp-json\/wp\/v2\/comments?post=105785"}],"version-history":[{"count":0,"href":"https:\/\/www.europesays.com\/fi\/wp-json\/wp\/v2\/posts\/105785\/revisions"}],"wp:featuredmedia":[{"embeddable":true,"href":"https:\/\/www.europesays.com\/fi\/wp-json\/wp\/v2\/media\/105786"}],"wp:attachment":[{"href":"https:\/\/www.europesays.com\/fi\/wp-json\/wp\/v2\/media?parent=105785"}],"wp:term":[{"taxonomy":"category","embeddable":true,"href":"https:\/\/www.europesays.com\/fi\/wp-json\/wp\/v2\/categories?post=105785"},{"taxonomy":"post_tag","embeddable":true,"href":"https:\/\/www.europesays.com\/fi\/wp-json\/wp\/v2\/tags?post=105785"}],"curies":[{"name":"wp","href":"https:\/\/api.w.org\/{rel}","templated":true}]}}