{"id":105789,"date":"2025-12-02T15:02:09","date_gmt":"2025-12-02T15:02:09","guid":{"rendered":"https:\/\/www.europesays.com\/fi\/105789\/"},"modified":"2025-12-02T15:02:09","modified_gmt":"2025-12-02T15:02:09","slug":"ft-euroopan-keskuspankki-kieltaytyy-takaamasta-140-miljardin-lainaa-ukrainalle","status":"publish","type":"post","link":"https:\/\/www.europesays.com\/fi\/105789\/","title":{"rendered":"FT: Euroopan keskuspankki kielt\u00e4ytyy takaamasta 140 miljardin lainaa Ukrainalle"},"content":{"rendered":"<p class=\"article__paragraph\">\n      Euroopan keskuspankki EKP kielt\u00e4ytyy takaamasta 140 miljardin euron lainaa Ukrainalle, uutisoi brittil\u00e4inen <a href=\"https:\/\/www.ft.com\/content\/616c79ee-34de-425a-865e-e94ba10be788\" rel=\"nofollow noopener\" target=\"_blank\">Financial Times<\/a>.\n    <\/p>\n<p class=\"article__paragraph\">\n      T\u00e4m\u00e4 vaikeuttaa lehden mukaan EU:n suunnitelmia r\u00e4\u00e4t\u00e4l\u00f6id\u00e4 sotakorvauslaina Ukrainalle. Kyse on lainasta, joka rahoitettaisiin Ven\u00e4j\u00e4lt\u00e4 j\u00e4\u00e4dytettyjen varojen k\u00e4teistuotoilla ja jonka Ukraina maksaisi EU:lle takaisin vain siin\u00e4 tapauksessa, ett\u00e4 Ven\u00e4j\u00e4 maksaa maalle sotakorvauksia.\n    <\/p>\n<p class=\"article__paragraph\">\n      Financial Timesin mukaan EKP:t\u00e4 kysyttiin viime k\u00e4den lainantakaajaksi Euroclear-rahoituslaitokselle, jossa Belgia hallinnoi valtaosaa j\u00e4\u00e4dytetyist\u00e4 varoista. EKP:st\u00e4 todettiin Euroopan komissiolle, ett\u00e4 j\u00e4rjestely on mahdoton.\n    <\/p>\n<p class=\"article__paragraph\">\n      Belgia on asettunut poikkiteloin varojen k\u00e4yt\u00f6ss\u00e4, sill\u00e4 se on pel\u00e4nnyt itselleen lankeavia seurauksia. Maa on pel\u00e4nnyt muun muassa Ven\u00e4j\u00e4n mahdollisia oikeustoimia ja vastatoimia, jotka voisivat olla Belgialle hintavia.\n    <\/p>\n<p class=\"article__paragraph\">\n      Ukrainan budjetin ennakoidaan ehtyv\u00e4n ensi kev\u00e4\u00e4seen menness\u00e4. Siksi rahoitusmallin l\u00f6yt\u00e4misell\u00e4 on kiire, ja EU-maiden pit\u00e4isikin sopia asiasta joulukuun huippukokouksessa Brysseliss\u00e4.\n    <\/p>\n<p class=\"article__paragraph\">\n      Sotakorvauslainan lis\u00e4ksi Euroopan komissio on esitt\u00e4nyt vaihtoehtoina Ukrainan rahoitukselle my\u00f6s j\u00e4senmaiden budjeteista Ukrainalle annettavaa suoraa rahoitusta tai EU:n yhteisvelkaa. Ne eiv\u00e4t kuitenkaan ole j\u00e4rin suosittuja monien j\u00e4senmaiden keskuudessa.\n    <\/p>\n<p class=\"article__paragraph\">\n      Esimerkiksi Suomi on sit\u00e4 mielt\u00e4, ett\u00e4 ven\u00e4l\u00e4isten varojen k\u00e4ytt\u00f6 olisi kaikkein oikeudenmukaisin keino Ukrainan tukemiseksi.\n    <\/p>\n<p class=\"article__paragraph\">\n      EKP:n kielt\u00e4ytymisest\u00e4 uutisoi Suomessa ensin <a href=\"https:\/\/yle.fi\/a\/74-20197283\" rel=\"nofollow noopener\" target=\"_blank\">Yle<\/a>.\n    <\/p>\n","protected":false},"excerpt":{"rendered":"Euroopan keskuspankki EKP kielt\u00e4ytyy takaamasta 140 miljardin euron lainaa Ukrainalle, uutisoi brittil\u00e4inen Financial Times. T\u00e4m\u00e4 vaikeuttaa lehden mukaan&hellip;\n","protected":false},"author":2,"featured_media":105790,"comment_status":"","ping_status":"","sticky":false,"template":"","format":"standard","meta":{"footnotes":""},"categories":[14],"tags":[22,23,26,27,33,31,30,17,24,25,28,29,15,18,21,32,19,20,56,16,59,60,61],"class_list":{"0":"post-105789","1":"post","2":"type-post","3":"status-publish","4":"format-standard","5":"has-post-thumbnail","7":"category-ulkomaat","8":"tag-breaking-news","9":"tag-breakingnews","10":"tag-featured-news","11":"tag-featurednews","12":"tag-fi","13":"tag-finland","14":"tag-finnish","15":"tag-headlines","16":"tag-latest-news","17":"tag-latestnews","18":"tag-main-news","19":"tag-mainnews","20":"tag-news","21":"tag-otsikot","22":"tag-paauutiset","23":"tag-suomi","24":"tag-top-stories","25":"tag-topstories","26":"tag-ulkomaat","27":"tag-uutiset","28":"tag-world","29":"tag-world-news","30":"tag-worldnews"},"share_on_mastodon":{"url":"https:\/\/pubeurope.com\/@fi\/115650582531506096","error":""},"_links":{"self":[{"href":"https:\/\/www.europesays.com\/fi\/wp-json\/wp\/v2\/posts\/105789","targetHints":{"allow":["GET"]}}],"collection":[{"href":"https:\/\/www.europesays.com\/fi\/wp-json\/wp\/v2\/posts"}],"about":[{"href":"https:\/\/www.europesays.com\/fi\/wp-json\/wp\/v2\/types\/post"}],"author":[{"embeddable":true,"href":"https:\/\/www.europesays.com\/fi\/wp-json\/wp\/v2\/users\/2"}],"replies":[{"embeddable":true,"href":"https:\/\/www.europesays.com\/fi\/wp-json\/wp\/v2\/comments?post=105789"}],"version-history":[{"count":0,"href":"https:\/\/www.europesays.com\/fi\/wp-json\/wp\/v2\/posts\/105789\/revisions"}],"wp:featuredmedia":[{"embeddable":true,"href":"https:\/\/www.europesays.com\/fi\/wp-json\/wp\/v2\/media\/105790"}],"wp:attachment":[{"href":"https:\/\/www.europesays.com\/fi\/wp-json\/wp\/v2\/media?parent=105789"}],"wp:term":[{"taxonomy":"category","embeddable":true,"href":"https:\/\/www.europesays.com\/fi\/wp-json\/wp\/v2\/categories?post=105789"},{"taxonomy":"post_tag","embeddable":true,"href":"https:\/\/www.europesays.com\/fi\/wp-json\/wp\/v2\/tags?post=105789"}],"curies":[{"name":"wp","href":"https:\/\/api.w.org\/{rel}","templated":true}]}}