{"id":105791,"date":"2025-12-02T15:03:12","date_gmt":"2025-12-02T15:03:12","guid":{"rendered":"https:\/\/www.europesays.com\/fi\/105791\/"},"modified":"2025-12-02T15:03:12","modified_gmt":"2025-12-02T15:03:12","slug":"verottaja-poliisi-ja-traficom-lahettavat-postinsa-ensi-vuonna-vain-sahkoisesti-uutiset-kotimaasta-ja-maailmalta","status":"publish","type":"post","link":"https:\/\/www.europesays.com\/fi\/105791\/","title":{"rendered":"Verottaja, poliisi ja Traficom l\u00e4hett\u00e4v\u00e4t postinsa ensi vuonna vain s\u00e4hk\u00f6isesti &#8211; Uutiset kotimaasta ja maailmalta"},"content":{"rendered":"<p>Paperipostia pit\u00e4\u00e4 pyyt\u00e4\u00e4 erikseen puolen vuoden v\u00e4lein.<\/p>\n<p><a class=\"ArticleImage_imageContainer__e0EST\" href=\"https:\/\/www.europesays.com\/fi\/wp-content\/uploads\/2025\/12\/lJQjUnOGTZsPcC4hmEp3EzBF_Tk.jpg\"><img decoding=\"async\" src=\"https:\/\/www.europesays.com\/fi\/wp-content\/uploads\/2025\/12\/lJQjUnOGTZsPcC4hmEp3EzBF_Tk.jpg\" alt=\"Ensi vuoden alussa valtaosa viranomaispostista tulee Suomi.fi-viestein\u00e4.\" loading=\"lazy\"\/><\/a><\/p>\n<p>Ensi vuoden alussa valtaosa viranomaispostista tulee Suomi.fi-viestein\u00e4.\u00a0Kuva: Kuvakaappaus Suomi.fi -sivuilta<\/p>\n<p class=\"RichTextParagraph_richTextParagraph__Wxs3t undefined\">Viranomaisposti saapuu vuoden 2026 alusta l\u00e4htien kansalaisille ensisijaisesti s\u00e4hk\u00f6isesti.<\/p>\n<p class=\"RichTextParagraph_richTextParagraph__Wxs3t undefined\">Jatkossa kaikki eri viranomaisten t\u00e4rke\u00e4t viestit, kuten laskut, p\u00e4\u00e4t\u00f6kset ja ajanvarauskirjeet tulevat vain Suomi.fi-viesteihin, joka korvaa paperipostin.<\/p>\n<p class=\"RichTextParagraph_richTextParagraph__Wxs3t undefined\">Jo nyt joulukuussa kansalainen saa s\u00e4hk\u00f6postiinsa muistutuksen, jos Suomi.fi-viesteiss\u00e4 on lukemattomia viestej\u00e4. Muistutus n\u00e4kyy, kun tunnistautuu valtion, kunnan tai hyvinvointialueen s\u00e4hk\u00f6isiin asiointipalveluihin. Ilmoitus tulee siihen s\u00e4hk\u00f6postiosoitteeseen, jonka k\u00e4ytt\u00e4j\u00e4 on ilmoittanut Suomi.fi-viesteihin.<\/p>\n<p class=\"RichTextParagraph_richTextParagraph__Wxs3t undefined\">Saman h\u00e4lytyksen antaa Suomi.fi-sovellus, jos sen on ladannut k\u00e4ytt\u00f6\u00f6n.<\/p>\n<p class=\"RichTextParagraph_richTextParagraph__Wxs3t undefined\">Uudesta viestist\u00e4 saa tiedon tunnistautumisen yhteydess\u00e4, mutta ei en\u00e4\u00e4 seuraavalla kirjautumiskerralla, vaikka sen olisi j\u00e4tt\u00e4nyt edelliskerralla lukematta, kertoo Suomi.fi-viestien palveluomistaja <strong id=\"strong-67098332f8f73c1db3ca1e4effb2a597\">Maria Juka-Lahdenper\u00e4<\/strong> Digi- ja v\u00e4est\u00f6tietovirastosta.<\/p>\n<p class=\"Blockquote_text___ueE4\">Digitaaliseen viranomaispostiin siirryt\u00e4\u00e4n, koska laki muuttuu.<\/p>\n<p class=\"RichTextParagraph_richTextParagraph__Wxs3t undefined\">Digitaaliseen viranomaispostiin siirryt\u00e4\u00e4n, koska laki muuttuu ja edellytt\u00e4\u00e4 jatkossa digitaalista ensisijaisuutta.<\/p>\n<p class=\"RichTextParagraph_richTextParagraph__Wxs3t undefined\">Suomi.fi-viestit tulee k\u00e4ytt\u00f6\u00f6n kaikille t\u00e4ysi-ik\u00e4isille, jotka asioivat digitaalisesti eiv\u00e4tk\u00e4 ole ottaneet palvelua aiemmin k\u00e4ytt\u00f6\u00f6ns\u00e4. Suomi.fi-viestit tulee k\u00e4ytt\u00f6\u00f6n, kun henkil\u00f6 tunnistautuu ensimm\u00e4isen kerran vuonna 2026 lain voimaantulon j\u00e4lkeen jonkin viranomaisen s\u00e4hk\u00f6iseen asiointipalveluun. Samalla h\u00e4nelt\u00e4 pyydet\u00e4\u00e4n s\u00e4hk\u00f6postiosoitetta, johon ilmoituksia uusista Suomi.fi-viesteihin saapuneista viesteist\u00e4 l\u00e4hetet\u00e4\u00e4n.<\/p>\n<p class=\"RichTextParagraph_richTextParagraph__Wxs3t undefined\">Muutos koskee yli nelj\u00e4 miljoonaa henkil\u00f6\u00e4, mutta ei heit\u00e4, jotka eiv\u00e4t k\u00e4yt\u00e4 julkisen hallinnon s\u00e4hk\u00f6isi\u00e4 asiointipalveluja, alaik\u00e4isi\u00e4 tai niit\u00e4, jotka ovat edunvalvonnassa tai joilla on voimassa oleva edunvalvontavaltuutus. Heille viranomaisposti tulee jatkossakin paperisena.<\/p>\n<p class=\"RichTextParagraph_richTextParagraph__Wxs3t undefined\">Muutkin k\u00e4ytt\u00e4j\u00e4t voivat muutoksen j\u00e4lkeen siirty\u00e4 halutessaan takaisin paperipostin vastaanottajaksi. Paluun paperipostiin voi tehd\u00e4 Suomi.fi-viestien asetuksissa tai ottamalla yhteytt\u00e4 Digi- ja v\u00e4est\u00f6tietoviraston asiakaspalveluun.<\/p>\n<p class=\"Blockquote_text___ueE4\">\u201dPaluun paperipostin vastaanottajaksi voi tehd\u00e4 vasta Suomi.fi-viestien k\u00e4ytt\u00f6\u00f6noton j\u00e4lkeen vuonna 2026.\u201d<\/p>\n<p>Maria Juka-Lahdenper\u00e4 <\/p>\n<p class=\"RichTextParagraph_richTextParagraph__Wxs3t undefined\">\u201dPaluun paperipostin vastaanottajaksi voi kuitenkin tehd\u00e4 vasta Suomi.fi-viestien k\u00e4ytt\u00f6\u00f6noton j\u00e4lkeen vuonna 2026, kun laki on astunut voimaan ja s\u00e4hk\u00f6inen postilaatikko on luotu, ei ennakkoon\u201d, Juka-Lahdenper\u00e4 sanoo.<\/p>\n<p class=\"RichTextParagraph_richTextParagraph__Wxs3t undefined\">\u201dValinta pysyy voimassa puoli vuotta kerrallaan. Jos kuuden kuukauden j\u00e4lkeen tunnistautuu uudelleen viranomaisten asiointipalveluihin, Suomi.fi-viestit tulee uudelleen k\u00e4ytt\u00f6\u00f6n\u201d, sanoo Juka-Lahdenper\u00e4.<\/p>\n<p class=\"RichTextParagraph_richTextParagraph__Wxs3t undefined\">My\u00f6s Kela on ottanut k\u00e4ytt\u00f6\u00f6n Suomi.fi-viestit, mutta Kelan paperiposti lopetetaan erikseen OmaKelassa.<\/p>\n<p class=\"RichTextParagraph_richTextParagraph__Wxs3t undefined\">Kansalaisia neuvotaan k\u00e4ym\u00e4\u00e4n Suomi.fi-viesteiss\u00e4 s\u00e4\u00e4nn\u00f6llisesti, jotta t\u00e4rke\u00e4t viestit tulevat luetuiksi. Tietoturvan takia Suomi.fi-viesteihin ei tule siirty\u00e4 s\u00e4hk\u00f6postissa, tekstiviestiss\u00e4 tai muualla olevan linkin kautta, vaan osoite <a href=\"https:\/\/eur02.safelinks.protection.outlook.com\/?url=http%3A%2F%2Fxtgk1.mjt.lu%2Flnk%2FEAAAB-VtOd0AAc4gDRwAAGq_rFwAAAABFBYAAAAAABLIdABpLnMTUuE1bRxDTx6pJGT-92IGwwASwH0%2F2%2FHavsgnjLypSADPMgAgKYkQ%2FaHR0cHM6Ly9zdW9taS5maS92aWVzdGl0&amp;data=05%7C02%7C%7Cb582ca0c47b64d19276708de3168a01b%7Cc10c53fbad1e4893a1acee30fbe7b31c%7C0%7C0%7C639002522584560357%7CUnknown%7CTWFpbGZsb3d8eyJFbXB0eU1hcGkiOnRydWUsIlYiOiIwLjAuMDAwMCIsIlAiOiJXaW4zMiIsIkFOIjoiTWFpbCIsIldUIjoyfQ%3D%3D%7C0%7C%7C%7C&amp;sdata=DPp%2Fo4WjV5SRaspJ%2F8MwmJhdB5l2J%2FnH8B0vx%2Fmm%2Buw%3D&amp;reserved=0\" id=\"link-11c065d5acbef7bb2f05755c8403d37b\" rel=\"nofollow noopener\" target=\"_blank\">suomi.fi\/viestit<\/a> tulee itse kirjoittaa tietokoneen tai puhelimen selaimen osoiteriville.<\/p>\n","protected":false},"excerpt":{"rendered":"Paperipostia pit\u00e4\u00e4 pyyt\u00e4\u00e4 erikseen puolen vuoden v\u00e4lein. Ensi vuoden alussa valtaosa viranomaispostista tulee Suomi.fi-viestein\u00e4.\u00a0Kuva: Kuvakaappaus Suomi.fi -sivuilta Viranomaisposti&hellip;\n","protected":false},"author":2,"featured_media":105792,"comment_status":"","ping_status":"","sticky":false,"template":"","format":"standard","meta":{"footnotes":""},"categories":[12],"tags":[22,23,26,27,33,31,30,17,24,25,28,29,15,18,21,32,19,20,16],"class_list":{"0":"post-105791","1":"post","2":"type-post","3":"status-publish","4":"format-standard","5":"has-post-thumbnail","7":"category-suomi","8":"tag-breaking-news","9":"tag-breakingnews","10":"tag-featured-news","11":"tag-featurednews","12":"tag-fi","13":"tag-finland","14":"tag-finnish","15":"tag-headlines","16":"tag-latest-news","17":"tag-latestnews","18":"tag-main-news","19":"tag-mainnews","20":"tag-news","21":"tag-otsikot","22":"tag-paauutiset","23":"tag-suomi","24":"tag-top-stories","25":"tag-topstories","26":"tag-uutiset"},"share_on_mastodon":{"url":"https:\/\/pubeurope.com\/@fi\/115650586607841036","error":""},"_links":{"self":[{"href":"https:\/\/www.europesays.com\/fi\/wp-json\/wp\/v2\/posts\/105791","targetHints":{"allow":["GET"]}}],"collection":[{"href":"https:\/\/www.europesays.com\/fi\/wp-json\/wp\/v2\/posts"}],"about":[{"href":"https:\/\/www.europesays.com\/fi\/wp-json\/wp\/v2\/types\/post"}],"author":[{"embeddable":true,"href":"https:\/\/www.europesays.com\/fi\/wp-json\/wp\/v2\/users\/2"}],"replies":[{"embeddable":true,"href":"https:\/\/www.europesays.com\/fi\/wp-json\/wp\/v2\/comments?post=105791"}],"version-history":[{"count":0,"href":"https:\/\/www.europesays.com\/fi\/wp-json\/wp\/v2\/posts\/105791\/revisions"}],"wp:featuredmedia":[{"embeddable":true,"href":"https:\/\/www.europesays.com\/fi\/wp-json\/wp\/v2\/media\/105792"}],"wp:attachment":[{"href":"https:\/\/www.europesays.com\/fi\/wp-json\/wp\/v2\/media?parent=105791"}],"wp:term":[{"taxonomy":"category","embeddable":true,"href":"https:\/\/www.europesays.com\/fi\/wp-json\/wp\/v2\/categories?post=105791"},{"taxonomy":"post_tag","embeddable":true,"href":"https:\/\/www.europesays.com\/fi\/wp-json\/wp\/v2\/tags?post=105791"}],"curies":[{"name":"wp","href":"https:\/\/api.w.org\/{rel}","templated":true}]}}