{"id":105793,"date":"2025-12-02T15:04:09","date_gmt":"2025-12-02T15:04:09","guid":{"rendered":"https:\/\/www.europesays.com\/fi\/105793\/"},"modified":"2025-12-02T15:04:09","modified_gmt":"2025-12-02T15:04:09","slug":"rakenteilla-olevassa-legend-of-the-seas-risteilijassa-syttyi-tulipalo","status":"publish","type":"post","link":"https:\/\/www.europesays.com\/fi\/105793\/","title":{"rendered":"Rakenteilla olevassa Legend of the Seas -risteilij\u00e4ss\u00e4 syttyi tulipalo"},"content":{"rendered":"<p>Turku|Tulipalon alku syttyi rakenteilla olevan laivan konehuoneessa. Kukaan ei loukkaantunut tilanteessa.<\/p>\n<p class=\"article-body mb-nof-24 px-nof-16\">Rakenteilla olevan laivan konehuoneessa Turussa syttyi tulipalon alku tiistaina iltap\u00e4iv\u00e4ll\u00e4. Laiva evakuoitiin ty\u00f6ntekij\u00f6ist\u00e4.<\/p>\n<p class=\"article-body mb-nof-24 px-nof-16\">Kyseess\u00e4 on Meyer Turun telakalla rakenteilla oleva Legend of the Seas -laiva, kertoo Meyer Turun viestint\u00e4p\u00e4\u00e4llikk\u00f6 <a class=\"article-personlink\" href=\"https:\/\/www.hs.fi\/haku\/?query=Anna%20Hakala\" rel=\"nofollow noopener\" target=\"_blank\">Anna Hakala<\/a>.<\/p>\n<p class=\"article-body mb-nof-24 px-nof-16\">Kukaan ei loukkaantunut tilanteessa. Palon alku havaittiin, kun siit\u00e4 ilmoitti automaattinen paloh\u00e4lytys. Konehuone on kolmen kannen korkuinen tila.<\/p>\n<p class=\"article-body mb-nof-24 px-nof-16\">Hieman yli tunnin kuluttua paloh\u00e4lytyksest\u00e4 Varsinais-Suomen pelastuslaitos tiedotti, ett\u00e4 palon alku saatiin sammutettua nopeasti. Seuraavaksi laivaa tuuletetaan.<\/p>\n<p class=\"article-body mb-nof-24 px-nof-16\">Pelastuslaitos sai h\u00e4lytyksen Telakkakadulle hieman ennen kello kahta iltap\u00e4iv\u00e4ll\u00e4.<\/p>\n<p class=\"article-body mb-nof-24 px-nof-16\">Hakalan mukaan mahdollisesti aiheutuneita vahinkoja tarkastellaan parhaillaan. Ensitietojen mukaan laivaan olisi aiheutunut l\u00e4hinn\u00e4 savuvahinkoja.<\/p>\n<p class=\"article-body mb-nof-24 px-nof-16\">Laivalla ty\u00f6skentelevien ty\u00f6ntekij\u00f6iden iltavuoro on peruttu, Hakala kertoo.<\/p>\n<p class=\"article-body mb-nof-24 px-nof-16\">Legend of the Seas -laivan on m\u00e4\u00e4r\u00e4 valmistua ensi kes\u00e4n\u00e4. Se on 365 metri\u00e4 pitk\u00e4 ja 65 metri\u00e4 leve\u00e4 risteilij\u00e4.<\/p>\n","protected":false},"excerpt":{"rendered":"Turku|Tulipalon alku syttyi rakenteilla olevan laivan konehuoneessa. Kukaan ei loukkaantunut tilanteessa. Rakenteilla olevan laivan konehuoneessa Turussa syttyi tulipalon&hellip;\n","protected":false},"author":2,"featured_media":105794,"comment_status":"","ping_status":"","sticky":false,"template":"","format":"standard","meta":{"footnotes":""},"categories":[5],"tags":[22,23,26,27,33,31,30,17,46,24,25,28,29,15,18,21,32,19,20,16],"class_list":{"0":"post-105793","1":"post","2":"type-post","3":"status-publish","4":"format-standard","5":"has-post-thumbnail","7":"category-otsikot","8":"tag-breaking-news","9":"tag-breakingnews","10":"tag-featured-news","11":"tag-featurednews","12":"tag-fi","13":"tag-finland","14":"tag-finnish","15":"tag-headlines","16":"tag-helsingin-sanomat","17":"tag-latest-news","18":"tag-latestnews","19":"tag-main-news","20":"tag-mainnews","21":"tag-news","22":"tag-otsikot","23":"tag-paauutiset","24":"tag-suomi","25":"tag-top-stories","26":"tag-topstories","27":"tag-uutiset"},"share_on_mastodon":{"url":"https:\/\/pubeurope.com\/@fi\/115650590339424633","error":""},"_links":{"self":[{"href":"https:\/\/www.europesays.com\/fi\/wp-json\/wp\/v2\/posts\/105793","targetHints":{"allow":["GET"]}}],"collection":[{"href":"https:\/\/www.europesays.com\/fi\/wp-json\/wp\/v2\/posts"}],"about":[{"href":"https:\/\/www.europesays.com\/fi\/wp-json\/wp\/v2\/types\/post"}],"author":[{"embeddable":true,"href":"https:\/\/www.europesays.com\/fi\/wp-json\/wp\/v2\/users\/2"}],"replies":[{"embeddable":true,"href":"https:\/\/www.europesays.com\/fi\/wp-json\/wp\/v2\/comments?post=105793"}],"version-history":[{"count":0,"href":"https:\/\/www.europesays.com\/fi\/wp-json\/wp\/v2\/posts\/105793\/revisions"}],"wp:featuredmedia":[{"embeddable":true,"href":"https:\/\/www.europesays.com\/fi\/wp-json\/wp\/v2\/media\/105794"}],"wp:attachment":[{"href":"https:\/\/www.europesays.com\/fi\/wp-json\/wp\/v2\/media?parent=105793"}],"wp:term":[{"taxonomy":"category","embeddable":true,"href":"https:\/\/www.europesays.com\/fi\/wp-json\/wp\/v2\/categories?post=105793"},{"taxonomy":"post_tag","embeddable":true,"href":"https:\/\/www.europesays.com\/fi\/wp-json\/wp\/v2\/tags?post=105793"}],"curies":[{"name":"wp","href":"https:\/\/api.w.org\/{rel}","templated":true}]}}