{"id":105795,"date":"2025-12-02T15:17:09","date_gmt":"2025-12-02T15:17:09","guid":{"rendered":"https:\/\/www.europesays.com\/fi\/105795\/"},"modified":"2025-12-02T15:17:09","modified_gmt":"2025-12-02T15:17:09","slug":"kulisseissa-pohditaan-omaisuutesi-huomioimista-hoivamaksuissa-pulittaisit-satoja-euroja-enemman-kuin-seinanaapuri","status":"publish","type":"post","link":"https:\/\/www.europesays.com\/fi\/105795\/","title":{"rendered":"Kulisseissa pohditaan omaisuutesi huomioimista hoivamaksuissa &#8211; pulittaisit satoja euroja enemm\u00e4n kuin sein\u00e4naapuri"},"content":{"rendered":"<p>Terveyden ja hyvinvoinnin laitos teki suuntaa-antavan selvityksen hoivamaksujen kuten ymp\u00e4rivuorokautisen palveluasumisen maksujen korottamisesta. Huomion keskipisteen\u00e4 oli niiden asiakkaiden hoivamaksujen korottaminen, joilla on omaisuutta tai varallisuutta.<\/p>\n<p>Selvitys kumpuaa asiasta k\u00e4ydyst\u00e4 julkisesta keskustelusta, huolesta siit\u00e4, miten sosiaali- ja terveyspalveluja tulevaisuudessa rahoitetaan, kun v\u00e4est\u00f6 ik\u00e4\u00e4ntyy ja julkisen talouden tilanne on kire\u00e4.<\/p>\n<p>Selvityksess\u00e4 otettiin huomioon osakkeet, rahastot ja sijoitusasunnot. Tietorajoitteiden vuoksi esimerkiksi omistusasuntoja ja m\u00f6kkej\u00e4 ei huomioitu, mutta nekin voitaisiin huomioida. Tilill\u00e4 makaavasta varallisuudesta huomioitiin 15 prosenttia silt\u00e4 osin kuin se ylitti 15 000 euron suojaosan.<\/p>\n<p><img loading=\"lazy\" height=\"683\" width=\"1024\" class=\"wp-image-116896 sp-no-webp perfmatters-lazy\" alt=\"\" decoding=\"async\" src=\"https:\/\/www.europesays.com\/fi\/wp-content\/uploads\/2025\/12\/shutterstock_2594583061-1024x683.jpg\"  data-\/> Shutterstock<\/p>\n<p>Lue my\u00f6s: <a href=\"https:\/\/www.voice.fi\/hyvinvointi\/huono-taloudellinen-tilanne-nakyy-nuorissa-raikea-ero-hyvin-toimeentuleviin\" title=\"Huono taloudellinen tilanne n\u00e4kyy nuorissa \u2013 r\u00e4ike\u00e4 ero hyvin toimeentuleviin\" class=\"underline-custom !font-montserrat !font-bold !underline-offset-4 !decoration-4 !decoration-tilt-light !text-md\" rel=\"nofollow noopener\" target=\"_blank\">Huono taloudellinen tilanne n\u00e4kyy nuorissa \u2013 r\u00e4ike\u00e4 ero hyvin toimeentuleviin<\/a><\/p>\n<p>THL:n laskelman mukaan asiakkaiden varallisuus ja omaisuus huomioiden palveluasumisen asiakasmaksut nousisivat 380 eurolla kuukaudessa puolella niist\u00e4 asiakkaista, joilla on varallisuutta tai omaisuutta. Se olisi 36 prosentin nousu asiakasmaksuun.<\/p>\n<p>Maksujen korotusten m\u00e4\u00e4r\u00e4 kuitenkin vaihtelisi paljon asiakkaan omaisuudesta riippuen. Keskim\u00e4\u00e4r\u00e4inen korotus, kaikki korotusten piiriss\u00e4 olevat asiakkaat huomioiden, olisikin per\u00e4ti 830 euroa kuukaudessa.<\/p>\n<p>\u2013 Vaikutus kohdistuisi suhteellisen pieneen joukkoon, mutta silloin kun varallisuutta huomioitaisiin, maksut voisivat nousta yksitt\u00e4isell\u00e4 asiakkaalla varsin paljon, THL:n tutkimusp\u00e4\u00e4llikk\u00f6 <strong>Jussi Tervola<\/strong> sanoi.<\/p>\n<p>Tutkijoiden mukaan maksuja saataisiin noin 45 miljoonaa euroa enemm\u00e4n, mik\u00e4 nostaisi asiakasmaksukertym\u00e4\u00e4 12 prosentilla. Korotusten piiriin p\u00e4\u00e4tyisi 14 prosenttia koko asiakaskunnasta.<\/p>\n<p>THL:n selvityksess\u00e4 ei otettu kantaa siihen, tulisiko t\u00e4llaista muutosta toteuttaa, ja todellinen vaikutus voisi olla nyt arvioitua pienempi tai suurempi. Tutkijat painottavat, ett\u00e4 kyseess\u00e4 on suuntaa antava vaikutusarvio, johon liittyy merkitt\u00e4vi\u00e4 ep\u00e4varmuuksia.<\/p>\n<p>THL arvelee, ett\u00e4 omaisuuden ja varallisuuden huomioiminen voisi muuttaa ihmisten k\u00e4ytt\u00e4ytymist\u00e4 esimerkiksi siten, ett\u00e4 omaisuudesta haluttaisiin eroon ennen muuttamista palveluasuntoon. T\u00e4ll\u00f6in el\u00e4m\u00e4n aikana kertynytt\u00e4 varallisuutta ei voisi ottaa huomioon hoivamaksuja m\u00e4\u00e4ritett\u00e4ess\u00e4.<\/p>\n<p>Lue my\u00f6s: <a href=\"https:\/\/www.voice.fi\/hyvinvointi\/thl-laake-epaselvyyksia-ja-tyontekijoiden-puutetta-kaikki-eivat-saa-yhteisollisessa-asumisessa-riittavasti-apua\" title=\"THL: L\u00e4\u00e4ke-ep\u00e4selvyyksi\u00e4 ja ty\u00f6ntekij\u00f6iden puutetta \u2013 kaikki eiv\u00e4t saa yhteis\u00f6llisess\u00e4 asumisessa riitt\u00e4v\u00e4sti apua\" class=\"underline-custom !font-montserrat !font-bold !underline-offset-4 !decoration-4 !decoration-tilt-light !text-md\" rel=\"nofollow noopener\" target=\"_blank\">THL: L\u00e4\u00e4ke-ep\u00e4selvyyksi\u00e4 ja ty\u00f6ntekij\u00f6iden puutetta \u2013 kaikki eiv\u00e4t saa yhteis\u00f6llisess\u00e4 asumisessa riitt\u00e4v\u00e4sti apua<\/a><\/p>\n<p>Lue my\u00f6s: <a href=\"https:\/\/www.voice.fi\/hyvinvointi\/kotihoito-on-kriisissa-vain-puolet-saa-riittavasti-hoitoa-ja-alueelliset-erot-ovat-jarkyttavia\" title=\"Kotihoito on kriisiss\u00e4 \u2013 vain puolet saa riitt\u00e4v\u00e4sti apua ja alueelliset erot j\u00e4rkytt\u00e4vi\u00e4\" class=\"underline-custom !font-montserrat !font-bold !underline-offset-4 !decoration-4 !decoration-tilt-light !text-md\" rel=\"nofollow noopener\" target=\"_blank\">Kotihoito on kriisiss\u00e4 \u2013 vain puolet saa riitt\u00e4v\u00e4sti apua ja alueelliset erot j\u00e4rkytt\u00e4vi\u00e4<\/a><\/p>\n<p>L\u00e4hde: <a href=\"https:\/\/thl.fi\/-\/asiakkaiden-sijoitusvarallisuuden-huomioiminen-pitkaaikaishoivan-maksuissa-voisi-nostaa-osan-maksuja-merkittavasti\" target=\"_blank\" rel=\"noreferrer noopener nofollow\">THL<\/a><\/p>\n","protected":false},"excerpt":{"rendered":"Terveyden ja hyvinvoinnin laitos teki suuntaa-antavan selvityksen hoivamaksujen kuten ymp\u00e4rivuorokautisen palveluasumisen maksujen korottamisesta. Huomion keskipisteen\u00e4 oli niiden asiakkaiden&hellip;\n","protected":false},"author":2,"featured_media":105796,"comment_status":"","ping_status":"","sticky":false,"template":"","format":"standard","meta":{"footnotes":""},"categories":[136],"tags":[407,137,33,31,30,19922,19923,408,3676,19924,32,8787,472,1339,109],"class_list":{"0":"post-105795","1":"post","2":"type-post","3":"status-publish","4":"format-standard","5":"has-post-thumbnail","7":"category-julkkikset","8":"tag-celebrities","9":"tag-entertainment","10":"tag-fi","11":"tag-finland","12":"tag-finnish","13":"tag-hoivakoti","14":"tag-iku00e4u00e4ntyminen","15":"tag-julkkikset","16":"tag-omaisuus","17":"tag-palvelumaksu","18":"tag-suomi","19":"tag-thl","20":"tag-tutkimus","21":"tag-varallisuus","22":"tag-viihde"},"share_on_mastodon":{"url":"https:\/\/pubeurope.com\/@fi\/115650641642711273","error":""},"_links":{"self":[{"href":"https:\/\/www.europesays.com\/fi\/wp-json\/wp\/v2\/posts\/105795","targetHints":{"allow":["GET"]}}],"collection":[{"href":"https:\/\/www.europesays.com\/fi\/wp-json\/wp\/v2\/posts"}],"about":[{"href":"https:\/\/www.europesays.com\/fi\/wp-json\/wp\/v2\/types\/post"}],"author":[{"embeddable":true,"href":"https:\/\/www.europesays.com\/fi\/wp-json\/wp\/v2\/users\/2"}],"replies":[{"embeddable":true,"href":"https:\/\/www.europesays.com\/fi\/wp-json\/wp\/v2\/comments?post=105795"}],"version-history":[{"count":0,"href":"https:\/\/www.europesays.com\/fi\/wp-json\/wp\/v2\/posts\/105795\/revisions"}],"wp:featuredmedia":[{"embeddable":true,"href":"https:\/\/www.europesays.com\/fi\/wp-json\/wp\/v2\/media\/105796"}],"wp:attachment":[{"href":"https:\/\/www.europesays.com\/fi\/wp-json\/wp\/v2\/media?parent=105795"}],"wp:term":[{"taxonomy":"category","embeddable":true,"href":"https:\/\/www.europesays.com\/fi\/wp-json\/wp\/v2\/categories?post=105795"},{"taxonomy":"post_tag","embeddable":true,"href":"https:\/\/www.europesays.com\/fi\/wp-json\/wp\/v2\/tags?post=105795"}],"curies":[{"name":"wp","href":"https:\/\/api.w.org\/{rel}","templated":true}]}}