{"id":105799,"date":"2025-12-02T15:24:08","date_gmt":"2025-12-02T15:24:08","guid":{"rendered":"https:\/\/www.europesays.com\/fi\/105799\/"},"modified":"2025-12-02T15:24:08","modified_gmt":"2025-12-02T15:24:08","slug":"tapparan-ex-tahti-romahtanut-ruotsissa-iltalehti","status":"publish","type":"post","link":"https:\/\/www.europesays.com\/fi\/105799\/","title":{"rendered":"Tapparan ex-t\u00e4hti romahtanut Ruotsissa &#8211; Iltalehti"},"content":{"rendered":"<ol>\n<li><a href=\"https:\/\/news.google.com\/rss\/articles\/CBMigAFBVV95cUxOODd3MXpFcWpHNFYxbDBlNDF3RTRlSnZtbEYwbkgxMmdWcFYyUUNsN3V6Y21OeGtfaDdReWxHdndQN1dRalBhbG94STgtZXU3cUpUYWxwekJwSVVsaXBiRTE3REJNNUJ4X2ZISU4tQ2VQVFpBRUFfSG1JVkJha3VOVw?oc=5\" target=\"_blank\" rel=\"nofollow noopener\">Tapparan ex-t\u00e4hti romahtanut Ruotsissa<\/a>&nbsp;&nbsp;Iltalehti<\/li>\n<li><a href=\"https:\/\/news.google.com\/rss\/articles\/CBMifEFVX3lxTE0xLWtCSjJ2WUZkZDhlMlJjQ3h0Q3ZBY3FqTzhBa2RuTTdBSnNYQW1ocG03TXlDNXcwMDB4M1NSdlAyTkRkeDJWWG9XMlhVR0RiX18tU3A4elVDWE5UWGk4WTRBeVNpNlpHaXZyVUJ5RV8wTS02VlhTUFJLSHg?oc=5\" target=\"_blank\" rel=\"nofollow noopener\">Ilveksen CHL-vastustajat esittelyss\u00e4: Lule\u00e5 Hockey<\/a>&nbsp;&nbsp;Ilves<\/li>\n<li><a href=\"https:\/\/news.google.com\/rss\/articles\/CBMiVEFVX3lxTE95b0FyUVhfUUhMUFI0VG9XUHVmeS1jTFU3OWJwbTlsdUYtdGxocHNJakVXN1NJT0xrUFFRT3FydlotVkFkWmM1Q2VXaGtnMWFJczk1OA?oc=5\" target=\"_blank\" rel=\"nofollow noopener\">Lule\u00e5 \u2013 Ilves n\u00e4kyy ilmaiseksi TV:st\u00e4 \u2013 n\u00e4in aukeaa live stream<\/a>&nbsp;&nbsp;Pallomeri.net<\/li>\n<li><a href=\"https:\/\/news.google.com\/rss\/articles\/CBMikAFBVV95cUxPZzd5YXNka3JDcE8yUHJYYkpURlBhQVpqeTVPeWR2bVBHLTlrVGJ5Q3FGd01tUFd0TVRWRHZSM0VodWVUeldteUU3UUhMb09wVUNLc3MzR0hSSzFOaWJSUFRyOFpVYzdzLTZwRlZBSGstcTdCZG81NDJEMlowbDIwazhFcmdMVmwtdDhWUy1yYk8?oc=5\" target=\"_blank\" rel=\"nofollow noopener\">CHL:n puoliv\u00e4lier\u00e4t k\u00e4yntiin tiistaina \u2013 Ilves vierailee Luulajassa<\/a>&nbsp;&nbsp;Ilves<\/li>\n<li><a href=\"https:\/\/news.google.com\/rss\/articles\/CBMimwFBVV95cUxQTWtqU3F6NlR4SXhZcHBhUE94V01IeE9kVTRiSklmYXJjUG8zYTZqSFI0OXE0dmQ0bmZnaWs1WnFBWHlFQ0c3UDNUak5yOGVOS0ZLb3dUNHd2dWdyaHZnZng5UDlLbVo2WlVFODBDeFRsUDRxbUJNTUZZazJxNzBwcFMyd3IzMUIwSFRLam43bHBFMHVPVjB1WEdLYw?oc=5\" target=\"_blank\" rel=\"nofollow noopener\">CHL:n playoffsien puoliv\u00e4lierien lipunmyynti alkaa perjantaina 28.11.2025<\/a>&nbsp;&nbsp;Ilves<\/li>\n<\/ol>\n","protected":false},"excerpt":{"rendered":"Tapparan ex-t\u00e4hti romahtanut Ruotsissa&nbsp;&nbsp;Iltalehti Ilveksen CHL-vastustajat esittelyss\u00e4: Lule\u00e5 Hockey&nbsp;&nbsp;Ilves Lule\u00e5 \u2013 Ilves n\u00e4kyy ilmaiseksi TV:st\u00e4 \u2013 n\u00e4in aukeaa&hellip;\n","protected":false},"author":2,"featured_media":105800,"comment_status":"","ping_status":"","sticky":false,"template":"","format":"standard","meta":{"footnotes":""},"categories":[158],"tags":[35,1144,33,31,30,1143,41,1146,159,32,1145,160],"class_list":{"0":"post-105799","1":"post","2":"type-post","3":"status-publish","4":"format-standard","5":"has-post-thumbnail","7":"category-urheilu","8":"tag-24h","9":"tag-ammattilaisjaakiekko","10":"tag-fi","11":"tag-finland","12":"tag-finnish","13":"tag-jaakiekko","14":"tag-liikunta-ja-urheilu","15":"tag-miesten-jaakiekko","16":"tag-sports","17":"tag-suomi","18":"tag-talviurheilu","19":"tag-urheilu"},"share_on_mastodon":{"url":"https:\/\/pubeurope.com\/@fi\/115650668997986101","error":""},"_links":{"self":[{"href":"https:\/\/www.europesays.com\/fi\/wp-json\/wp\/v2\/posts\/105799","targetHints":{"allow":["GET"]}}],"collection":[{"href":"https:\/\/www.europesays.com\/fi\/wp-json\/wp\/v2\/posts"}],"about":[{"href":"https:\/\/www.europesays.com\/fi\/wp-json\/wp\/v2\/types\/post"}],"author":[{"embeddable":true,"href":"https:\/\/www.europesays.com\/fi\/wp-json\/wp\/v2\/users\/2"}],"replies":[{"embeddable":true,"href":"https:\/\/www.europesays.com\/fi\/wp-json\/wp\/v2\/comments?post=105799"}],"version-history":[{"count":0,"href":"https:\/\/www.europesays.com\/fi\/wp-json\/wp\/v2\/posts\/105799\/revisions"}],"wp:featuredmedia":[{"embeddable":true,"href":"https:\/\/www.europesays.com\/fi\/wp-json\/wp\/v2\/media\/105800"}],"wp:attachment":[{"href":"https:\/\/www.europesays.com\/fi\/wp-json\/wp\/v2\/media?parent=105799"}],"wp:term":[{"taxonomy":"category","embeddable":true,"href":"https:\/\/www.europesays.com\/fi\/wp-json\/wp\/v2\/categories?post=105799"},{"taxonomy":"post_tag","embeddable":true,"href":"https:\/\/www.europesays.com\/fi\/wp-json\/wp\/v2\/tags?post=105799"}],"curies":[{"name":"wp","href":"https:\/\/api.w.org\/{rel}","templated":true}]}}