{"id":105803,"date":"2025-12-02T15:28:11","date_gmt":"2025-12-02T15:28:11","guid":{"rendered":"https:\/\/www.europesays.com\/fi\/105803\/"},"modified":"2025-12-02T15:28:11","modified_gmt":"2025-12-02T15:28:11","slug":"huijauspuhelut-kuriin-tama-suomalainen-innovaatio-voitti-euroopan-rikoksentorjuntakilpailun","status":"publish","type":"post","link":"https:\/\/www.europesays.com\/fi\/105803\/","title":{"rendered":"Huijauspuhelut kuriin! T\u00e4m\u00e4 suomalainen innovaatio voitti Euroopan rikoksentorjuntakilpailun"},"content":{"rendered":"<p>Suomessa kehitetty huijauspuheluiden estokeino voitti Euroopan rikoksentorjuntakilpailun.<\/p>\n<p><img decoding=\"async\" class=\"image image-show image-preview\" src=\"https:\/\/www.europesays.com\/fi\/wp-content\/uploads\/2025\/12\/8731a47a93bc9b24cca23c34654d5d6cfefe41495996e7971819d9821c386c27.jpg\" alt=\"\"\/><img decoding=\"async\" class=\"image image-show\" src=\"https:\/\/www.europesays.com\/fi\/wp-content\/uploads\/2025\/12\/1764689291_814_8731a47a93bc9b24cca23c34654d5d6cfefe41495996e7971819d9821c386c27.jpg\" alt=\"\"\/><\/p>\n<p>Ulkomailta tulevien Suomalaista numeroa k\u00e4ytt\u00e4vien huijauspuheluiden m\u00e4\u00e4r\u00e4 on h\u00e4vinnyt l\u00e4hes olemattomiin. Kuvituskuva. Colourbox<\/p>\n<p class=\"paragraph\">Traficomin, Keskusrikospoliisin, Elisan ja muiden teleoperaattorien yhteisty\u00f6ss\u00e4 toteutettu ratkaisu huijauspuheluiden est\u00e4miseksi voitti vuoden 2025 Euroopan rikoksentorjuntakilpailun. Tulokset julkistettiin 28. marraskuuta K\u00f6\u00f6penhaminassa.<\/p>\n<p class=\"paragraph\">T\u00e4m\u00e4n vuoden teemana oli verkkohuijausten ja -petosten torjunta.<\/p>\n<p class=\"paragraph\">Alunperin Elisan kehitt\u00e4m\u00e4ss\u00e4 ratkaisussa tunnistetaan ja estet\u00e4\u00e4n ulkomailta tulevien puhelinnumeroiden v\u00e4\u00e4rent\u00e4minen. Eston ansiosta Suomen numeroa k\u00e4ytt\u00e4v\u00e4t huijauspuhelut ovat j\u00e4\u00e4neet l\u00e4hes olemattomiin. Suomen numeroa v\u00e4\u00e4rent\u00e4vi\u00e4 huijauspuheluita oli noin 90 prosenttia ulkomailta tulevasta puheluliikenteest\u00e4 ennen ratkaisun laajaa k\u00e4ytt\u00f6\u00f6nottoa Suomessa.<\/p>\n<p class=\"paragraph\">\u2013 Keskusrikospoliisi on havainnut, ett\u00e4 t\u00e4m\u00e4 ratkaisu on l\u00e4hes lopettanut t\u00e4m\u00e4n rikostyypin Suomessa, Traficom kertoo tiedotteessaan.<\/p>\n<p class=\"paragraph\">Elisan kyberturva- ja palvelunhallintakeskuksen johtaja <strong>Karri J\u00e4k\u00f6n<\/strong> mukaan keino kehitettiin jo vuonna 2021. Traficomin p\u00e4\u00e4t\u00f6ksell\u00e4 keino otettiin k\u00e4ytt\u00f6\u00f6n my\u00f6s muilla teleoperaattoreilla vuonna 2023.<\/p>\n<p class=\"paragraph\">\u2013 Viranomaisten ja teleoperaattorien yhteisty\u00f6 toimii poikkeuksellisen hyvin. Voitto on siten kunnianosoitus kaikille yhteisty\u00f6h\u00f6n osallistuneille, Traficomin johtava asiantuntija <strong>Klaus Nieminen<\/strong> ja kehitysp\u00e4\u00e4llikk\u00f6 <strong>Lauri Isotalo<\/strong> toteavat tiedotteessa.<\/p>\n<p class=\"paragraph\">Ratkaisulle my\u00f6nnettiin Euroopanlaajuinen patentti marraskuussa 2025.<\/p>\n","protected":false},"excerpt":{"rendered":"Suomessa kehitetty huijauspuheluiden estokeino voitti Euroopan rikoksentorjuntakilpailun. Ulkomailta tulevien Suomalaista numeroa k\u00e4ytt\u00e4vien huijauspuheluiden m\u00e4\u00e4r\u00e4 on h\u00e4vinnyt l\u00e4hes olemattomiin.&hellip;\n","protected":false},"author":2,"featured_media":105804,"comment_status":"","ping_status":"","sticky":false,"template":"","format":"standard","meta":{"footnotes":""},"categories":[76],"tags":[35,79,77,33,31,30,631,632,38,32,78,149,546],"class_list":{"0":"post-105803","1":"post","2":"type-post","3":"status-publish","4":"format-standard","5":"has-post-thumbnail","7":"category-talous","8":"tag-24h","9":"tag-business","10":"tag-economy","11":"tag-fi","12":"tag-finland","13":"tag-finnish","14":"tag-matkapuhelimet-ja-mobiililaitteet","15":"tag-puhelin","16":"tag-rikos","17":"tag-suomi","18":"tag-talous","19":"tag-tietojenkasittely-ja-informaatioteknologia","20":"tag-turvallisuus"},"share_on_mastodon":{"url":"https:\/\/pubeurope.com\/@fi\/115650685178478147","error":""},"_links":{"self":[{"href":"https:\/\/www.europesays.com\/fi\/wp-json\/wp\/v2\/posts\/105803","targetHints":{"allow":["GET"]}}],"collection":[{"href":"https:\/\/www.europesays.com\/fi\/wp-json\/wp\/v2\/posts"}],"about":[{"href":"https:\/\/www.europesays.com\/fi\/wp-json\/wp\/v2\/types\/post"}],"author":[{"embeddable":true,"href":"https:\/\/www.europesays.com\/fi\/wp-json\/wp\/v2\/users\/2"}],"replies":[{"embeddable":true,"href":"https:\/\/www.europesays.com\/fi\/wp-json\/wp\/v2\/comments?post=105803"}],"version-history":[{"count":0,"href":"https:\/\/www.europesays.com\/fi\/wp-json\/wp\/v2\/posts\/105803\/revisions"}],"wp:featuredmedia":[{"embeddable":true,"href":"https:\/\/www.europesays.com\/fi\/wp-json\/wp\/v2\/media\/105804"}],"wp:attachment":[{"href":"https:\/\/www.europesays.com\/fi\/wp-json\/wp\/v2\/media?parent=105803"}],"wp:term":[{"taxonomy":"category","embeddable":true,"href":"https:\/\/www.europesays.com\/fi\/wp-json\/wp\/v2\/categories?post=105803"},{"taxonomy":"post_tag","embeddable":true,"href":"https:\/\/www.europesays.com\/fi\/wp-json\/wp\/v2\/tags?post=105803"}],"curies":[{"name":"wp","href":"https:\/\/api.w.org\/{rel}","templated":true}]}}