{"id":105805,"date":"2025-12-02T15:29:10","date_gmt":"2025-12-02T15:29:10","guid":{"rendered":"https:\/\/www.europesays.com\/fi\/105805\/"},"modified":"2025-12-02T15:29:10","modified_gmt":"2025-12-02T15:29:10","slug":"jattimainen-ruuhka-tukki-baikalin-valtatien-irkutskissa-venajalla","status":"publish","type":"post","link":"https:\/\/www.europesays.com\/fi\/105805\/","title":{"rendered":"J\u00e4ttim\u00e4inen ruuhka tukki Baikalin valtatien Irkutskissa Ven\u00e4j\u00e4ll\u00e4"},"content":{"rendered":"<p>Lumimyrskyt ovat lamauttaneet Baikalin valtatien.<\/p>\n<p>J\u00e4ttim\u00e4inen ruuhka tukki Baikalin valtatien Ven\u00e4j\u00e4ll\u00e4.Video: IS<\/p>\n<p class=\"article-body mb-nof-24 px-nof-16\">Siperiassa Baikalj\u00e4rven liepeill\u00e4 on koettu jo useita p\u00e4ivi\u00e4 giganttisia autoruuhkia.<\/p>\n<p class=\"article-body mb-nof-24 px-nof-16\">Baikalj\u00e4rven l\u00e4nsipuolella P-258-maantiell\u00e4 ruuhkat ovat olleet jopa noin 85 kilometrin pituisia. Pahiten tukossa on ollut Kultukin ja Vydrinon v\u00e4linen, 84 kilometri\u00e4 pitk\u00e4 tieosuus, jossa autoilijat ovat juuttuneet useiksi tunneiksi liikenneruuhkaan.<\/p>\n<p class=\"article-body mb-nof-24 px-nof-16\">Liikennekaaoksen ovat aiheuttaneet monta p\u00e4iv\u00e4\u00e4 jatkunut ankara s\u00e4\u00e4 ja sen tuomat eritt\u00e4in vaikeat kelit. L\u00e4mp\u00f6tila on laskenut l\u00e4helle 30:t\u00e4 pakkasastetta, ja lis\u00e4ksi lumisade ja tuuli ovat olleet rankkoja.<\/p>\n<p class=\"article-body mb-nof-24 px-nof-16\">Erityisesti kuorma-autot ja rekat ovat j\u00e4\u00e4neet jumiin lumipeitteiselle tielle, ja tilannetta ovat vain pahentaneet raskaiden ajoneuvojen onnettomuudet, jotka ovat tukkineet Baikalin valtatiet\u00e4 entisest\u00e4\u00e4n. Ruuhkien takia valtatiet\u00e4 ei ole my\u00f6sk\u00e4\u00e4n pystytty auraamaan.<\/p>\n<p class=\"article-body mb-nof-24 px-nof-16\">\u2013\u2009Samankaltainen s\u00e4\u00e4 jatkuu, kunnes Baikalj\u00e4rvi j\u00e4\u00e4tyy kokonaan. Korkean kosteuden vuoksi lumimyrskyt liikkuvat jatkuvasti ymp\u00e4r\u00f6ivill\u00e4 alueilla ja aiheuttavat joka kerta voimakasta lumisadetta, Etel\u00e4-Baikalin hallinnon varajohtaja <a class=\"article-personlink\" href=\"https:\/\/www.is.fi\/haku\/?query=Zorikto%20Lenhobojev\" rel=\"nofollow noopener\" target=\"_blank\">Zorikto Lenhobojev<\/a> sanoi Irkutskin alueen <a class=\"article-genericlink\" href=\"https:\/\/ircity.ru\/text\/transport\/2025\/12\/01\/76148436\/\" rel=\"nofollow noopener\" target=\"_blank\">Ircity-verkkosivustolle<\/a>.<\/p>\n<p><img decoding=\"async\" src=\"https:\/\/www.europesays.com\/fi\/wp-content\/uploads\/2025\/12\/1764689349_39_468.jpg\" alt=\"Rekat jumissa Baikalin valtatiell\u00e4.\" class=\"_Img_1rerz_1\" style=\"aspect-ratio:1.794392523364486\" loading=\"eager\"\/><\/p>\n<p class=\"article-picture-caption\">Rekat jumissa Baikalin valtatiell\u00e4. Kuva:\u00a0Telegram<\/p>\n<p class=\"article-body mb-nof-24 px-nof-16\">Ven\u00e4l\u00e4isten tiedotusv\u00e4lineiden mukaan joidenkin lapsiperheiden ruoka, vesi ja polttoaine olivat v\u00e4hiss\u00e4 ruuhkien keskell\u00e4.<\/p>\n<p class=\"article-body mb-nof-24 px-nof-16\">Irkutskin alueen kuvern\u00f6\u00f6ri <a class=\"article-personlink\" href=\"https:\/\/www.is.fi\/haku\/?query=Igor%20Kobzev\" rel=\"nofollow noopener\" target=\"_blank\">Igor Kobzev<\/a> sanoi <a class=\"article-genericlink\" href=\"https:\/\/www.themoscowtimes.com\/2025\/12\/01\/drivers-stranded-on-baikal-highway-amid-subzero-weather-a91293\" rel=\"nofollow noopener\" target=\"_blank\">Moscow Timesin mukaan<\/a>, ett\u00e4 pelastushenkil\u00f6st\u00f6 oli ottanut k\u00e4ytt\u00f6\u00f6n liikkuvia l\u00e4mmitys- ja ruoka-asemia sek\u00e4 kuusi kiinte\u00e4\u00e4 l\u00e4mmityspistett\u00e4 ihmisten auttamiseksi.<\/p>\n<p class=\"article-body mb-nof-24 px-nof-16\">Uutistoimisto <a class=\"article-genericlink\" href=\"https:\/\/tass.ru\/obschestvo\/25778501\" rel=\"nofollow noopener\" target=\"_blank\">Tassin mukaan <\/a>liikenne saatiin palautettua normaaliksi maanantain aikana, mutta uudet ruuhkat ovat mahdollisia.<\/p>\n<p><img decoding=\"async\" src=\"https:\/\/www.europesays.com\/fi\/wp-content\/uploads\/2025\/12\/1764689350_703_468.jpg\" alt=\"Viranomaiset yrittiv\u00e4t saada liikennett\u00e4 sujumaan.\" class=\"_Img_1rerz_1\" style=\"aspect-ratio:1.7695852534562213\" loading=\"eager\"\/><\/p>\n<p class=\"article-picture-caption\">Viranomaiset yrittiv\u00e4t saada liikennett\u00e4 sujumaan. Kuva:\u00a0Telegram<\/p>\n<p class=\"article-body mb-nof-24 px-nof-16\">Ihmisi\u00e4 on pyydetty pid\u00e4tt\u00e4ytym\u00e4\u00e4n matkustamisesta, mutta jos se ei ole mahdollista, heit\u00e4 kehotetaan tarkistamaan ajoneuvon tekninen kunto ja ottamaan mukaan l\u00e4mpimi\u00e4 vaatteita, ruokaa, termospullo ja puhelimen laturi.<\/p>\n<p class=\"article-body mb-nof-24 px-nof-16\">Baikalin valtatie on osa Trans-Siperian reitti\u00e4 ja yhdist\u00e4\u00e4 Irkutskin alueen Burjatian tasavaltaan ja Taka-Baikalin alueeseen. Raskaan liikenteen m\u00e4\u00e4r\u00e4 valtatiell\u00e4 on kasvanut 2,7-kertaiseksi vuoteen 2019 verrattuna, joten pienikin onnettomuus voi pys\u00e4ytt\u00e4\u00e4 liikenteen saman tien.<\/p>\n","protected":false},"excerpt":{"rendered":"Lumimyrskyt ovat lamauttaneet Baikalin valtatien. J\u00e4ttim\u00e4inen ruuhka tukki Baikalin valtatien Ven\u00e4j\u00e4ll\u00e4.Video: IS Siperiassa Baikalj\u00e4rven liepeill\u00e4 on koettu jo&hellip;\n","protected":false},"author":2,"featured_media":105806,"comment_status":"","ping_status":"","sticky":false,"template":"","format":"standard","meta":{"footnotes":""},"categories":[14],"tags":[22,23,26,27,33,31,30,17,34,24,25,28,29,15,18,21,32,19,20,56,16,59,60,61],"class_list":{"0":"post-105805","1":"post","2":"type-post","3":"status-publish","4":"format-standard","5":"has-post-thumbnail","7":"category-ulkomaat","8":"tag-breaking-news","9":"tag-breakingnews","10":"tag-featured-news","11":"tag-featurednews","12":"tag-fi","13":"tag-finland","14":"tag-finnish","15":"tag-headlines","16":"tag-ilta-sanomat","17":"tag-latest-news","18":"tag-latestnews","19":"tag-main-news","20":"tag-mainnews","21":"tag-news","22":"tag-otsikot","23":"tag-paauutiset","24":"tag-suomi","25":"tag-top-stories","26":"tag-topstories","27":"tag-ulkomaat","28":"tag-uutiset","29":"tag-world","30":"tag-world-news","31":"tag-worldnews"},"share_on_mastodon":{"url":"https:\/\/pubeurope.com\/@fi\/115650688778537814","error":""},"_links":{"self":[{"href":"https:\/\/www.europesays.com\/fi\/wp-json\/wp\/v2\/posts\/105805","targetHints":{"allow":["GET"]}}],"collection":[{"href":"https:\/\/www.europesays.com\/fi\/wp-json\/wp\/v2\/posts"}],"about":[{"href":"https:\/\/www.europesays.com\/fi\/wp-json\/wp\/v2\/types\/post"}],"author":[{"embeddable":true,"href":"https:\/\/www.europesays.com\/fi\/wp-json\/wp\/v2\/users\/2"}],"replies":[{"embeddable":true,"href":"https:\/\/www.europesays.com\/fi\/wp-json\/wp\/v2\/comments?post=105805"}],"version-history":[{"count":0,"href":"https:\/\/www.europesays.com\/fi\/wp-json\/wp\/v2\/posts\/105805\/revisions"}],"wp:featuredmedia":[{"embeddable":true,"href":"https:\/\/www.europesays.com\/fi\/wp-json\/wp\/v2\/media\/105806"}],"wp:attachment":[{"href":"https:\/\/www.europesays.com\/fi\/wp-json\/wp\/v2\/media?parent=105805"}],"wp:term":[{"taxonomy":"category","embeddable":true,"href":"https:\/\/www.europesays.com\/fi\/wp-json\/wp\/v2\/categories?post=105805"},{"taxonomy":"post_tag","embeddable":true,"href":"https:\/\/www.europesays.com\/fi\/wp-json\/wp\/v2\/tags?post=105805"}],"curies":[{"name":"wp","href":"https:\/\/api.w.org\/{rel}","templated":true}]}}