{"id":105807,"date":"2025-12-02T15:30:09","date_gmt":"2025-12-02T15:30:09","guid":{"rendered":"https:\/\/www.europesays.com\/fi\/105807\/"},"modified":"2025-12-02T15:30:09","modified_gmt":"2025-12-02T15:30:09","slug":"suomen-tyottomyys-jo-euroalueen-hopeasijalla","status":"publish","type":"post","link":"https:\/\/www.europesays.com\/fi\/105807\/","title":{"rendered":"Suomen ty\u00f6tt\u00f6myys jo euroalueen hopeasijalla"},"content":{"rendered":"<p><strong class=\"typography-bold\">Suomen ty\u00f6tt\u00f6myystilastot ovat yh\u00e4 Euroopan kurjimpia.<\/strong><\/p>\n<p>Espanja jatkaa euroalueen ty\u00f6tt\u00f6myystilastojen k\u00e4rjess\u00e4 10,5 prosentin ty\u00f6tt\u00f6myydell\u00e4, ilmenee Eurostatin tuoreesta <a class=\"underline\" data-testid=\"external-link\" href=\"https:\/\/ec.europa.eu\/eurostat\/web\/products-euro-indicators\/w\/3-02122025-bp\" rel=\"noopener noreferrer nofollow\" data-sentry-component=\"ExternalLink\" data-sentry-source-file=\"ExternalLink.tsx\" target=\"_blank\">tilastosta<\/a>. Suomi on tilaston toisella sijalla 9,8 prosentin ty\u00f6tt\u00f6myydell\u00e4.\u00a0<\/p>\n<p>Kyse on lokakuun ty\u00f6tt\u00f6myysluvuista, joissa kummallakaan maalla ei tullut liikahdusta syyskuuhun verrattuna.<\/p>\n<p>Synk\u00e4n tilaston kolmossijaa pit\u00e4\u00e4 Ruotsi tasan yhdeks\u00e4n prosentin ty\u00f6tt\u00f6myydell\u00e4. H\u00e4nt\u00e4p\u00e4\u00e4ss\u00e4 on Malta, jossa ty\u00f6tt\u00f6myysprosentti oli lokakuussa 3,1.<\/p>\n<p>Euroopan ty\u00f6tt\u00f6myystilanne ei ole muuttunut merkitt\u00e4v\u00e4sti vuoden sis\u00e4\u00e4n.<\/p>\n<p>Euroalueen kausitasoitettu ty\u00f6tt\u00f6myysaste oli lokakuussa 6,4 prosenttia. Liikahdusta edelliskuukauteen ei tullut, ja vuotta aiempaan verrattuna ty\u00f6tt\u00f6myys kasvoi kymmeneksell\u00e4.<\/p>\n<p>EU-maissa ty\u00f6tt\u00f6myysaste oli 6,0 prosenttia. Muutosta syyskuuhun ei tullut, kun taas vuotta aiemmin ty\u00f6tt\u00f6myysaste oli 5,8 prosenttia.<\/p>\n<p><strong class=\"typography-bold\">Lue my\u00f6s: <\/strong><a class=\"underline\" data-testid=\"internal-link\" role=\"link\" data-sentry-element=\"Link\" data-sentry-component=\"InternalLink\" data-sentry-source-file=\"InternalLink.tsx\" href=\"https:\/\/www.mtvuutiset.fi\/artikkeli\/kasvu-ja-tyollisyyspakettiin-arviolta-156-miljoonaa\/9262578\" rel=\"nofollow noopener\" target=\"_blank\"><strong class=\"typography-bold\">Ty\u00f6- ja elinkeinoministeri\u00f6 on valmistellut kasvu- ja ty\u00f6llisyyspaketin<\/strong><\/a><\/p>\n","protected":false},"excerpt":{"rendered":"Suomen ty\u00f6tt\u00f6myystilastot ovat yh\u00e4 Euroopan kurjimpia. Espanja jatkaa euroalueen ty\u00f6tt\u00f6myystilastojen k\u00e4rjess\u00e4 10,5 prosentin ty\u00f6tt\u00f6myydell\u00e4, ilmenee Eurostatin tuoreesta tilastosta.&hellip;\n","protected":false},"author":2,"featured_media":105808,"comment_status":"","ping_status":"","sticky":false,"template":"","format":"standard","meta":{"footnotes":""},"categories":[12],"tags":[22,23,26,27,33,31,30,17,24,25,28,29,15,18,21,32,19,20,16],"class_list":{"0":"post-105807","1":"post","2":"type-post","3":"status-publish","4":"format-standard","5":"has-post-thumbnail","7":"category-suomi","8":"tag-breaking-news","9":"tag-breakingnews","10":"tag-featured-news","11":"tag-featurednews","12":"tag-fi","13":"tag-finland","14":"tag-finnish","15":"tag-headlines","16":"tag-latest-news","17":"tag-latestnews","18":"tag-main-news","19":"tag-mainnews","20":"tag-news","21":"tag-otsikot","22":"tag-paauutiset","23":"tag-suomi","24":"tag-top-stories","25":"tag-topstories","26":"tag-uutiset"},"share_on_mastodon":{"url":"https:\/\/pubeurope.com\/@fi\/115650692684799151","error":""},"_links":{"self":[{"href":"https:\/\/www.europesays.com\/fi\/wp-json\/wp\/v2\/posts\/105807","targetHints":{"allow":["GET"]}}],"collection":[{"href":"https:\/\/www.europesays.com\/fi\/wp-json\/wp\/v2\/posts"}],"about":[{"href":"https:\/\/www.europesays.com\/fi\/wp-json\/wp\/v2\/types\/post"}],"author":[{"embeddable":true,"href":"https:\/\/www.europesays.com\/fi\/wp-json\/wp\/v2\/users\/2"}],"replies":[{"embeddable":true,"href":"https:\/\/www.europesays.com\/fi\/wp-json\/wp\/v2\/comments?post=105807"}],"version-history":[{"count":0,"href":"https:\/\/www.europesays.com\/fi\/wp-json\/wp\/v2\/posts\/105807\/revisions"}],"wp:featuredmedia":[{"embeddable":true,"href":"https:\/\/www.europesays.com\/fi\/wp-json\/wp\/v2\/media\/105808"}],"wp:attachment":[{"href":"https:\/\/www.europesays.com\/fi\/wp-json\/wp\/v2\/media?parent=105807"}],"wp:term":[{"taxonomy":"category","embeddable":true,"href":"https:\/\/www.europesays.com\/fi\/wp-json\/wp\/v2\/categories?post=105807"},{"taxonomy":"post_tag","embeddable":true,"href":"https:\/\/www.europesays.com\/fi\/wp-json\/wp\/v2\/tags?post=105807"}],"curies":[{"name":"wp","href":"https:\/\/api.w.org\/{rel}","templated":true}]}}