{"id":105811,"date":"2025-12-02T15:43:08","date_gmt":"2025-12-02T15:43:08","guid":{"rendered":"https:\/\/www.europesays.com\/fi\/105811\/"},"modified":"2025-12-02T15:43:08","modified_gmt":"2025-12-02T15:43:08","slug":"rihanna-juhli-barbadoksen-itsenaisyyspaivaa-julkaisi-ennennakemattomia-rantakuvia-stara-fi","status":"publish","type":"post","link":"https:\/\/www.europesays.com\/fi\/105811\/","title":{"rendered":"Rihanna juhli Barbadoksen itsen\u00e4isyysp\u00e4iv\u00e4\u00e4 \u2013 julkaisi ennenn\u00e4kem\u00e4tt\u00f6mi\u00e4 rantakuvia \u2013 Stara.fi"},"content":{"rendered":"<p>Laulaja Rihannan ja r\u00e4pp\u00e4ri A$AP Rockyn perhe on syyskuussa kasvanut. Pariskunnalle syntyi tyt\u00e4r, joka on Rihannan ja Rockyn kolmas lapsi. Rihanna ilmoitti sosiaalisessa mediassa ilouutisesta ja kertoi, ett\u00e4 he antoivat lapselleen nimeksi Rocki Irish Mayers.<\/p>\n<p>Nyt 37-vuotias Rihanna jakoi Instagramissa aiemmin julkaisemattomia bikinikuvia raskausajoiltaan Barbadoksen 59. itsen\u00e4isyysp\u00e4iv\u00e4n kunniaksi. Laulaja vietti juhlap\u00e4iv\u00e4\u00e4 kotisaarellaan perheens\u00e4 kanssa ja julkaisi samalla harvinaisia otoksia el\u00e4m\u00e4st\u00e4\u00e4n lasten ja puolison A$AP Rockyn kanssa. <\/p>\n<p>Syyskuussa syntyneen Rocki-tytt\u00e4ren lis\u00e4ksi pariskunnalla on kolmevuotias poika RZA Athelston Mayers ja kaksivuotias Riot Rose Mayers. Julkaisussaan Rihanna esitteli sek\u00e4 rentoja rantahetki\u00e4 ett\u00e4 pikkulapsiperheen arkea. <\/p>\n<p>Er\u00e4\u00e4ss\u00e4 kuvassa raskaana oleva t\u00e4hti kelluu turkoosissa merivedess\u00e4 ja nauttii kookosjuomaa, toisessa taas pieni Riot hymyilee leve\u00e4sti sy\u00f6dess\u00e4\u00e4n tuoretta hedelm\u00e4\u00e4. Kuvien yhteyteen laulaja kirjoitti tunteikkaan viestin Barbadokselle, jota h\u00e4n kutsuu ylpe\u00e4n\u00e4 omaksi kodikseen.<\/p>\n<p>Rihanna onnitteli Barbadosta sek\u00e4 sen 59. itsen\u00e4isyysvuodesta ett\u00e4 nelj\u00e4nnest\u00e4 vuodesta tasavaltana. H\u00e4n huomioi my\u00f6s maan uuden presidentin, Jeffrey Bosticin, virkaanastujaiset ja kiitti p\u00e4\u00e4ministeri Mia Mottleyt\u00e4 Barbadoksen johdosta. \u201dBarbados, rakastan sinua\u201d, t\u00e4hti kirjoitti julkaisussaan.<\/p>\n<p>Popikonin siteet Barbadokseen ovat aina olleet tiiviit. St. Michaelissa syntynyt ja kasvanut Rihanna nousi maailmanmaineeseen teini-ik\u00e4isen\u00e4, mutta on uransa huipulta huolimatta s\u00e4ilytt\u00e4nyt tiiviin yhteyden juurilleen. H\u00e4n on vuosien varrella toiminut my\u00f6s virallisena suurl\u00e4hettil\u00e4\u00e4n\u00e4 ja tuonut kotisaarensa kulttuuria esiin niin h\u00e4nen musiikissaan kuin tyyliss\u00e4\u00e4nkin.<\/p>\n<blockquote class=\"instagram-media\" data-instgrm-captioned=\"\" data-instgrm-permalink=\"https:\/\/www.instagram.com\/p\/DRtOSiNDeXl\/?utm_source=ig_embed&amp;utm_campaign=loading\" data-instgrm-version=\"14\" style=\" background:#FFF; border:0; border-radius:3px; box-shadow:0 0 1px 0 rgba(0,0,0,0.5),0 1px 10px 0 rgba(0,0,0,0.15); margin: 1px; max-width:540px; min-width:326px; padding:0; width:99.375%; width:-webkit-calc(100% - 2px); width:calc(100% - 2px);\">\n<\/blockquote>\n<p>\n\t\t\t\tVoit lukea Starassa my\u00f6s lis\u00e4\u00e4 t\u00e4h\u00e4n kyseiseen artikkeliin liittyvist\u00e4 aiheista, kuten <a href=\"https:\/\/www.stara.fi\/asiasanat\/rihanna\/\" rel=\"tag nofollow noopener\" target=\"_blank\">Rihanna<\/a> tai laajemmin aihealueesta <a href=\"https:\/\/www.stara.fi\/category\/viihdeuutiset\/\" rel=\"category tag nofollow noopener\" target=\"_blank\">Viihdeuutiset<\/a>.\n\t\t\t<\/p>\n<p>\t\t\t\t\t<script async src=\"\/\/www.instagram.com\/embed.js\"><\/script><\/p>\n","protected":false},"excerpt":{"rendered":"Laulaja Rihannan ja r\u00e4pp\u00e4ri A$AP Rockyn perhe on syyskuussa kasvanut. Pariskunnalle syntyi tyt\u00e4r, joka on Rihannan ja Rockyn&hellip;\n","protected":false},"author":2,"featured_media":105812,"comment_status":"","ping_status":"","sticky":false,"template":"","format":"standard","meta":{"footnotes":""},"categories":[136],"tags":[407,137,33,31,30,408,32,109],"class_list":{"0":"post-105811","1":"post","2":"type-post","3":"status-publish","4":"format-standard","5":"has-post-thumbnail","7":"category-julkkikset","8":"tag-celebrities","9":"tag-entertainment","10":"tag-fi","11":"tag-finland","12":"tag-finnish","13":"tag-julkkikset","14":"tag-suomi","15":"tag-viihde"},"share_on_mastodon":{"url":"https:\/\/pubeurope.com\/@fi\/115650743716146572","error":""},"_links":{"self":[{"href":"https:\/\/www.europesays.com\/fi\/wp-json\/wp\/v2\/posts\/105811","targetHints":{"allow":["GET"]}}],"collection":[{"href":"https:\/\/www.europesays.com\/fi\/wp-json\/wp\/v2\/posts"}],"about":[{"href":"https:\/\/www.europesays.com\/fi\/wp-json\/wp\/v2\/types\/post"}],"author":[{"embeddable":true,"href":"https:\/\/www.europesays.com\/fi\/wp-json\/wp\/v2\/users\/2"}],"replies":[{"embeddable":true,"href":"https:\/\/www.europesays.com\/fi\/wp-json\/wp\/v2\/comments?post=105811"}],"version-history":[{"count":0,"href":"https:\/\/www.europesays.com\/fi\/wp-json\/wp\/v2\/posts\/105811\/revisions"}],"wp:featuredmedia":[{"embeddable":true,"href":"https:\/\/www.europesays.com\/fi\/wp-json\/wp\/v2\/media\/105812"}],"wp:attachment":[{"href":"https:\/\/www.europesays.com\/fi\/wp-json\/wp\/v2\/media?parent=105811"}],"wp:term":[{"taxonomy":"category","embeddable":true,"href":"https:\/\/www.europesays.com\/fi\/wp-json\/wp\/v2\/categories?post=105811"},{"taxonomy":"post_tag","embeddable":true,"href":"https:\/\/www.europesays.com\/fi\/wp-json\/wp\/v2\/tags?post=105811"}],"curies":[{"name":"wp","href":"https:\/\/api.w.org\/{rel}","templated":true}]}}