{"id":105814,"date":"2025-12-02T15:50:09","date_gmt":"2025-12-02T15:50:09","guid":{"rendered":"https:\/\/www.europesays.com\/fi\/105814\/"},"modified":"2025-12-02T15:50:09","modified_gmt":"2025-12-02T15:50:09","slug":"yle-urheilun-asiantuntija-aino-kaisa-saarinen-pettyi-hiihdon-venaja-paatokseen-en-ymmarra-tata-logiikkaa-urheilu","status":"publish","type":"post","link":"https:\/\/www.europesays.com\/fi\/105814\/","title":{"rendered":"Yle Urheilun asiantuntija Aino-Kaisa Saarinen pettyi hiihdon Ven\u00e4j\u00e4-p\u00e4\u00e4t\u00f6kseen: \u201dEn ymm\u00e4rr\u00e4 t\u00e4t\u00e4 logiikkaa\u201d | Urheilu"},"content":{"rendered":"<p class=\"aw-1gybjub aw-5vja16 kEtdKx kmuxyA yle__article__paragraph\">Yle Urheilun asiantuntija Aino-Kaisa Saarinen on pettynyt ja surullinen CAS:n p\u00e4\u00e4t\u00f6ksest\u00e4 p\u00e4\u00e4st\u00e4\u00e4 ven\u00e4l\u00e4iset ja valkoven\u00e4l\u00e4iset hiiht\u00e4j\u00e4t neutraaleina urheilijoina kilpailuihin.<\/p>\n<p><img decoding=\"async\" alt=\"Aino-Kaisa Saarinen haluaa voittamisen takaisin kunniaan.\" src=\"https:\/\/www.europesays.com\/fi\/wp-content\/uploads\/2025\/12\/39-125558865ece7a2454fc.jpeg\" class=\"aw-1l9m598 hKVVvP\"\/><\/p>\n<p>Avaa kuvien katselu<\/p>\n<p>Aino-Kaisa Saarinen ei usko, ett\u00e4 ven\u00e4l\u00e4iset k\u00e4rkihiiht\u00e4j\u00e4t l\u00e4p\u00e4isev\u00e4t KOK:n neutraalien urheilijoiden kriteerit. Kuva: Tomi H\u00e4nninen\/Chilipictures<\/p>\n<p class=\"aw-1gybjub aw-1p7kakr kEtdKx cEmitX yle__article__paragraph\">Urheilun kansainv\u00e4linen vetoomustuomioistuin (CAS) hyv\u00e4ksyi Ven\u00e4j\u00e4n ja Valko-Ven\u00e4j\u00e4n hiihtoliittojen valitukset. CAS:n mukaan ven\u00e4l\u00e4isill\u00e4 ja valkoven\u00e4l\u00e4isill\u00e4 hiihtolajien urheilijoilla, jotka t\u00e4ytt\u00e4v\u00e4t Kansainv\u00e4lisen olympiakomitean kriteerit, tulee olla mahdollisuus osallistua Milano-Cortinan olympialaisiin neutraaleina urheilijoina.<\/p>\n<p class=\"aw-1gybjub aw-1p7kakr kEtdKx cEmitX yle__article__paragraph\">Yle Urheilun asiantuntija <strong class=\"aw-ak79eh KyCXm yle__article__strong\">Aino-Kaisa Saarinen<\/strong> on pettynyt CAS:n p\u00e4\u00e4t\u00f6kseen.<\/p>\n<p class=\"aw-1gybjub aw-1p7kakr kEtdKx cEmitX yle__article__paragraph\">\u2013 P\u00e4\u00e4t\u00f6s on surullinen, koska sota on minun mielest\u00e4ni edelleen siin\u00e4 samassa tilanteessa kuin mit\u00e4 se oli 2022, Saarinen totesi.<\/p>\n<p class=\"aw-1gybjub aw-1p7kakr kEtdKx cEmitX yle__article__paragraph\">\u2013 Minun on vaikea k\u00e4sitt\u00e4\u00e4 sit\u00e4, miten t\u00e4llainen p\u00e4\u00e4t\u00f6s on pystytty tekem\u00e4\u00e4n. Mutta ei t\u00e4h\u00e4n en\u00e4\u00e4 kukaan pysty sen kummemmin vaikuttamaan nyt, kun p\u00e4\u00e4t\u00f6s on tehty.<\/p>\n<p>\u201dEn ymm\u00e4rr\u00e4 logiikkaa\u201d<\/p>\n<p class=\"aw-1gybjub aw-1p7kakr kEtdKx cEmitX yle__article__paragraph\">Saarinen ihmettelee my\u00f6s, mill\u00e4 perusteella p\u00e4\u00e4t\u00f6s on tehty.<\/p>\n<p class=\"aw-1gybjub aw-1p7kakr kEtdKx cEmitX yle__article__paragraph\">CAS:lle tehdyiss\u00e4 valituksissa FIS:n p\u00e4\u00e4t\u00f6st\u00e4 pidettiin FIS:n s\u00e4\u00e4nt\u00f6jen sek\u00e4 poliittisen puolueettomuuden ja syrjim\u00e4tt\u00f6myyden periaatteiden vastaisena. CAS:n mukaan FIS:n s\u00e4\u00e4nn\u00f6t suojaavat yksitt\u00e4isi\u00e4 urheilijoita syrjinn\u00e4lt\u00e4. Lis\u00e4ksi FIS:n pit\u00e4\u00e4 olla poliittisesti neutraali s\u00e4\u00e4nt\u00f6jens\u00e4 artiklan 5.2 mukaan.<\/p>\n<p><img decoding=\"async\" alt=\"Veronika Stepanova juhlii olympialaisissa.\" src=\"https:\/\/www.europesays.com\/fi\/wp-content\/uploads\/2025\/12\/39-102458463569375630e0.jpeg\" loading=\"lazy\" class=\"aw-1l9m598 hKVVvP\"\/><\/p>\n<p>Avaa kuvien katselu<\/p>\n<p>Veronika Stepanova kuuluu Ven\u00e4j\u00e4n naisten k\u00e4rkinimiin. H\u00e4net on usein kuvattu Ven\u00e4j\u00e4n presidentin, Vladimir Putinin seurassa. Kuva: EPA-EFE\/All Over Press<\/p>\n<p class=\"aw-1gybjub aw-1p7kakr kEtdKx cEmitX yle__article__paragraph\">CAS katsoi, ettei FIS voi s\u00e4\u00e4nt\u00f6jens\u00e4 takia poissulkea automaattisesti kaikkia ven\u00e4l\u00e4is- ja valkoven\u00e4l\u00e4isurheilijoita riippumatta siit\u00e4, t\u00e4ytt\u00e4v\u00e4tk\u00f6 n\u00e4m\u00e4 neutraalien urheilijoiden kriteerit.<\/p>\n<p class=\"aw-1gybjub aw-1p7kakr kEtdKx cEmitX yle__article__paragraph\">Saarinen muistutti, ett\u00e4 ven\u00e4l\u00e4iset ja valkoven\u00e4l\u00e4iset hiihtolajien urheilijat ovat olleet toiminnasta suljettuja maaliskuusta 2022 l\u00e4htien.<\/p>\n<p class=\"aw-1gybjub aw-1p7kakr kEtdKx cEmitX yle__article__paragraph\">\u2013 Miksi sitten aiemmin heit\u00e4 ei ole syrjitty. En oikein ymm\u00e4rr\u00e4 t\u00e4t\u00e4 logiikkaa.<\/p>\n<p>Miten neutraalius selvitet\u00e4\u00e4n?<\/p>\n<p class=\"aw-1gybjub aw-1p7kakr kEtdKx cEmitX yle__article__paragraph\">FIS:n alaisiin kisoihin p\u00e4\u00e4sevien urheilijoiden pit\u00e4\u00e4 t\u00e4ytt\u00e4\u00e4 Kansainv\u00e4lisen olympiakomitean kriteerit. He eiv\u00e4t saa osallistua joukkuelajeihin, eiv\u00e4tk\u00e4 Ven\u00e4j\u00e4n sotatoimia avoimesti tukevat tai maiden armeijoiden palveluksessa olevat urheilijat saa osallistua olympialaisiin. Lis\u00e4ksi urheilijoiden on l\u00e4p\u00e4ist\u00e4v\u00e4 asianmukaiset dopingtestit.<\/p>\n<p class=\"aw-1gybjub aw-1p7kakr kEtdKx cEmitX yle__article__paragraph\">Saarisen mukaan t\u00e4m\u00e4 karsii ainakin ven\u00e4l\u00e4isi\u00e4 k\u00e4rkihiiht\u00e4ji\u00e4, sill\u00e4 useat heist\u00e4 ovat kytk\u00f6ksiss\u00e4 armeijaan.<\/p>\n<p class=\"aw-1gybjub aw-1p7kakr kEtdKx cEmitX yle__article__paragraph\">\u2013 Meid\u00e4n j\u00e4rjen mukaan heit\u00e4 ei pit\u00e4isi n\u00e4hd\u00e4 kisoissa. Mutta meneek\u00f6 se sitten meid\u00e4n j\u00e4rjen mukaan vain jonkun toisen j\u00e4rjen mukaan, niin se j\u00e4\u00e4 n\u00e4ht\u00e4v\u00e4ksi, h\u00e4n naurahti.<\/p>\n<p class=\"aw-1gybjub aw-1p7kakr kEtdKx cEmitX yle__article__paragraph\">Saarisen mielest\u00e4 on my\u00f6s mielenkiintoista n\u00e4hd\u00e4, miten urheilijoiden neutraalius selvitet\u00e4\u00e4n.<\/p>\n<p class=\"aw-1gybjub aw-1p7kakr kEtdKx cEmitX yle__article__paragraph\">\u2013 Onko heill\u00e4 joku kysymyspatteristo, vai miten he aikovat sen selvitt\u00e4\u00e4, ketk\u00e4 tukevat sotaa ja ketk\u00e4 eiv\u00e4t? Kuka p\u00e4\u00e4tt\u00e4\u00e4 sen, kuka on kelvollinen ja kuka ei? h\u00e4n ihmetteli.<\/p>\n<p class=\"aw-1gybjub aw-1p7kakr kEtdKx cEmitX yle__article__paragraph\">\u2013 Min\u00e4 en luota t\u00e4h\u00e4n ollenkaan, kun ei ole olemassa sellaista systeemi\u00e4, jolla asia saataisiin selville. Ett\u00e4 siell\u00e4 olisi vain sellaisia urheilijoita, jotka eiv\u00e4t ole miss\u00e4\u00e4n vaiheessa, mill\u00e4\u00e4n tavalla tukeneet sit\u00e4 sotaa.<\/p>\n","protected":false},"excerpt":{"rendered":"Yle Urheilun asiantuntija Aino-Kaisa Saarinen on pettynyt ja surullinen CAS:n p\u00e4\u00e4t\u00f6ksest\u00e4 p\u00e4\u00e4st\u00e4\u00e4 ven\u00e4l\u00e4iset ja valkoven\u00e4l\u00e4iset hiiht\u00e4j\u00e4t neutraaleina urheilijoina&hellip;\n","protected":false},"author":2,"featured_media":105815,"comment_status":"","ping_status":"","sticky":false,"template":"","format":"standard","meta":{"footnotes":""},"categories":[158],"tags":[15355,33,31,30,2095,2096,11523,7584,2776,159,32,160,19925],"class_list":{"0":"post-105814","1":"post","2":"type-post","3":"status-publish","4":"format-standard","5":"has-post-thumbnail","7":"category-urheilu","8":"tag-aino-kaisa-saarinen","9":"tag-fi","10":"tag-finland","11":"tag-finnish","12":"tag-hiihto","13":"tag-hiihtolajit","14":"tag-kansainvalinen-hiihtoliitto-fis","15":"tag-kansainvalinen-olympiakomitea-kok","16":"tag-olympialaiset","17":"tag-sports","18":"tag-suomi","19":"tag-urheilu","20":"tag-urheilun-kansainvalinen-vetoomustuomioistuin-cas"},"share_on_mastodon":{"url":"https:\/\/pubeurope.com\/@fi\/115650771460834147","error":""},"_links":{"self":[{"href":"https:\/\/www.europesays.com\/fi\/wp-json\/wp\/v2\/posts\/105814","targetHints":{"allow":["GET"]}}],"collection":[{"href":"https:\/\/www.europesays.com\/fi\/wp-json\/wp\/v2\/posts"}],"about":[{"href":"https:\/\/www.europesays.com\/fi\/wp-json\/wp\/v2\/types\/post"}],"author":[{"embeddable":true,"href":"https:\/\/www.europesays.com\/fi\/wp-json\/wp\/v2\/users\/2"}],"replies":[{"embeddable":true,"href":"https:\/\/www.europesays.com\/fi\/wp-json\/wp\/v2\/comments?post=105814"}],"version-history":[{"count":0,"href":"https:\/\/www.europesays.com\/fi\/wp-json\/wp\/v2\/posts\/105814\/revisions"}],"wp:featuredmedia":[{"embeddable":true,"href":"https:\/\/www.europesays.com\/fi\/wp-json\/wp\/v2\/media\/105815"}],"wp:attachment":[{"href":"https:\/\/www.europesays.com\/fi\/wp-json\/wp\/v2\/media?parent=105814"}],"wp:term":[{"taxonomy":"category","embeddable":true,"href":"https:\/\/www.europesays.com\/fi\/wp-json\/wp\/v2\/categories?post=105814"},{"taxonomy":"post_tag","embeddable":true,"href":"https:\/\/www.europesays.com\/fi\/wp-json\/wp\/v2\/tags?post=105814"}],"curies":[{"name":"wp","href":"https:\/\/api.w.org\/{rel}","templated":true}]}}