{"id":105824,"date":"2025-12-02T15:57:09","date_gmt":"2025-12-02T15:57:09","guid":{"rendered":"https:\/\/www.europesays.com\/fi\/105824\/"},"modified":"2025-12-02T15:57:09","modified_gmt":"2025-12-02T15:57:09","slug":"bmw-kuski-ajoi-34-vuotiaan-miehen-kuoliaaksi-mikkelissa","status":"publish","type":"post","link":"https:\/\/www.europesays.com\/fi\/105824\/","title":{"rendered":"BMW-kuski ajoi 34-vuotiaan miehen kuoliaaksi Mikkeliss\u00e4"},"content":{"rendered":"<p>Oikeuden mukaan kuskin tarkoituksena ei ollut tappaa.<\/p>\n<p class=\"article-body mb-nof-24 px-nof-16\">Etel\u00e4-Savon k\u00e4r\u00e4j\u00e4oikeus tuomitsi 34-vuotiaan miehen kuoliaaksi ajaneen BMW-kuskin 1 vuoden ja 10 kuukauden ehdottomaan vankeuteen.<\/p>\n<p class=\"article-body mb-nof-24 px-nof-16\">Oikeus katsoi 32-vuotiaan mieskuskin syyllistyneen t\u00f6rke\u00e4\u00e4n kuolemantuottamukseen, liikenneturvallisuuden vaarantamiseen, kulkuneuvon kuljettamiseen oikeudetta, huumausainerikokseen ja muutamaan muuhun rikokseen.<\/p>\n<p class=\"article-body mb-nof-24 px-nof-16\">Kuski kiihdytti voimakkaasti BMW-autolla ja ajoi 34-vuotiaan miehen p\u00e4\u00e4lle Mikkelin Siekkil\u00e4n Pohjolankadulla kes\u00e4kuun ensimm\u00e4isen\u00e4 p\u00e4iv\u00e4n\u00e4.<\/p>\n<p class=\"article-body mb-nof-24 px-nof-16\">Uhri menehtyi vammoihinsa, ja kuski pakeni paikalta autolla.<\/p>\n<p class=\"article-body mb-nof-24 px-nof-16\">Reilua kuukautta my\u00f6hemmin poliisi l\u00f6ysi kuskin ja t\u00e4m\u00e4n seurassa olleen naisen piileksim\u00e4st\u00e4 pyykkikasan alla yksityisasunnossa Varsinais-Suomessa.<\/p>\n<p class=\"article-body mb-nof-24 px-nof-16\">Oikeuden mukaan kuolema oli seurausta kuskin t\u00f6rke\u00e4n huolimattomasta ajotyylist\u00e4, eik\u00e4 sen mielest\u00e4 kuskin tarkoituksena ollut tappaa. Syytt\u00e4j\u00e4 oli alkujaan vaatinut miehelle rangaistusta taposta, koska h\u00e4nen mielest\u00e4\u00e4n teko oli tahallinen.<\/p>\n<p><img decoding=\"async\" src=\"https:\/\/www.europesays.com\/fi\/wp-content\/uploads\/2025\/12\/1764691028_519_468.jpg\" alt=\"Bemarin tuulilasi oli pahoin vaurioitunut.\" class=\"_Img_1rerz_1\" style=\"aspect-ratio:0.9984375\" loading=\"eager\"\/><\/p>\n<p class=\"article-picture-caption\">Bemarin tuulilasi oli pahoin vaurioitunut. Kuva:\u00a0Poliisi<\/p>\n<p><img decoding=\"async\" src=\"https:\/\/www.europesays.com\/fi\/wp-content\/uploads\/2025\/12\/1764691029_644_468.jpg\" alt=\"Auton keulassa n\u00e4kyi suuri lommo.\" class=\"_Img_1rerz_1\" style=\"aspect-ratio:1.1327433628318584\" loading=\"eager\"\/><\/p>\n<p class=\"article-picture-caption\">Auton keulassa n\u00e4kyi suuri lommo. Kuva:\u00a0Poliisi<\/p>\n<p class=\"article-body mb-nof-24 px-nof-16\">Yliajon taustalla oli aikaisempi selkkaus huumeista.<\/p>\n<p class=\"article-body mb-nof-24 px-nof-16\">Kuski oli ajanut Pohjolankadulle hieromaan huumekauppoja parikymppisen miehen kanssa. Tapahtumapaikalle saapui kuitenkin 34-vuotias uhri ja t\u00e4m\u00e4n tuttavia, jotka l\u00e4htiv\u00e4t etenem\u00e4\u00e4n \u201dm\u00f6ykk\u00e4\u00e4v\u00e4sti\u201d kuskin autoa kohti.<\/p>\n<p class=\"article-body mb-nof-24 px-nof-16\">Kuski koki tilanteen uhkaavaksi, koska h\u00e4n oli huijannut uhria aiemmin samana p\u00e4iv\u00e4n\u00e4 huumekaupoissa ja oli t\u00e4lle velkaa. H\u00e4n uskoi tulleensa v\u00e4ijytyksi.<\/p>\n<p class=\"article-body mb-nof-24 px-nof-16\">N\u00e4in h\u00e4n kertoi tilanteesta poliisikuulusteluissa.<\/p>\n<p class=\"article-body mb-nof-24 px-nof-16\">\u2013 Min\u00e4 menin paniikkiin. Ajattelin n\u00e4in, koska minulla oli sit\u00e4 velkaa t\u00e4lle (uhrille). N\u00e4m\u00e4 miehet pyrkiv\u00e4t selv\u00e4sti autoa kohti ja se tuntui niin ansalta se tilanne, kuski kertoi poliisikuulusteluissa.<\/p>\n<p class=\"article-body mb-nof-24 px-nof-16\">T\u00e4st\u00e4 syyst\u00e4 kuski painoi kaasua ja ajoi tahattomasti uhrin p\u00e4\u00e4lle.<\/p>\n<p class=\"article-body mb-nof-24 px-nof-16\">Etel\u00e4-Savon k\u00e4r\u00e4j\u00e4oikeuden tiistaina antama tuomio ei ole lainvoimainen.<\/p>\n<p><img decoding=\"async\" src=\"https:\/\/www.europesays.com\/fi\/wp-content\/uploads\/2025\/12\/1764691029_488_468.jpg\" alt=\"Tapahtumapaikka toisesta suunnasta kuvattuna. Punaisella nuolella merkittyn\u00e4 auton l\u00e4ht\u00f6paikka.\" class=\"_Img_1rerz_1\" style=\"aspect-ratio:1.348314606741573\" loading=\"eager\"\/><\/p>\n<p class=\"article-picture-caption\">Tapahtumapaikka toisesta suunnasta kuvattuna. Punaisella nuolella merkittyn\u00e4 auton l\u00e4ht\u00f6paikka. Kuva:\u00a0Poliisi<\/p>\n","protected":false},"excerpt":{"rendered":"Oikeuden mukaan kuskin tarkoituksena ei ollut tappaa. Etel\u00e4-Savon k\u00e4r\u00e4j\u00e4oikeus tuomitsi 34-vuotiaan miehen kuoliaaksi ajaneen BMW-kuskin 1 vuoden ja&hellip;\n","protected":false},"author":2,"featured_media":105825,"comment_status":"","ping_status":"","sticky":false,"template":"","format":"standard","meta":{"footnotes":""},"categories":[5],"tags":[22,23,26,27,33,31,30,17,34,24,25,28,29,15,18,21,32,19,20,16],"class_list":{"0":"post-105824","1":"post","2":"type-post","3":"status-publish","4":"format-standard","5":"has-post-thumbnail","7":"category-otsikot","8":"tag-breaking-news","9":"tag-breakingnews","10":"tag-featured-news","11":"tag-featurednews","12":"tag-fi","13":"tag-finland","14":"tag-finnish","15":"tag-headlines","16":"tag-ilta-sanomat","17":"tag-latest-news","18":"tag-latestnews","19":"tag-main-news","20":"tag-mainnews","21":"tag-news","22":"tag-otsikot","23":"tag-paauutiset","24":"tag-suomi","25":"tag-top-stories","26":"tag-topstories","27":"tag-uutiset"},"share_on_mastodon":{"url":"https:\/\/pubeurope.com\/@fi\/115650798935470752","error":""},"_links":{"self":[{"href":"https:\/\/www.europesays.com\/fi\/wp-json\/wp\/v2\/posts\/105824","targetHints":{"allow":["GET"]}}],"collection":[{"href":"https:\/\/www.europesays.com\/fi\/wp-json\/wp\/v2\/posts"}],"about":[{"href":"https:\/\/www.europesays.com\/fi\/wp-json\/wp\/v2\/types\/post"}],"author":[{"embeddable":true,"href":"https:\/\/www.europesays.com\/fi\/wp-json\/wp\/v2\/users\/2"}],"replies":[{"embeddable":true,"href":"https:\/\/www.europesays.com\/fi\/wp-json\/wp\/v2\/comments?post=105824"}],"version-history":[{"count":0,"href":"https:\/\/www.europesays.com\/fi\/wp-json\/wp\/v2\/posts\/105824\/revisions"}],"wp:featuredmedia":[{"embeddable":true,"href":"https:\/\/www.europesays.com\/fi\/wp-json\/wp\/v2\/media\/105825"}],"wp:attachment":[{"href":"https:\/\/www.europesays.com\/fi\/wp-json\/wp\/v2\/media?parent=105824"}],"wp:term":[{"taxonomy":"category","embeddable":true,"href":"https:\/\/www.europesays.com\/fi\/wp-json\/wp\/v2\/categories?post=105824"},{"taxonomy":"post_tag","embeddable":true,"href":"https:\/\/www.europesays.com\/fi\/wp-json\/wp\/v2\/tags?post=105824"}],"curies":[{"name":"wp","href":"https:\/\/api.w.org\/{rel}","templated":true}]}}