{"id":105826,"date":"2025-12-02T16:09:09","date_gmt":"2025-12-02T16:09:09","guid":{"rendered":"https:\/\/www.europesays.com\/fi\/105826\/"},"modified":"2025-12-02T16:09:09","modified_gmt":"2025-12-02T16:09:09","slug":"han-oli-linnan-paras-pukeutuja-vuonna-2024","status":"publish","type":"post","link":"https:\/\/www.europesays.com\/fi\/105826\/","title":{"rendered":"H\u00e4n oli Linnan paras pukeutuja vuonna 2024"},"content":{"rendered":"<p>Viime vuoden Linnan juhlissa n\u00e4htiin vaaleita veistoksellisia luomuksia.<\/p>\n<p class=\"paragraph\">Linnan juhlat koittavat pian ja on j\u00e4lleen aika ihailla totuttuun tapaan my\u00f6s kutsuvieraiden pukuloistoa.<\/p>\n<p class=\"paragraph\">Iltalehden lukijat \u00e4\u00e4nestiv\u00e4t viime vuonna juhlien parhaaksi pukeutujaksi somevaikuttaja <strong>Sofia Ruudun<\/strong>. H\u00e4n sai 20 prosenttia annetuista \u00e4\u00e4nist\u00e4.<\/p>\n<p class=\"paragraph\">Ruudulla oli laventelin v\u00e4rinen iltapuku, jonka oli ommellut muotisuunnittelija ja ompelija <a href=\"https:\/\/www.iltalehti.fi\/henkilot\/Aura Ritola\" class=\"article-link-person-page\" rel=\"nofollow noopener\" target=\"_blank\">Aura Ritola<\/a>. Veistoksellisen iltapuvun kruunasi hartioilta lattialle asti laskeutuva laahus. Ruudun meikin oli tehnyt meikkitaiteilija <strong>Sharon Rubanovitsch<\/strong>, ja kampauksen parturi-kampaaja <strong>Oona Sahla<\/strong>.<\/p>\n<p><img decoding=\"async\" class=\"image image-show image-preview\" src=\"https:\/\/www.europesays.com\/fi\/wp-content\/uploads\/2025\/12\/b1b5033ef0342f8e897ba80a4375724b8cb7058279972b749f386a2ba3f227da.jpg\" alt=\"\"\/><img decoding=\"async\" class=\"image image-show\" src=\"https:\/\/www.europesays.com\/fi\/wp-content\/uploads\/2025\/12\/1764691749_89_b1b5033ef0342f8e897ba80a4375724b8cb7058279972b749f386a2ba3f227da.jpg\" alt=\"\"\/><\/p>\n<p>Kuvassa Jarkko ja Sofia Ruutu. Inka Soveri<\/p>\n<p class=\"paragraph\">Muita unohtumattomia asuja n\u00e4htiin muun muassa bloggaaja <a href=\"https:\/\/www.iltalehti.fi\/henkilot\/Metti Forssell\" class=\"article-link-person-page\" rel=\"nofollow noopener\" target=\"_blank\">Metti Forssellin<\/a>, n\u00e4yttelij\u00e4 <strong>Linnea Leinon<\/strong> ja siivouskuningatar <a href=\"https:\/\/www.iltalehti.fi\/henkilot\/Auri Kananen\" class=\"article-link-person-page\" rel=\"nofollow noopener\" target=\"_blank\">Auri Kanasen<\/a> p\u00e4\u00e4ll\u00e4.<\/p>\n<p class=\"paragraph\">Katso alta kuvia viime vuoden asuista.<\/p>\n<p>Kuvassa Metti ja Mikael Forsell. Inka Soveri<\/p>\n<p>Kuvassa Linnea Leino. Inka Soveri<\/p>\n<p>Rodeo-yhtyeen Anna Puu, Erin Anttila ja Ida Paul. Inka Soveri<\/p>\n<p>Kuvassa Auri Kananen ja Sami Salminen. Inka Soveri<\/p>\n<p>Kuvassa Teemu Huuhtanen ja Vappu Pimi\u00e4. Inka Soveri<\/p>\n<p>Kuvassa Ida Elina. Inka Soveri<\/p>\n","protected":false},"excerpt":{"rendered":"Viime vuoden Linnan juhlissa n\u00e4htiin vaaleita veistoksellisia luomuksia. Linnan juhlat koittavat pian ja on j\u00e4lleen aika ihailla totuttuun&hellip;\n","protected":false},"author":2,"featured_media":105827,"comment_status":"","ping_status":"","sticky":false,"template":"","format":"standard","meta":{"footnotes":""},"categories":[136],"tags":[35,407,2110,137,33,31,30,876,3207,408,2351,106,32,2350,109],"class_list":{"0":"post-105826","1":"post","2":"type-post","3":"status-publish","4":"format-standard","5":"has-post-thumbnail","7":"category-julkkikset","8":"tag-24h","9":"tag-celebrities","10":"tag-elamantapa-ja-vapaa-aika","11":"tag-entertainment","12":"tag-fi","13":"tag-finland","14":"tag-finnish","15":"tag-fyysinen-kauneus","16":"tag-ihmisen-ulkonako","17":"tag-julkkikset","18":"tag-kengat-ja-asusteet","19":"tag-muoti","20":"tag-suomi","21":"tag-vaatekappaleet","22":"tag-viihde"},"share_on_mastodon":{"url":"https:\/\/pubeurope.com\/@fi\/115650846124620268","error":""},"_links":{"self":[{"href":"https:\/\/www.europesays.com\/fi\/wp-json\/wp\/v2\/posts\/105826","targetHints":{"allow":["GET"]}}],"collection":[{"href":"https:\/\/www.europesays.com\/fi\/wp-json\/wp\/v2\/posts"}],"about":[{"href":"https:\/\/www.europesays.com\/fi\/wp-json\/wp\/v2\/types\/post"}],"author":[{"embeddable":true,"href":"https:\/\/www.europesays.com\/fi\/wp-json\/wp\/v2\/users\/2"}],"replies":[{"embeddable":true,"href":"https:\/\/www.europesays.com\/fi\/wp-json\/wp\/v2\/comments?post=105826"}],"version-history":[{"count":0,"href":"https:\/\/www.europesays.com\/fi\/wp-json\/wp\/v2\/posts\/105826\/revisions"}],"wp:featuredmedia":[{"embeddable":true,"href":"https:\/\/www.europesays.com\/fi\/wp-json\/wp\/v2\/media\/105827"}],"wp:attachment":[{"href":"https:\/\/www.europesays.com\/fi\/wp-json\/wp\/v2\/media?parent=105826"}],"wp:term":[{"taxonomy":"category","embeddable":true,"href":"https:\/\/www.europesays.com\/fi\/wp-json\/wp\/v2\/categories?post=105826"},{"taxonomy":"post_tag","embeddable":true,"href":"https:\/\/www.europesays.com\/fi\/wp-json\/wp\/v2\/tags?post=105826"}],"curies":[{"name":"wp","href":"https:\/\/api.w.org\/{rel}","templated":true}]}}