{"id":105832,"date":"2025-12-02T16:17:08","date_gmt":"2025-12-02T16:17:08","guid":{"rendered":"https:\/\/www.europesays.com\/fi\/105832\/"},"modified":"2025-12-02T16:17:08","modified_gmt":"2025-12-02T16:17:08","slug":"kuningatar-silvia-sairastui","status":"publish","type":"post","link":"https:\/\/www.europesays.com\/fi\/105832\/","title":{"rendered":"Kuningatar Silvia sairastui"},"content":{"rendered":"<p>Ruotsin kuningatar Silvia joutui perumaan edustustilaisuuden.<\/p>\n<p><img decoding=\"async\" class=\"image image-show image-preview\" src=\"https:\/\/www.europesays.com\/fi\/wp-content\/uploads\/2025\/12\/cfb0dd1cb0ec91990469aff562e8cd074e2d581dcc1ea3e8c2784d60365f9b1c.jpg\" alt=\"\"\/><img decoding=\"async\" class=\"image image-show\" src=\"https:\/\/www.europesays.com\/fi\/wp-content\/uploads\/2025\/12\/1764692228_232_cfb0dd1cb0ec91990469aff562e8cd074e2d581dcc1ea3e8c2784d60365f9b1c.jpg\" alt=\"\"\/><\/p>\n<p>Kaarle Kustaa ja Silvia vierailivat kes\u00e4ll\u00e4 Suomessa. Pasi Liesimaa<\/p>\n<p class=\"paragraph\">Ruotsin kuningatar <a href=\"https:\/\/www.iltalehti.fi\/henkilot\/Silvia\" class=\"article-link-person-page\" rel=\"nofollow noopener\" target=\"_blank\">Silvia<\/a> on vilustunut, uutisoi ruotsalainen <a href=\"https:\/\/www.svenskdam.se\/kungligt\/just-nu-drottningen-har-lamnat-aterbud-victoria-ersatter\/11165553\" target=\"_blank\" rel=\"noopener nofollow\">Svensk Damtidning<\/a>.<\/p>\n<p class=\"paragraph\">Kuningattaren oli tarkoitus osallistua maanantaina saksalaisen naiskerhon vuosittaiseen adventtijuhlaan. Tilaisuus j\u00e4rjestettiin Tukholman vanhankaupungin saksalaisessa kirkossa. Silvia on ollut kerhon j\u00e4sen vuodesta 1976.<\/p>\n<p class=\"paragraph\">Ruotsin hovi ilmoitti, ettei kuningatar p\u00e4\u00e4ssyt paikalle.<\/p>\n<p class=\"paragraph\">\u2013 Kuningatar on k\u00e4rsinyt flunssasta ja on muiden osallistujien huomioon ottamiseksi perunut t\u00e4m\u00e4np\u00e4iv\u00e4isen tilaisuutensa, hovi tiedotti.<\/p>\n<p class=\"paragraph\">Silvian tilalla n\u00e4htiin kruununprinsessa <a href=\"https:\/\/www.iltalehti.fi\/henkilot\/Victoria\" class=\"article-link-person-page\" rel=\"nofollow noopener\" target=\"_blank\">Victoria<\/a>.<\/p>\n<p class=\"paragraph\">81-vuotias kuningatar k\u00e4vi t\u00e4n\u00e4 kev\u00e4\u00e4n\u00e4 <a href=\"https:\/\/www.iltalehti.fi\/kuninkaalliset\/660dc98c-391c-4585-bdb2-ab72a4b289bd\" rel=\"nofollow noopener\" target=\"_blank\">jalkaleikkauksessa<\/a>. Syyn\u00e4 operaatioon oli vaivaisenluu.<\/p>\n<p class=\"paragraph\">\u2013 Operaatio sujui hyvin ja kuningatar voi hyvin, hovin viestint\u00e4p\u00e4\u00e4llikk\u00f6 <strong>Margareta Thorgren<\/strong> sanoi lehdist\u00f6lle.<\/p>\n<p class=\"paragraph\"><a href=\"https:\/\/www.iltalehti.fi\/kuninkaalliset\/23cc97f3-8e54-4f7c-9d8b-fdab382f468c\" rel=\"nofollow noopener\" target=\"_blank\">Huhtikuussa<\/a> Silvia saapui prinssi <strong>Andreaksen<\/strong> hautajaisiin. Huomiota kiinnitti k\u00e4velykeppi, johon kuningatar nojautui k\u00e4velless\u00e4\u00e4n kirkkoon. K\u00e4velykeppi oli mukana my\u00f6s kuningasparin Suomen-vierailulla kes\u00e4kuussa.<\/p>\n","protected":false},"excerpt":{"rendered":"Ruotsin kuningatar Silvia joutui perumaan edustustilaisuuden. Kaarle Kustaa ja Silvia vierailivat kes\u00e4ll\u00e4 Suomessa. Pasi Liesimaa Ruotsin kuningatar Silvia&hellip;\n","protected":false},"author":2,"featured_media":105833,"comment_status":"","ping_status":"","sticky":false,"template":"","format":"standard","meta":{"footnotes":""},"categories":[130],"tags":[35,137,33,31,30,653,766,652,2461,764,32,765,109],"class_list":{"0":"post-105832","1":"post","2":"type-post","3":"status-publish","4":"format-standard","5":"has-post-thumbnail","7":"category-viihde","8":"tag-24h","9":"tag-entertainment","10":"tag-fi","11":"tag-finland","12":"tag-finnish","13":"tag-julkkisperheet","14":"tag-koronavirus","15":"tag-kuninkaalliset","16":"tag-sairaalat-ja-terveyskeskukset","17":"tag-sairaudet","18":"tag-suomi","19":"tag-taudit-ja-hairiot","20":"tag-viihde"},"share_on_mastodon":{"url":"https:\/\/pubeurope.com\/@fi\/115650877587668592","error":""},"_links":{"self":[{"href":"https:\/\/www.europesays.com\/fi\/wp-json\/wp\/v2\/posts\/105832","targetHints":{"allow":["GET"]}}],"collection":[{"href":"https:\/\/www.europesays.com\/fi\/wp-json\/wp\/v2\/posts"}],"about":[{"href":"https:\/\/www.europesays.com\/fi\/wp-json\/wp\/v2\/types\/post"}],"author":[{"embeddable":true,"href":"https:\/\/www.europesays.com\/fi\/wp-json\/wp\/v2\/users\/2"}],"replies":[{"embeddable":true,"href":"https:\/\/www.europesays.com\/fi\/wp-json\/wp\/v2\/comments?post=105832"}],"version-history":[{"count":0,"href":"https:\/\/www.europesays.com\/fi\/wp-json\/wp\/v2\/posts\/105832\/revisions"}],"wp:featuredmedia":[{"embeddable":true,"href":"https:\/\/www.europesays.com\/fi\/wp-json\/wp\/v2\/media\/105833"}],"wp:attachment":[{"href":"https:\/\/www.europesays.com\/fi\/wp-json\/wp\/v2\/media?parent=105832"}],"wp:term":[{"taxonomy":"category","embeddable":true,"href":"https:\/\/www.europesays.com\/fi\/wp-json\/wp\/v2\/categories?post=105832"},{"taxonomy":"post_tag","embeddable":true,"href":"https:\/\/www.europesays.com\/fi\/wp-json\/wp\/v2\/tags?post=105832"}],"curies":[{"name":"wp","href":"https:\/\/api.w.org\/{rel}","templated":true}]}}