{"id":105834,"date":"2025-12-02T16:20:12","date_gmt":"2025-12-02T16:20:12","guid":{"rendered":"https:\/\/www.europesays.com\/fi\/105834\/"},"modified":"2025-12-02T16:20:12","modified_gmt":"2025-12-02T16:20:12","slug":"autotehtaan-irtisanomiset-ravistelevat-uuttakaupunkia-kaupunki-odottaa-valtiolta-yha-tukieuroja-varsinais-suomi","status":"publish","type":"post","link":"https:\/\/www.europesays.com\/fi\/105834\/","title":{"rendered":"Autotehtaan irtisanomiset ravistelevat Uuttakaupunkia \u2013 kaupunki odottaa valtiolta yh\u00e4 tukieuroja | Varsinais-Suomi"},"content":{"rendered":"<p class=\"aw-1gybjub aw-5vja16 kEtdKx kmuxyA yle__article__paragraph\">Yle kysyi uusikaupunki\u00adlaisilta, miten alueen suurimman ty\u00f6nantajan vaikeudet n\u00e4kyv\u00e4t kaupungissa. Kaupungin\u00adjohtaja pen\u00e4\u00e4 investointi\u00adtukia avuksi ty\u00f6llisyys\u00adtilanteeseen.<\/p>\n<p><img decoding=\"async\" alt=\"Autoja autotehtaan kokoonpanolinjalla.\" src=\"https:\/\/www.europesays.com\/fi\/wp-content\/uploads\/2025\/12\/39-1562119692d5b7ae5531.jpeg\" class=\"aw-1l9m598 hKVVvP\"\/><\/p>\n<p>Avaa kuvien katselu<\/p>\n<p>Vuonna 2023 kokoonpanolinjalla valmistui Mercedes-Benzin A-sarjalaisia. Vuodesta 2013 eteenp\u00e4in tehtaalta valmistui kaikkiaan 750 000 Mercedes-Benz-ajoneuvoa. Kuva: Ari Welling \/ Yle<\/p>\n<ul class=\"aw-1jjocuh iJTSwP yle__article__list yle__article__list--ul\">\n<li class=\"aw-1j7gwms gNYKfi\">Uudenkaupungin kaupunginjohtaja Atso Vainio per\u00e4\u00e4 valtiolta investointitukia alueen yrityksille.<\/li>\n<li class=\"aw-1j7gwms gNYKfi\">Taustalla ovat Valmet Automotiven syyskuiset irtisanomiset ja lomautukset Mercedes-tuotannon loputtua.<\/li>\n<li class=\"aw-1j7gwms gNYKfi\">Vainio on ep\u00e4ilev\u00e4inen, mutta kansanedustaja Mauri Kontu uskoo tukia l\u00f6ytyv\u00e4n valtion budjetista.<\/li>\n<\/ul>\n<p class=\"aw-1gybjub aw-1p7kakr kEtdKx cEmitX yle__article__paragraph\">T\u00e4m\u00e4 on teko\u00e4lyn avulla tuotettu, toimittajan tarkistama tiivistelm\u00e4.<\/p>\n<p class=\"aw-1gybjub aw-1p7kakr kEtdKx cEmitX yle__article__paragraph\">Uudessakaupungissa on sulateltu alkuviikolla ik\u00e4vi\u00e4 uutisia autotehtaalta. Valmet Automotivella on jaettu t\u00e4n\u00e4\u00e4n tiistaina toimihenkil\u00f6ille ja <a class=\"aw-iao6s4 iHOxEa yle__article__link\" href=\"https:\/\/yle.fi\/a\/74-20197112\" role=\"link\" rel=\"nofollow noopener\" target=\"_blank\">eilen muille ty\u00f6ntekij\u00f6ille lomautus- ja irtisanomislappuja<\/a>.<\/p>\n<p class=\"aw-1gybjub aw-1p7kakr kEtdKx cEmitX yle__article__paragraph\">Kaupunginjohtaja <strong class=\"aw-ak79eh KyCXm yle__article__strong\">Atso Vainio<\/strong> odottaa malttamattomana maan hallitukselta p\u00e4\u00e4t\u00f6ksi\u00e4 Uuteenkaupunkiin suunnatuista investointituista.<\/p>\n<p class=\"aw-1gybjub aw-1p7kakr kEtdKx cEmitX yle__article__paragraph\">Toistaiseksi mit\u00e4\u00e4n ei ole kuulunut, vaikka aiemmin niin luvattiin.<\/p>\n<p class=\"aw-1gybjub aw-1p7kakr kEtdKx cEmitX yle__article__paragraph\">\u2013 Uusikaupunki tarvitsee suoraa investointitukea yrityksille. Hyvi\u00e4 ja perusteltuja investointitarpeita on olemassa, mutta yritysten johdossa on kovasti varovaisuutta l\u00e4hte\u00e4 niit\u00e4 toteuttamaan.<\/p>\n<p class=\"aw-1gybjub aw-1p7kakr kEtdKx cEmitX yle__article__paragraph\">Vainion mielest\u00e4 yritystuen suuntaaminen investointeihin olisi nopein ja konkreettisin keino vaikuttaa ty\u00f6llisyystilanteeseen.<\/p>\n<p><img decoding=\"async\" alt=\"Mies seisoo ty\u00f6huoneessaan.\" src=\"https:\/\/www.europesays.com\/fi\/wp-content\/uploads\/2025\/12\/39-1562390692da35587550.jpeg\" loading=\"lazy\" class=\"aw-1l9m598 hKVVvP\"\/><\/p>\n<p>Avaa kuvien katselu<\/p>\n<p>Vainio odottaa rahallista tukea my\u00f6s EU:n globalisaatiorahastolta. Hakemus on ollut valmistelussa jo jonkin aikaa. Kuva: Kalle M\u00e4kel\u00e4 \/ Yle<\/p>\n<p class=\"aw-1gybjub aw-1p7kakr kEtdKx cEmitX yle__article__paragraph\">Uudenkaupungin tilanne vaikeutui, kun paikallinen autonvalmistaja Valmet Automotive ilmoitti syyskuussa mittavista v\u00e4hennystarpeista. Syyn\u00e4 on <a class=\"aw-iao6s4 iHOxEa yle__article__link\" href=\"https:\/\/yle.fi\/a\/74-20184741\" role=\"link\" rel=\"nofollow noopener\" target=\"_blank\">Mercedes-Benzin automallien valmistuksen loppuminen<\/a>. Muutosneuvottelut p\u00e4\u00e4ttyiv\u00e4t 235 ty\u00f6ntekij\u00e4n irtisanomiseen ja yli 860 hengen lomautuksiin. Yhti\u00f6 aloitti sopeutustoimet maanantaina.<\/p>\n<p class=\"aw-1gybjub aw-1p7kakr kEtdKx cEmitX yle__article__paragraph\">Ty\u00f6ministeri <strong class=\"aw-ak79eh KyCXm yle__article__strong\">Matias Marttinen<\/strong> (kok.) vieraili Uudessakaupungissa lokakuussa ja lupasi <a class=\"aw-iao6s4 iHOxEa yle__article__link\" href=\"https:\/\/yle.fi\/a\/74-20186237\" role=\"link\" rel=\"nofollow noopener\" target=\"_blank\">kaiken mahdollisen tuen<\/a> autotehtaalle, sen ty\u00f6ntekij\u00f6ille ja Uudellekaupungille.<\/p>\n<p class=\"aw-1gybjub aw-1p7kakr kEtdKx cEmitX yle__article__paragraph\">\u2013 Valitettavasti meille ei ole kauhean paljon annettu toivoa investointitukien toteutumisesta, mutta keskustelut jatkuvat, kertoo Atso Vainio.<\/p>\n<p class=\"aw-1gybjub aw-1p7kakr kEtdKx cEmitX yle__article__paragraph\">Yle ei tiistaina tavoittanut ty\u00f6ministeri Marttista tai elinkeinoministeri <strong class=\"aw-ak79eh KyCXm yle__article__strong\">Sakari Puistoa<\/strong> (ps.) kommentoimaan asiaa.<\/p>\n<p class=\"aw-1gybjub aw-1p7kakr kEtdKx cEmitX yle__article__paragraph\"><strong class=\"aw-ak79eh KyCXm yle__article__strong\">Ylen haastattelemat uusikaupunkilaiset kokevat, ett\u00e4 alueen suurimman ty\u00f6nantajan vaikeudet n\u00e4kyv\u00e4t koko kaupungin ilmapiiriss\u00e4.<\/strong><\/p>\n<p>Autotehdas vaikuttaa koko kaupunkiin, arvioivat paikalliset. Video: Kalle M\u00e4kel\u00e4 \/ YleKansanedustaja toiveikas<\/p>\n<p class=\"aw-1gybjub aw-1p7kakr kEtdKx cEmitX yle__article__paragraph\">Uusikaupunkilainen kansanedustaja <strong class=\"aw-ak79eh KyCXm yle__article__strong\">Mauri Kontu<\/strong> (kesk.) on kaupunginjohtajaa toiveikkaampi valtiovallan suuntaan.<\/p>\n<p class=\"aw-1gybjub aw-1p7kakr kEtdKx cEmitX yle__article__paragraph\">Kontu sanoo alueen kansanedustajien puolueesta riippumatta tekev\u00e4n hartiavoimin t\u00f6it\u00e4, jotta investointitukia Uudenkaupungin seudulle saataisiin.<\/p>\n<p class=\"aw-1gybjub aw-1p7kakr kEtdKx cEmitX yle__article__paragraph\">\u2013 Budjetti ly\u00f6d\u00e4\u00e4n lukkoon parin viikon sis\u00e4ll\u00e4 ja katsotaan, l\u00f6ytyyk\u00f6 sielt\u00e4 semmoisia varauksia, jotka auttavat Vakka-Suomea.<\/p>\n<p class=\"aw-1gybjub aw-1p7kakr kEtdKx cEmitX yle__article__paragraph\">Konnun mukaan ministeri\u00f6iss\u00e4 ymm\u00e4rret\u00e4\u00e4n Uudenkaupungin vaikea tilanne. H\u00e4nen mukaansa valtio k\u00e4ytt\u00e4isi 150 miljoonaa investointiavustuksiin koko maassa. Siit\u00e4 voisivat paikalliset yritt\u00e4j\u00e4t saada oman osansa autotehtaan kurimusta auttamaan.<\/p>\n<p class=\"aw-1gybjub aw-1p7kakr kEtdKx cEmitX yle__article__paragraph\">Kontu arvelee, ett\u00e4 Uudessakaupungissa ja Laitilassa on joukko pk-yrityksi\u00e4, jotka voisivat hy\u00f6dynt\u00e4\u00e4 investointiavustuksia.<\/p>\n<p class=\"aw-1gybjub aw-1p7kakr kEtdKx cEmitX yle__article__paragraph\">\u2013 Minulla on tuntuma, ett\u00e4 jos Vakka-Suomessa on investointi-innokkuutta, mahdollisuutta osoitetaan nyt aika vahvasti t\u00e4h\u00e4n suuntaan.<\/p>\n<p class=\"aw-1gybjub aw-1p7kakr kEtdKx cEmitX yle__article__paragraph\">Mauri Kontu uskoo, ett\u00e4 kaikesta huolimatta Uudellakaupungilla ja autotehtaalla on valoisa tulevaisuus.<\/p>\n<p class=\"aw-1gybjub aw-1p7kakr kEtdKx cEmitX yle__article__paragraph\">\u2013 Se ratkaisu, ett\u00e4 valtiovalta tuli omistajaksi autotehtaalle, antaa positiivista valoa tunnelin p\u00e4\u00e4h\u00e4n. Uskon, ett\u00e4 autotehtaalle saadaan lis\u00e4\u00e4 tekemist\u00e4.<\/p>\n<p>Tukea haetaan my\u00f6s EU:lta<\/p>\n<p class=\"aw-1gybjub aw-1p7kakr kEtdKx cEmitX yle__article__paragraph\">Uudenkaupungin kaupunginjohtaja Atso Vainio odottaa rahallista tukea Uuteenkaupunkiin my\u00f6s EU:n globalisaatiorahastolta. Hakemus on ollut valmistelussa jo jonkin aikaa.<\/p>\n<p class=\"aw-1gybjub aw-1p7kakr kEtdKx cEmitX yle__article__paragraph\">Valtio hakee Euroopan komissiolta tukea, jota my\u00f6nnet\u00e4\u00e4n muun muassa ty\u00f6llistymiseen ja koulutuksiin.<\/p>\n<p class=\"aw-1gybjub aw-1p7kakr kEtdKx cEmitX yle__article__paragraph\">Uudessakaupungissa on totuttu autotehtaan kannattavuudessa tapahtuneisiin vaihteluihin vuosikymmenten varrella. L\u00e4\u00e4kkeet tilanteen vakauttamiseen ovat entisenlaiset: olemassa olevan yritystoiminnan vahvistaminen ja elinkeinorakenteen monipuolistaminen.<\/p>\n<p class=\"aw-1gybjub aw-1p7kakr kEtdKx cEmitX yle__article__paragraph\">Atso Vainio uskoo my\u00f6s siihen, ett\u00e4 Valmet Automotive laajentaa osaamistaan sopimusvalmistajana puolustusv\u00e4lineteollisuuteen <a class=\"aw-iao6s4 iHOxEa yle__article__link\" href=\"https:\/\/yle.fi\/a\/74-20191475\" role=\"link\" rel=\"nofollow noopener\" target=\"_blank\">Patrian kumppanina<\/a>. Aiesopimus asiasta on jo tehty.<\/p>\n<p class=\"aw-1gybjub aw-1p7kakr kEtdKx cEmitX yle__article__paragraph\">\u2013 Patria sai juuri lis\u00e4tilauksen Ruotsista. Se on my\u00f6nteinen asia t\u00e4ss\u00e4 tilanteessa, katsoo Atso Vainio.<\/p>\n","protected":false},"excerpt":{"rendered":"Yle kysyi uusikaupunki\u00adlaisilta, miten alueen suurimman ty\u00f6nantajan vaikeudet n\u00e4kyv\u00e4t kaupungissa. Kaupungin\u00adjohtaja pen\u00e4\u00e4 investointi\u00adtukia avuksi ty\u00f6llisyys\u00adtilanteeseen. Avaa kuvien katselu&hellip;\n","protected":false},"author":2,"featured_media":105280,"comment_status":"","ping_status":"","sticky":false,"template":"","format":"standard","meta":{"footnotes":""},"categories":[76],"tags":[19927,7540,79,77,2786,33,31,30,71,7512,32,78,7548,7549,663],"class_list":{"0":"post-105834","1":"post","2":"type-post","3":"status-publish","4":"format-standard","5":"has-post-thumbnail","7":"category-talous","8":"tag-atso-vainio","9":"tag-autoteollisuus","10":"tag-business","11":"tag-economy","12":"tag-elinkeinoelama","13":"tag-fi","14":"tag-finland","15":"tag-finnish","16":"tag-kotimaa","17":"tag-matias-marttinen","18":"tag-suomi","19":"tag-talous","20":"tag-uusikaupunki","21":"tag-valmet-automotive","22":"tag-varsinais-suomi"},"share_on_mastodon":{"url":"https:\/\/pubeurope.com\/@fi\/115650889580350341","error":""},"_links":{"self":[{"href":"https:\/\/www.europesays.com\/fi\/wp-json\/wp\/v2\/posts\/105834","targetHints":{"allow":["GET"]}}],"collection":[{"href":"https:\/\/www.europesays.com\/fi\/wp-json\/wp\/v2\/posts"}],"about":[{"href":"https:\/\/www.europesays.com\/fi\/wp-json\/wp\/v2\/types\/post"}],"author":[{"embeddable":true,"href":"https:\/\/www.europesays.com\/fi\/wp-json\/wp\/v2\/users\/2"}],"replies":[{"embeddable":true,"href":"https:\/\/www.europesays.com\/fi\/wp-json\/wp\/v2\/comments?post=105834"}],"version-history":[{"count":0,"href":"https:\/\/www.europesays.com\/fi\/wp-json\/wp\/v2\/posts\/105834\/revisions"}],"wp:featuredmedia":[{"embeddable":true,"href":"https:\/\/www.europesays.com\/fi\/wp-json\/wp\/v2\/media\/105280"}],"wp:attachment":[{"href":"https:\/\/www.europesays.com\/fi\/wp-json\/wp\/v2\/media?parent=105834"}],"wp:term":[{"taxonomy":"category","embeddable":true,"href":"https:\/\/www.europesays.com\/fi\/wp-json\/wp\/v2\/categories?post=105834"},{"taxonomy":"post_tag","embeddable":true,"href":"https:\/\/www.europesays.com\/fi\/wp-json\/wp\/v2\/tags?post=105834"}],"curies":[{"name":"wp","href":"https:\/\/api.w.org\/{rel}","templated":true}]}}