{"id":105836,"date":"2025-12-02T16:22:11","date_gmt":"2025-12-02T16:22:11","guid":{"rendered":"https:\/\/www.europesays.com\/fi\/105836\/"},"modified":"2025-12-02T16:22:11","modified_gmt":"2025-12-02T16:22:11","slug":"lapin-hyvinvointialue-irtisanoo-rajusti-ikaantyvien-palveluista-palvelujohtaja-alytonta-ottaa-sellaista-riskia-lappi","status":"publish","type":"post","link":"https:\/\/www.europesays.com\/fi\/105836\/","title":{"rendered":"Lapin hyvinvointialue irtisanoo rajusti ik\u00e4\u00e4ntyvien palveluista \u2013 palvelujohtaja: \u201d\u00c4lyt\u00f6nt\u00e4 ottaa sellaista riski\u00e4\u201d | Lappi"},"content":{"rendered":"<p class=\"aw-1gybjub aw-5vja16 kEtdKx kmuxyA yle__article__paragraph\">Suuri osa Lapin hyvinvointialueen irtisanomisista osuu ik\u00e4\u00e4ntyvien ja erikoissairaanhoidon palveluihin. Irtisanomisten lis\u00e4ksi l\u00e4hes tuhannen henkil\u00f6n teht\u00e4v\u00e4nkuvia uudistetaan.<\/p>\n<p><img decoding=\"async\" alt=\"Helenan hoivakodin asukas.\" src=\"https:\/\/www.europesays.com\/fi\/wp-content\/uploads\/2025\/12\/39-149404068765d3631b9d.jpeg\" class=\"aw-1l9m598 hKVVvP\"\/><\/p>\n<p>Avaa kuvien katselu<\/p>\n<p>Lapin hyvinvointialueen muutosneuvottelujen my\u00f6t\u00e4 irtisanomisia on tiedossa enint\u00e4\u00e4n 365 henkil\u00f6lle. Irtisanomiset osuvat muun muassa ik\u00e4\u00e4ntyneiden palveluihin. Kuva: Grigory Vorobyev \/ Yle<\/p>\n<ul class=\"aw-1jjocuh iJTSwP yle__article__list yle__article__list--ul\">\n<li class=\"aw-1j7gwms gNYKfi\">Lapin hyvinvointialue irtisanoo satoja ty\u00f6ntekij\u00f6it\u00e4. Leikkaukset kohdistuvat eniten ik\u00e4\u00e4ntyvien palveluihin, joista v\u00e4hennet\u00e4\u00e4n enint\u00e4\u00e4n 150 ty\u00f6ntekij\u00e4\u00e4.<\/li>\n<li class=\"aw-1j7gwms gNYKfi\">Irtisanomisia tehd\u00e4\u00e4n merkitt\u00e4v\u00e4sti my\u00f6s erikoissairaanhoidossa ja tukipalveluissa, kuten laitoshuollossa ja hallinnossa.<\/li>\n<li class=\"aw-1j7gwms gNYKfi\">Ik\u00e4\u00e4ntyneiden palvelujen johtaja Annukka Marjala pelk\u00e4\u00e4, ettei henkil\u00f6kuntaa l\u00f6ydy tulevaisuudessa, jos nyt irtisanottuja tarvitaan t\u00f6ihin uudelleen.<\/li>\n<\/ul>\n<p class=\"aw-1gybjub aw-1p7kakr kEtdKx cEmitX yle__article__paragraph\">T\u00e4m\u00e4 on teko\u00e4lyn avulla tuotettu, toimittajan tarkistama tiivistelm\u00e4.<\/p>\n<p class=\"aw-1gybjub aw-1p7kakr kEtdKx cEmitX yle__article__paragraph\">Lapin hyvinvointialueen irtisanomiset kohdistuvat etenkin ik\u00e4\u00e4ntyvien palveluihin, erikoissairaanhoitoon ja tuotannon tukipalveluihin.<\/p>\n<p class=\"aw-1gybjub aw-1p7kakr kEtdKx cEmitX yle__article__paragraph\">Sote-palveluista aiotaan irtisanoa 262 henkil\u00f6\u00e4.<\/p>\n<p class=\"aw-1gybjub aw-1p7kakr kEtdKx cEmitX yle__article__paragraph\">T\u00e4m\u00e4nhetkisten suunnitelmien mukaan suurin osa irtisanomisista eli 150 osuu ik\u00e4\u00e4ntyneiden palveluihin. Asumisen palveluista aiotaan irtisanoa 70 henke\u00e4 ja kotihoidosta 80 henke\u00e4.<\/p>\n<p class=\"aw-1gybjub aw-1p7kakr kEtdKx cEmitX yle__article__paragraph\">Ik\u00e4\u00e4ntyneiden palvelujen johtajan <strong class=\"aw-ak79eh KyCXm yle__article__strong\">Annukka Marjalan<\/strong> mukaan s\u00e4\u00e4st\u00f6j\u00e4 suunnitellaan syntyv\u00e4n esimerkiksi, kun osa ymp\u00e4rivuorokautisista hoivapaikoista muutetaan yhteis\u00f6llisen asumisen paikoiksi, joissa ei tarvita yht\u00e4 paljon henkil\u00f6kuntaa.<\/p>\n<p class=\"aw-1gybjub aw-1p7kakr kEtdKx cEmitX yle__article__paragraph\">Alustavien suunnitelmien mukaan irtisanomisista 56 teht\u00e4isiin vasta vuonna 2027.<\/p>\n<p>S\u00e4\u00e4st\u00f6listalla my\u00f6s yksik\u00f6iden lakkautuksia<\/p>\n<p class=\"aw-1gybjub aw-1p7kakr kEtdKx cEmitX yle__article__paragraph\">Laphan s\u00e4\u00e4st\u00f6listalla on my\u00f6s kokonaisten yksik\u00f6iden lakkautuksia, jotka voivat johtaa irtisanomisiin.<\/p>\n<p class=\"aw-1gybjub aw-1p7kakr kEtdKx cEmitX yle__article__paragraph\">Lakkautettavaksi on esitetty Muonion Marjapaikkaa.<\/p>\n<p class=\"aw-1gybjub aw-1p7kakr kEtdKx cEmitX yle__article__paragraph\">Lakkautusp\u00e4\u00e4t\u00f6s on tehty jo Sodankyl\u00e4ss\u00e4 sijaitsevasta asumispalveluyksikk\u00f6 Nutukkaasta.<\/p>\n<p class=\"aw-1gybjub aw-1p7kakr kEtdKx cEmitX yle__article__paragraph\">Pellon Iltaruskossa pohdittavana on puolestaan, t\u00e4yttyv\u00e4tk\u00f6 liikkeenluovutuksen ehdot.<\/p>\n<p>Mist\u00e4 ty\u00f6ntekij\u00f6it\u00e4 tulevaisuudessa?<\/p>\n<p class=\"aw-1gybjub aw-1p7kakr kEtdKx cEmitX yle__article__paragraph\">Ik\u00e4\u00e4ntyneiden palvelujen johtajan Annukka Marjalan mukaan irtisanomiset ovat tiukka paikka.<\/p>\n<p class=\"aw-1gybjub aw-1p7kakr kEtdKx cEmitX yle__article__paragraph\">\u2013 Voi olla, ett\u00e4 kun nyt joudumme irtisanomaan, niin vuoden kahden p\u00e4\u00e4st\u00e4 tilanne voi olla, ett\u00e4 joudumme palkkaamaan ihmisi\u00e4 uudelleen.<\/p>\n<p class=\"aw-1gybjub aw-1p7kakr kEtdKx cEmitX yle__article__paragraph\">Tilanne ik\u00e4\u00e4ntyneiden hoivassa vaihtelee kuitenkin koko ajan.<\/p>\n<p class=\"aw-1gybjub aw-1p7kakr kEtdKx cEmitX yle__article__paragraph\">\u2013 On ihan \u00e4lyt\u00f6nt\u00e4 ottaa sellaista riski\u00e4. Kyll\u00e4 minua pelottaa todella paljon, mist\u00e4 henkil\u00f6kuntaa sitten saa. Ei kukaan j\u00e4\u00e4 odottamaan, jos kahden vuoden p\u00e4\u00e4st\u00e4 saa t\u00f6it\u00e4. Kyll\u00e4h\u00e4n ihmisten pit\u00e4\u00e4 el\u00e4\u00e4kin siin\u00e4 v\u00e4liss\u00e4.<\/p>\n<p>Vuodeosastorakenteen muutos aiheuttaa irtisanomisia<\/p>\n<p class=\"aw-1gybjub aw-1p7kakr kEtdKx cEmitX yle__article__paragraph\">Ik\u00e4\u00e4ntyneiden hoivan lis\u00e4ksi Lapin hyvinvointialue aikoo irtisanoa enint\u00e4\u00e4n 80 henkil\u00f6\u00e4 somaattisesta erikoissairaanhoidosta, kertoo Lapin hyvinvointialueen henkil\u00f6st\u00f6johtaja <strong class=\"aw-ak79eh KyCXm yle__article__strong\">Marjo Kuittinen.<\/strong> Somaattinen erikoissairaanhoito tarkoittaa fyysisiin sairauksiin keskittyv\u00e4\u00e4 erikoissairaanhoitoa.<\/p>\n<p class=\"aw-1gybjub aw-1p7kakr kEtdKx cEmitX yle__article__paragraph\">Kuittisen mukaan mahdollisten irtisanomisten suurehko m\u00e4\u00e4r\u00e4 johtuu nyt teht\u00e4vist\u00e4 vuodeosastorakenteen muutoksista somaattisessa erikoissairaanhoidossa ja lis\u00e4ksi muutamista pienemmist\u00e4 yksitt\u00e4isist\u00e4 muutoksista.<\/p>\n<p class=\"aw-1gybjub aw-1p7kakr kEtdKx cEmitX yle__article__paragraph\">Varsinaisen vuodeosastorakenteen mahdolliseen muutokseen liittyv\u00e4t p\u00e4\u00e4t\u00f6kset tehd\u00e4\u00e4n vasta kev\u00e4\u00e4ll\u00e4 2026 osana palveluverkkop\u00e4\u00e4t\u00f6ksi\u00e4.<\/p>\n<p class=\"aw-1gybjub aw-1p7kakr kEtdKx cEmitX yle__article__paragraph\">H\u00e4n ei pysty viel\u00e4 ottamaan kantaa, minne kaikille paikkakunnille irtisanomiset kohdistuvat. Somaattisen erikoissairaanhoidon irtisanomiset kohdistuvat kuitenkin Rovaniemen alueelle.<\/p>\n<p class=\"aw-1gybjub aw-1p7kakr kEtdKx cEmitX yle__article__paragraph\">Ik\u00e4\u00e4ntyneiden palveluiden osalta tilanne tarkentuu viel\u00e4 my\u00f6hemmin p\u00e4\u00e4t\u00f6ksenteon j\u00e4lkeen.<\/p>\n<p>Tukipalveluista enint\u00e4\u00e4n 103 irtisanomista<\/p>\n<p class=\"aw-1gybjub aw-1p7kakr kEtdKx cEmitX yle__article__paragraph\">Lis\u00e4ksi hyvinvointialueen tukipalveluista irtisanotaan enint\u00e4\u00e4n 103 henkil\u00f6\u00e4. T\u00e4m\u00e4nhetkisten tietojen mukaan suurin osa irtisanomisista kohdistuu tuotannon tukeen.<\/p>\n<p class=\"aw-1gybjub aw-1p7kakr kEtdKx cEmitX yle__article__paragraph\">Irtisanomisuhan alla on esimerkiksi laitoshuoltajia, kiinteist\u00f6nhoitajia, l\u00e4\u00e4kint\u00e4laitemekaanikkoja ja asentajia.<\/p>\n<p class=\"aw-1gybjub aw-1p7kakr kEtdKx cEmitX yle__article__paragraph\">My\u00f6s hallinnon tukeen kohdistuu irtisanomisuhkaa, eli sielt\u00e4 v\u00e4hennet\u00e4\u00e4n talous-, henkil\u00f6st\u00f6-, laki- ja asianhallintapalveluiden henkil\u00f6st\u00f6\u00e4.<\/p>\n<p class=\"aw-1gybjub aw-1p7kakr kEtdKx cEmitX yle__article__paragraph\">Irtisanomisten lis\u00e4ksi teht\u00e4v\u00e4nkuvia uudistetaan l\u00e4hes 1\u00a0000 henkil\u00f6n kohdalla.<\/p>\n<p class=\"aw-1gybjub aw-1p7kakr kEtdKx cEmitX yle__article__paragraph\">Henkil\u00f6st\u00f6johtaja Marjo Kuittisen mukaan t\u00e4ll\u00e4 tarkoitetaan pitk\u00e4lti ty\u00f6aika-asioihin tai ty\u00f6ntekopaikkaan liittyvi\u00e4 muutoksia. Toimintaa voidaan tehostaa esimerkiksi siirtym\u00e4ll\u00e4 kolmivuoroty\u00f6h\u00f6n.<\/p>\n<p class=\"aw-1gybjub aw-1p7kakr kEtdKx cEmitX yle__article__paragraph\">\u2013 Lis\u00e4ksi saattaa olla tarvetta laajentaa ty\u00f6ntekopaikkaa niin, ett\u00e4 jatkossa ty\u00f6ntekij\u00e4ll\u00e4 ei ole en\u00e4\u00e4 vain joku yksitt\u00e4inen ty\u00f6skentelypiste.<\/p>\n<p class=\"aw-1gybjub aw-1p7kakr kEtdKx cEmitX yle__article__paragraph\">Kuittisen mukaan ty\u00f6ntekij\u00f6iden ty\u00f6skentelypaikkakuntiin ei ole suunnitteilla merkitt\u00e4vi\u00e4 muutoksia.<\/p>\n<p class=\"aw-1gybjub aw-1p7kakr kEtdKx cEmitX yle__article__paragraph\">\u2013 Toki meid\u00e4n t\u00e4ytyy irtisanomisen sijaan aina tarjota ty\u00f6ntekij\u00e4lle soveltuvaa teht\u00e4v\u00e4\u00e4, ja silloinhan meid\u00e4n t\u00e4ytyy tarjota niit\u00e4 koko Lapin hyvinvointialueen alueelta. Ty\u00f6ntekij\u00e4 sitten itse p\u00e4\u00e4tt\u00e4\u00e4, pystyyk\u00f6 h\u00e4n vastaanottamaan ty\u00f6t\u00e4.<\/p>\n<p class=\"aw-1gybjub aw-1p7kakr kEtdKx cEmitX yle__article__paragraph\">Maanantaina Lapin hyvinvointialue ilmoitti aloittavansa my\u00f6s uudet yt-neuvottelut. Ne koskevat palveluverkon ja toimitilojen muutoksia.<\/p>\n<p>Tehyn Lapin ammattiosaston p\u00e4\u00e4luottamusedustaja Sari Soini kritisoi maanantaina Laphan yt-neuvottelujen kulkua: h\u00e4nen mielest\u00e4\u00e4n niiden aikana suunnitelmat vaikuttivat jo p\u00e4\u00e4t\u00f6ksilt\u00e4. Video: Antti Ullakko \/ Yle.<\/p>\n","protected":false},"excerpt":{"rendered":"Suuri osa Lapin hyvinvointialueen irtisanomisista osuu ik\u00e4\u00e4ntyvien ja erikoissairaanhoidon palveluihin. Irtisanomisten lis\u00e4ksi l\u00e4hes tuhannen henkil\u00f6n teht\u00e4v\u00e4nkuvia uudistetaan. Avaa&hellip;\n","protected":false},"author":2,"featured_media":105837,"comment_status":"","ping_status":"","sticky":false,"template":"","format":"standard","meta":{"footnotes":""},"categories":[12],"tags":[22,23,26,27,33,31,30,17,2218,11421,665,71,12760,667,24,25,5031,28,29,15,18,21,1057,32,19,20,1581,16],"class_list":{"0":"post-105836","1":"post","2":"type-post","3":"status-publish","4":"format-standard","5":"has-post-thumbnail","7":"category-suomi","8":"tag-breaking-news","9":"tag-breakingnews","10":"tag-featured-news","11":"tag-featurednews","12":"tag-fi","13":"tag-finland","14":"tag-finnish","15":"tag-headlines","16":"tag-hyvinvointialueet","17":"tag-irtisanominen","18":"tag-kemi","19":"tag-kotimaa","20":"tag-lapin-hyvinvointialue","21":"tag-lappi","22":"tag-latest-news","23":"tag-latestnews","24":"tag-lomautukset-ja-irtisanomiset","25":"tag-main-news","26":"tag-mainnews","27":"tag-news","28":"tag-otsikot","29":"tag-paauutiset","30":"tag-rovaniemi","31":"tag-suomi","32":"tag-top-stories","33":"tag-topstories","34":"tag-tornio","35":"tag-uutiset"},"share_on_mastodon":{"url":"https:\/\/pubeurope.com\/@fi\/115650897428970983","error":""},"_links":{"self":[{"href":"https:\/\/www.europesays.com\/fi\/wp-json\/wp\/v2\/posts\/105836","targetHints":{"allow":["GET"]}}],"collection":[{"href":"https:\/\/www.europesays.com\/fi\/wp-json\/wp\/v2\/posts"}],"about":[{"href":"https:\/\/www.europesays.com\/fi\/wp-json\/wp\/v2\/types\/post"}],"author":[{"embeddable":true,"href":"https:\/\/www.europesays.com\/fi\/wp-json\/wp\/v2\/users\/2"}],"replies":[{"embeddable":true,"href":"https:\/\/www.europesays.com\/fi\/wp-json\/wp\/v2\/comments?post=105836"}],"version-history":[{"count":0,"href":"https:\/\/www.europesays.com\/fi\/wp-json\/wp\/v2\/posts\/105836\/revisions"}],"wp:featuredmedia":[{"embeddable":true,"href":"https:\/\/www.europesays.com\/fi\/wp-json\/wp\/v2\/media\/105837"}],"wp:attachment":[{"href":"https:\/\/www.europesays.com\/fi\/wp-json\/wp\/v2\/media?parent=105836"}],"wp:term":[{"taxonomy":"category","embeddable":true,"href":"https:\/\/www.europesays.com\/fi\/wp-json\/wp\/v2\/categories?post=105836"},{"taxonomy":"post_tag","embeddable":true,"href":"https:\/\/www.europesays.com\/fi\/wp-json\/wp\/v2\/tags?post=105836"}],"curies":[{"name":"wp","href":"https:\/\/api.w.org\/{rel}","templated":true}]}}