{"id":105838,"date":"2025-12-02T16:23:11","date_gmt":"2025-12-02T16:23:11","guid":{"rendered":"https:\/\/www.europesays.com\/fi\/105838\/"},"modified":"2025-12-02T16:23:11","modified_gmt":"2025-12-02T16:23:11","slug":"sensaatio-sonja-leinamo-upeasti-palkintopallille","status":"publish","type":"post","link":"https:\/\/www.europesays.com\/fi\/105838\/","title":{"rendered":"Sensaatio! Sonja Leinamo upeasti palkintopallille"},"content":{"rendered":"<p>Sonja Leinamo j\u00e4rjesti valtavan yll\u00e4tyksen \u00d6stersundissa.<\/p>\n<p><img decoding=\"async\" class=\"image image-show image-preview\" src=\"https:\/\/www.europesays.com\/fi\/wp-content\/uploads\/2025\/12\/a7cfc9b1e5405c81ab3ede694c1b8944cdccd7afaa2212d240086c2f3c353277.jpg\" alt=\"\"\/><img decoding=\"async\" class=\"image image-show\" src=\"https:\/\/www.europesays.com\/fi\/wp-content\/uploads\/2025\/12\/1764692590_432_a7cfc9b1e5405c81ab3ede694c1b8944cdccd7afaa2212d240086c2f3c353277.jpg\" alt=\"\"\/><\/p>\n<p>Sonja Leinamo ampui loistavasti \u00d6stersundissa. AOP<\/p>\n<p class=\"paragraph\"><strong>Sonja Leinamo<\/strong>, 23, j\u00e4rjesti valtavan suomalaisyll\u00e4tyksen ampumahiihdon maailmancupin 15 kilometrin normaalimatkalla. Leinamo sijoittui toiseksi, eik\u00e4 voittokaan ollut kaukana.<\/p>\n<p class=\"paragraph\">Kilpailun ykk\u00f6stila ratkesi 0,3 sekunnilla Italian <strong>Dorothea Wiererin<\/strong> eduksi. Leinamo ampui kisassa yht\u00e4 vaille t\u00e4ydellisen sarjan nelj\u00e4lt\u00e4 paikalta. Kakkossija on Leinamon uran paras maailmancupissa.<\/p>\n<p class=\"paragraph\">Kolmanneksi hiihti Ranskan <strong>Camille Bened<\/strong>, joka j\u00e4i Wiererist\u00e4 8,4 sekuntia.<\/p>\n<p class=\"paragraph\">Ensimm\u00e4isell\u00e4 makuupaikalla <strong>Suvi Minkkinen<\/strong> missasi yhden taulun ja sai sakkominuutin. Minkkinen saapui penkalle noin 10 sekuntia k\u00e4rjen per\u00e4ss\u00e4. Pystypaikalla tuli niin ik\u00e4\u00e4n yksi huti.<\/p>\n<p class=\"paragraph\">Kolmannen paikan Minkkinen selvitti puhtaasti, ja siit\u00e4 k\u00e4ynnistyi loppukiri. Se kuitenkin hyytyi viimeisell\u00e4 pystypaikalla. Kaksi hutikutia j\u00e4tti Minkkisen saldoksi 1\u20131\u20130\u20132. Sijoitus oli 15:s.<\/p>\n<p class=\"paragraph\">Minkkisen j\u00e4lkeen l\u00e4htenyt Leinamo n\u00e4ytti heti j\u00e4rjestelev\u00e4n suomalaisyll\u00e4tyst\u00e4. Leinamo ampui puhtaan sarjan kahdella ensimm\u00e4isell\u00e4 paikalla ja nappasi siin\u00e4 vaiheessa kisan kakkossijan.<\/p>\n<p class=\"paragraph\">Toisella makuupaikalla Leinamo ampui yhdest\u00e4 taulusta ohi, mutta oli yh\u00e4 kymmenen parhaan joukossa.<\/p>\n<p class=\"paragraph\">Sitten jys\u00e4hti: Leinamo ampui puhtaasti viimeisen paikan. Sen my\u00f6t\u00e4 Leinamo l\u00e4hti kohti maalia kisan ykk\u00f6spaikalta. Maaliviivan ylitetty\u00e4\u00e4n Leinamo oli edelleen ykk\u00f6sen\u00e4. Italian konkari Wierer l\u00e4hti Leinamon j\u00e4lkeen matkaan ja runnoi kaikin voimin suomalaisen edelle sekuntitaistelussa.<\/p>\n<p class=\"paragraph\">\u2013\u2009En viel\u00e4k\u00e4\u00e4n tied\u00e4, onko t\u00e4m\u00e4 jotain unta, Leinamo h\u00e4mm\u00e4steli Ylen suorassa l\u00e4hetyksess\u00e4.<\/p>\n<p class=\"paragraph\">H\u00e4n ei saanut kisan aikana tarkkaa tietoa sijoituksestaan.<\/p>\n<p class=\"paragraph\">\u2013\u2009Se varmaan auttoi. Pystyin keskittym\u00e4\u00e4n vain suoritukseeni, eik\u00e4 tarvinnut mietti\u00e4, mit\u00e4 tapahtuisi, jos ammun nollat.<\/p>\n<p class=\"paragraph\"><strong>Venla Lehtonen<\/strong> saapui viimeiselle ampumapaikalle vain yksi sakkominuutti allaan. Pystypaikalta tuli kuitenkin kaksi ohilaukausta, ja lupaavalta n\u00e4ytt\u00e4nyt sijoitus putosi lopulta 26:nneksi.<\/p>\n<p><a href=\"https:\/\/www.iltalehti.fi\/telkku\/?utm_source=iltalehti.fi&amp;utm_medium=almainternal&amp;utm_campaign=urheilu_artikkelibanneri&amp;utm_content=banner_612_a\" rel=\"nofollow noopener\" target=\"_blank\"><img decoding=\"async\" src=\"https:\/\/www.europesays.com\/fi\/wp-content\/uploads\/2025\/08\/7ef604e47d46ca174b7df4149bd3557dbde56a86d520f8e1b2125548b0a2e03a.png\" alt=\"TV-ohjelmat t\u00e4n\u00e4\u00e4n, TV-opas\"\/><\/a><\/p>\n","protected":false},"excerpt":{"rendered":"Sonja Leinamo j\u00e4rjesti valtavan yll\u00e4tyksen \u00d6stersundissa. Sonja Leinamo ampui loistavasti \u00d6stersundissa. AOP Sonja Leinamo, 23, j\u00e4rjesti valtavan suomalaisyll\u00e4tyksen&hellip;\n","protected":false},"author":2,"featured_media":105839,"comment_status":"","ping_status":"","sticky":false,"template":"","format":"standard","meta":{"footnotes":""},"categories":[5],"tags":[35,22,23,26,27,33,31,30,17,1511,24,25,41,28,29,1616,15,18,21,2294,32,1145,19,20,16],"class_list":{"0":"post-105838","1":"post","2":"type-post","3":"status-publish","4":"format-standard","5":"has-post-thumbnail","7":"category-otsikot","8":"tag-24h","9":"tag-breaking-news","10":"tag-breakingnews","11":"tag-featured-news","12":"tag-featurednews","13":"tag-fi","14":"tag-finland","15":"tag-finnish","16":"tag-headlines","17":"tag-joukkoviestinta","18":"tag-latest-news","19":"tag-latestnews","20":"tag-liikunta-ja-urheilu","21":"tag-main-news","22":"tag-mainnews","23":"tag-media-viestinta","24":"tag-news","25":"tag-otsikot","26":"tag-paauutiset","27":"tag-sanomalehdet","28":"tag-suomi","29":"tag-talviurheilu","30":"tag-top-stories","31":"tag-topstories","32":"tag-uutiset"},"share_on_mastodon":{"url":"https:\/\/pubeurope.com\/@fi\/115650901209662866","error":""},"_links":{"self":[{"href":"https:\/\/www.europesays.com\/fi\/wp-json\/wp\/v2\/posts\/105838","targetHints":{"allow":["GET"]}}],"collection":[{"href":"https:\/\/www.europesays.com\/fi\/wp-json\/wp\/v2\/posts"}],"about":[{"href":"https:\/\/www.europesays.com\/fi\/wp-json\/wp\/v2\/types\/post"}],"author":[{"embeddable":true,"href":"https:\/\/www.europesays.com\/fi\/wp-json\/wp\/v2\/users\/2"}],"replies":[{"embeddable":true,"href":"https:\/\/www.europesays.com\/fi\/wp-json\/wp\/v2\/comments?post=105838"}],"version-history":[{"count":0,"href":"https:\/\/www.europesays.com\/fi\/wp-json\/wp\/v2\/posts\/105838\/revisions"}],"wp:featuredmedia":[{"embeddable":true,"href":"https:\/\/www.europesays.com\/fi\/wp-json\/wp\/v2\/media\/105839"}],"wp:attachment":[{"href":"https:\/\/www.europesays.com\/fi\/wp-json\/wp\/v2\/media?parent=105838"}],"wp:term":[{"taxonomy":"category","embeddable":true,"href":"https:\/\/www.europesays.com\/fi\/wp-json\/wp\/v2\/categories?post=105838"},{"taxonomy":"post_tag","embeddable":true,"href":"https:\/\/www.europesays.com\/fi\/wp-json\/wp\/v2\/tags?post=105838"}],"curies":[{"name":"wp","href":"https:\/\/api.w.org\/{rel}","templated":true}]}}