{"id":105842,"date":"2025-12-02T16:38:08","date_gmt":"2025-12-02T16:38:08","guid":{"rendered":"https:\/\/www.europesays.com\/fi\/105842\/"},"modified":"2025-12-02T16:38:08","modified_gmt":"2025-12-02T16:38:08","slug":"mikko-parikka-pois-salkkareista-ihana-syy","status":"publish","type":"post","link":"https:\/\/www.europesays.com\/fi\/105842\/","title":{"rendered":"Mikko Parikka pois Salkkareista \u2013 Ihana syy"},"content":{"rendered":"<p>Mikko Parikka j\u00e4\u00e4 isyyslomalle. Parikan Salatut el\u00e4m\u00e4t -hahmo kirjoitetaan vapaan ajaksi pois sarjasta.<\/p>\n<p class=\"paragraph\"><a href=\"https:\/\/www.iltalehti.fi\/henkilot\/Mikko Parikka\" class=\"article-link-person-page\" rel=\"nofollow noopener\" target=\"_blank\">Mikko Parikan<\/a> Salatut el\u00e4m\u00e4t -hahmo Jiri Viitam\u00e4ki poistuu kev\u00e4\u00e4ll\u00e4 sarjasta.<\/p>\n<p class=\"paragraph\">L\u00e4ht\u00f6 ei ole pysyv\u00e4. Juonenk\u00e4\u00e4nteen syyn\u00e4 on Parikan isyysvapaa, joka alkoi marraskuun lopussa ja kest\u00e4\u00e4 nelj\u00e4 kuukautta.<\/p>\n<p class=\"paragraph\">\u2013 Sitten olen pari kuukautta t\u00f6iss\u00e4, ja sitten meill\u00e4 on kes\u00e4tauko. Olen pojan ensimm\u00e4isest\u00e4 vuodesta melkein seitsem\u00e4n kuukautta kotona. Se on luksusta, Parikka iloitsee Iltalehden haastattelussa.<\/p>\n<p><img decoding=\"async\" class=\"image image-show image-preview\" src=\"https:\/\/www.europesays.com\/fi\/wp-content\/uploads\/2025\/12\/13879a376fc8a5634921a2ced4e262b0e4ab5b9043e388d7e8c85acfcbfcecc6.jpg\" alt=\"\"\/><img decoding=\"async\" class=\"image image-show\" src=\"https:\/\/www.europesays.com\/fi\/wp-content\/uploads\/2025\/12\/1764693488_632_13879a376fc8a5634921a2ced4e262b0e4ab5b9043e388d7e8c85acfcbfcecc6.jpg\" alt=\"\"\/><\/p>\n<p>Mikko Parikka j\u00e4\u00e4 marraskuun lopussa isyyslomalle kuopuksensa kanssa. Pete Anikari<\/p>\n<p class=\"paragraph\">Mikko ja <strong>Sara Parikan<\/strong> nelj\u00e4s lapsi on isyysloman alkaessa parin kuukauden ik\u00e4inen. Parikalle oli selv\u00e4\u00e4, ett\u00e4 h\u00e4n tahtoo j\u00e4\u00e4d\u00e4 kotiin vauvan kanssa.<\/p>\n<p class=\"paragraph\">\u2013 Olen kiitollinen tuotannolle, ett\u00e4 he suostuivat t\u00e4h\u00e4n. Ty\u00f6mme on kuitenkin siin\u00e4 mieless\u00e4 erityislaatuista, ett\u00e4 kukaan muu ei voi tehd\u00e4 ty\u00f6t\u00e4mme.<\/p>\n<p>Vapaa touhuamaan<\/p>\n<p class=\"paragraph\">Isyysvapaaltaan Parikka odottaa erityisesti sit\u00e4, ett\u00e4 p\u00e4\u00e4see touhuamaan vauvan kanssa. Perheen edellinen lapsi syntyi kev\u00e4\u00e4ll\u00e4 2020 juuri koronasulkujen alkaessa. Parikan isyysloman aikana kahviloihin ei tuolloin p\u00e4\u00e4ssyt ja leikkipuistoissakin oleskelua oli rajoitettu.<\/p>\n<p class=\"paragraph\">\u2013 Nyt aion nauttia siit\u00e4, ett\u00e4 p\u00e4\u00e4sen k\u00e4ym\u00e4\u00e4nkin jossain, n\u00e4yttelij\u00e4 sanoo.<\/p>\n<p>Mikko ja Sara Parikan poikavauva syntyi aiemmin syksyll\u00e4. Parilla on ennest\u00e4\u00e4n kolme tyt\u00e4rt\u00e4. Pete Anikari<\/p>\n<p class=\"paragraph\">T\u00e4ysin Parikka ei t\u00f6ist\u00e4 luovu. N\u00e4yttelij\u00e4nt\u00f6idens\u00e4 ohella Parikka ty\u00f6llist\u00e4\u00e4 itse\u00e4\u00e4n my\u00f6s sosiaalisen median kanssa, mink\u00e4 lis\u00e4ksi h\u00e4n hoitaa pariskunnan yritysten laskutusta ja muita paperihommia.<\/p>\n<p class=\"paragraph\">Jos upotus ei toimi, n\u00e4et Mikko Parikan Instagram-kuvan my\u00f6s <a href=\"https:\/\/www.instagram.com\/p\/DQykCiODOOJ\/\" target=\"_blank\" rel=\"noopener nofollow\">t\u00e4st\u00e4 linkist\u00e4<\/a>.<\/p>\n<p class=\"paragraph\">Arki kuusihenkisen\u00e4 perheen\u00e4 on l\u00e4htenyt hyvin k\u00e4yntiin. Vanhempien lastensa vauvavuosilta Parikka on oppinut, ett\u00e4 kaikista vaiheista pit\u00e4\u00e4 yritt\u00e4\u00e4 nauttia, sill\u00e4 ne menev\u00e4t nopeasti ohi. V\u00e4symys ja y\u00f6her\u00e4\u00e4miset eiv\u00e4t jatku ikuisesti.<\/p>\n<p class=\"paragraph\">\u2013 Olemme kaikki olleet ihan fiiliksiss\u00e4 h\u00e4nest\u00e4. On ollut todella kivaa, Parikka hymyilee.<\/p>\n<p class=\"paragraph\">Salatut el\u00e4m\u00e4t maanantaista torstaihin MTV3:lla kello 19.30 &amp; Katsomossa. <a href=\"https:\/\/www.iltalehti.fi\/telkku\" rel=\"nofollow noopener\" target=\"_blank\">Katso kaikki TV-ohjelmat ja l\u00e4hetysajat Telkun TV-oppaasta<\/a>.<\/p>\n<p><script async src=\"\/\/www.instagram.com\/embed.js\"><\/script><\/p>\n","protected":false},"excerpt":{"rendered":"Mikko Parikka j\u00e4\u00e4 isyyslomalle. Parikan Salatut el\u00e4m\u00e4t -hahmo kirjoitetaan vapaan ajaksi pois sarjasta. Mikko Parikan Salatut el\u00e4m\u00e4t -hahmo&hellip;\n","protected":false},"author":2,"featured_media":105843,"comment_status":"","ping_status":"","sticky":false,"template":"","format":"standard","meta":{"footnotes":""},"categories":[133],"tags":[35,153,137,33,31,30,99,98,32,206,140,139,156,109],"class_list":{"0":"post-105842","1":"post","2":"type-post","3":"status-publish","4":"format-standard","5":"has-post-thumbnail","7":"category-televisiot","8":"tag-24h","9":"tag-audiovisuaalinen-media","10":"tag-entertainment","11":"tag-fi","12":"tag-finland","13":"tag-finnish","14":"tag-lapset","15":"tag-perhe","16":"tag-suomi","17":"tag-televisiot","18":"tag-tv-ja-elokuvat","19":"tag-tv-ohjelmat","20":"tag-tv","21":"tag-viihde"},"share_on_mastodon":{"url":"https:\/\/pubeurope.com\/@fi\/115650960169215540","error":""},"_links":{"self":[{"href":"https:\/\/www.europesays.com\/fi\/wp-json\/wp\/v2\/posts\/105842","targetHints":{"allow":["GET"]}}],"collection":[{"href":"https:\/\/www.europesays.com\/fi\/wp-json\/wp\/v2\/posts"}],"about":[{"href":"https:\/\/www.europesays.com\/fi\/wp-json\/wp\/v2\/types\/post"}],"author":[{"embeddable":true,"href":"https:\/\/www.europesays.com\/fi\/wp-json\/wp\/v2\/users\/2"}],"replies":[{"embeddable":true,"href":"https:\/\/www.europesays.com\/fi\/wp-json\/wp\/v2\/comments?post=105842"}],"version-history":[{"count":0,"href":"https:\/\/www.europesays.com\/fi\/wp-json\/wp\/v2\/posts\/105842\/revisions"}],"wp:featuredmedia":[{"embeddable":true,"href":"https:\/\/www.europesays.com\/fi\/wp-json\/wp\/v2\/media\/105843"}],"wp:attachment":[{"href":"https:\/\/www.europesays.com\/fi\/wp-json\/wp\/v2\/media?parent=105842"}],"wp:term":[{"taxonomy":"category","embeddable":true,"href":"https:\/\/www.europesays.com\/fi\/wp-json\/wp\/v2\/categories?post=105842"},{"taxonomy":"post_tag","embeddable":true,"href":"https:\/\/www.europesays.com\/fi\/wp-json\/wp\/v2\/tags?post=105842"}],"curies":[{"name":"wp","href":"https:\/\/api.w.org\/{rel}","templated":true}]}}