{"id":105854,"date":"2025-12-02T16:48:12","date_gmt":"2025-12-02T16:48:12","guid":{"rendered":"https:\/\/www.europesays.com\/fi\/105854\/"},"modified":"2025-12-02T16:48:12","modified_gmt":"2025-12-02T16:48:12","slug":"35-vuotias-mies-kuoli-rajussa-tormayksessa-tallaisen-tuomion-sai-bmw-kuski","status":"publish","type":"post","link":"https:\/\/www.europesays.com\/fi\/105854\/","title":{"rendered":"35-vuotias mies kuoli rajussa t\u00f6rm\u00e4yksess\u00e4 \u2013 T\u00e4llaisen tuomion sai BMW-kuski"},"content":{"rendered":"<p>32-vuotias mies tuomittiin vuodeksi ja kymmeneksi kuukaudeksi vankeuteen.<\/p>\n<p><img decoding=\"async\" class=\"image image-show image-preview\" src=\"https:\/\/www.europesays.com\/fi\/wp-content\/uploads\/2025\/12\/98e243cbf1269b6be089ba387dac4c6582079f586c32a019dcda3f9c67ffe7bf.jpg\" alt=\"\"\/><img decoding=\"async\" class=\"image image-show\" src=\"https:\/\/www.europesays.com\/fi\/wp-content\/uploads\/2025\/12\/1764694092_465_98e243cbf1269b6be089ba387dac4c6582079f586c32a019dcda3f9c67ffe7bf.jpg\" alt=\"\"\/><\/p>\n<p>Mies on k\u00e4r\u00e4j\u00e4oikeuden p\u00e4\u00e4t\u00f6ksell\u00e4 p\u00e4\u00e4stett\u00e4v\u00e4 v\u00e4litt\u00f6m\u00e4sti vapaaksi. Hamid Alsammarraee <\/p>\n<p class=\"paragraph\">35-vuotias mies kuoli Mikkeliss\u00e4 kes\u00e4kuussa, kun 32-vuotias BMW-kuski t\u00f6rm\u00e4si h\u00e4neen autollaan.<\/p>\n<p class=\"paragraph\">Etel\u00e4-Savon k\u00e4r\u00e4j\u00e4oikeus on tuoreella p\u00e4\u00e4t\u00f6ksell\u00e4\u00e4n hyl\u00e4nnyt syytteen taposta ja tuominnut 32-vuotiaan miehen muun muassa t\u00f6rke\u00e4st\u00e4 kuolemantuottamuksesta ja liikenneturvallisuuden vaarantamisesta.<\/p>\n<p class=\"paragraph\">Mies tuomittiin alle kahden vuoden ehdottomaan vankeusrangaistukseen. Tuomio ei ole lainvoimainen.<\/p>\n<p>Poliisi taltioi miehen BMW:st\u00e4 muun muassa naarmuja.  poliisin esitutkintamateriaali<\/p>\n<p class=\"paragraph\">BMW-kuski saapui Pohjolankadulle my\u00f6h\u00e4\u00e4n sunnuntai-iltana 1. kes\u00e4kuuta. H\u00e4nen tarkoituksenaan oli vaihtaa huumausaineita 20-vuotiaan miehen kanssa.<\/p>\n<p class=\"paragraph\">Parikymppisell\u00e4 miehell\u00e4 oli tapaamiselle toinenkin tarkoitus. H\u00e4nen oli m\u00e4\u00e4r\u00e4 harhauttaa kuskia, joka 35-vuotiaan uhrin oli m\u00e4\u00e4r\u00e4 ry\u00f6st\u00e4\u00e4.<\/p>\n<p class=\"paragraph\">\u2013 Se oli selv\u00e4sti aivan j\u00e4rjestetty ansa, taposta ep\u00e4ilty kuski arvioi my\u00f6hemmin poliisikuulusteluissa.<\/p>\n<p class=\"paragraph\">Kuski osasi odottaa \u201dansaa\u201d kenties juuri siksi, ett\u00e4 oli aiemmin illalla huijannut 35-vuotiaalta miehelt\u00e4 Subutexi\u00e4.<\/p>\n<p class=\"paragraph\">Kun h\u00e4n huomasi joukkion l\u00e4hestyv\u00e4n autoaan juoksujalkaa, h\u00e4n painoi kaasun pohjaan. Uhri paiskautui tuulilasin kautta katuun.<\/p>\n<p class=\"paragraph\">Kuski kaahasi tiehens\u00e4 soittamatta apua. H\u00e4n pakeni Varsinais-Suomeen, josta h\u00e4net otettiin kiinni yli kuukauden kuluttua.<\/p>\n<p>Pohjolankadulla tuoreeltaan kuvattuja verij\u00e4lki\u00e4. poliisin esitutkintamateriaali<\/p>\n<p class=\"paragraph\">Etel\u00e4-Savon k\u00e4r\u00e4j\u00e4oikeus k\u00e4sitteli vakavia rikossyytteit\u00e4 marraskuussa. Toisin kuin syytt\u00e4j\u00e4, k\u00e4r\u00e4j\u00e4oikeus katsoi tahallisuuden j\u00e4\u00e4neen n\u00e4ytt\u00e4m\u00e4tt\u00e4.<\/p>\n<p class=\"paragraph\">Oikeus arvioi, ettei kuski ole tahallaan ajanut uhria kohti. Sen sijaan p\u00e4ihtynyt uhri on tullut kiihdytt\u00e4v\u00e4n auton eteen ajoradalle.<\/p>\n<p class=\"paragraph\">K\u00e4r\u00e4j\u00e4oikeus arvioi paremman n\u00e4yt\u00f6n puutteessa, ett\u00e4 kuski on ajanut noin 30\u201340 kilometrin tuntinopeudella. N\u00e4in ollen kuski ei ole voinut pit\u00e4\u00e4 autoa l\u00e4hestyneen miehen kuolemaa kiihdytt\u00e4misen varmana tai edes varsin todenn\u00e4k\u00f6isen\u00e4 seurauksena.<\/p>\n<p>Uhri paiskautui tuulilasin kautta katuun. poliisin esitutkintamateriaali<\/p>\n<p class=\"paragraph\">Lis\u00e4ksi k\u00e4r\u00e4j\u00e4oikeus katsoi, ett\u00e4 kuskin huomiointikyky\u00e4 on h\u00e4irinnyt my\u00f6s jossain m\u00e4\u00e4rin 20-vuotias mies, joka roikkui autossa kiinni viel\u00e4 kiihdytt\u00e4misen aikana.<\/p>\n<p class=\"paragraph\">Kyse ei kuitenkaan ole ollut h\u00e4t\u00e4varjelun liioittelusta, johon kuski vetosi oikeudessa. K\u00e4r\u00e4j\u00e4oikeus arvioi, ett\u00e4 kuskilla on ollut oikeus puolustautua h\u00e4nt\u00e4 kohtaan aloitettua oikeudetonta hy\u00f6kk\u00e4yst\u00e4 vastaan, mutta sen olisi voinut tehd\u00e4 toisin.<\/p>\n<p class=\"paragraph\">Mies olisi voinut ty\u00f6nt\u00e4\u00e4 tai jopa ly\u00f6d\u00e4 parikymppisen miehen pois ikkunasta, sulkea sen ja poistua paikalta \u201dhallitummin\u201d. Kun h\u00e4nell\u00e4 oli mahdollisuus toimia toisin, ei tekoa voida pit\u00e4\u00e4 h\u00e4t\u00e4varjelun liioitteluna, oikeus arvioi.<\/p>\n<p>Poliisi tutki tapausta tappona. K\u00e4r\u00e4j\u00e4oikeus oli eri mielt\u00e4. poliisin esitutkintamateriaali<\/p>\n<p class=\"paragraph\">Etel\u00e4-Savon k\u00e4r\u00e4j\u00e4oikeus tuomitsi 32-vuotiaan miehen vuoden ja kymmenen kuukauden mittaiseen ehdottomaan vankeusrangaistukseen.<\/p>\n<p class=\"paragraph\">Miehen syyksi luettiin t\u00f6rke\u00e4n kuolemantuottamuksen lis\u00e4ksi liikenneturvallisuuden vaarantaminen, kulkuneuvon kuljettaminen oikeudetta, huumausainerikos, ampuma-aserikos, liikennepako tieliikenteess\u00e4 sek\u00e4 toisen vahingoittamiseen soveltuvan esineen tai aineen hallussapito.<\/p>\n<p class=\"paragraph\">Mies on k\u00e4r\u00e4j\u00e4oikeuden p\u00e4\u00e4t\u00f6ksell\u00e4 p\u00e4\u00e4stett\u00e4v\u00e4 heti vapaaksi.<\/p>\n","protected":false},"excerpt":{"rendered":"32-vuotias mies tuomittiin vuodeksi ja kymmeneksi kuukaudeksi vankeuteen. Mies on k\u00e4r\u00e4j\u00e4oikeuden p\u00e4\u00e4t\u00f6ksell\u00e4 p\u00e4\u00e4stett\u00e4v\u00e4 v\u00e4litt\u00f6m\u00e4sti vapaaksi. Hamid Alsammarraee 35-vuotias&hellip;\n","protected":false},"author":2,"featured_media":105855,"comment_status":"","ping_status":"","sticky":false,"template":"","format":"standard","meta":{"footnotes":""},"categories":[12],"tags":[35,648,22,23,26,27,33,31,30,17,53,24,25,121,28,29,82,15,18,21,32,128,19,20,16],"class_list":{"0":"post-105854","1":"post","2":"type-post","3":"status-publish","4":"format-standard","5":"has-post-thumbnail","7":"category-suomi","8":"tag-24h","9":"tag-autot","10":"tag-breaking-news","11":"tag-breakingnews","12":"tag-featured-news","13":"tag-featurednews","14":"tag-fi","15":"tag-finland","16":"tag-finnish","17":"tag-headlines","18":"tag-laki-oikeus-ja-rikos","19":"tag-latest-news","20":"tag-latestnews","21":"tag-liikenne-ja-kuljetus","22":"tag-main-news","23":"tag-mainnews","24":"tag-moottoriajoneuvot","25":"tag-news","26":"tag-otsikot","27":"tag-paauutiset","28":"tag-suomi","29":"tag-tieliikenne","30":"tag-top-stories","31":"tag-topstories","32":"tag-uutiset"},"share_on_mastodon":{"url":"https:\/\/pubeurope.com\/@fi\/115650999934030934","error":""},"_links":{"self":[{"href":"https:\/\/www.europesays.com\/fi\/wp-json\/wp\/v2\/posts\/105854","targetHints":{"allow":["GET"]}}],"collection":[{"href":"https:\/\/www.europesays.com\/fi\/wp-json\/wp\/v2\/posts"}],"about":[{"href":"https:\/\/www.europesays.com\/fi\/wp-json\/wp\/v2\/types\/post"}],"author":[{"embeddable":true,"href":"https:\/\/www.europesays.com\/fi\/wp-json\/wp\/v2\/users\/2"}],"replies":[{"embeddable":true,"href":"https:\/\/www.europesays.com\/fi\/wp-json\/wp\/v2\/comments?post=105854"}],"version-history":[{"count":0,"href":"https:\/\/www.europesays.com\/fi\/wp-json\/wp\/v2\/posts\/105854\/revisions"}],"wp:featuredmedia":[{"embeddable":true,"href":"https:\/\/www.europesays.com\/fi\/wp-json\/wp\/v2\/media\/105855"}],"wp:attachment":[{"href":"https:\/\/www.europesays.com\/fi\/wp-json\/wp\/v2\/media?parent=105854"}],"wp:term":[{"taxonomy":"category","embeddable":true,"href":"https:\/\/www.europesays.com\/fi\/wp-json\/wp\/v2\/categories?post=105854"},{"taxonomy":"post_tag","embeddable":true,"href":"https:\/\/www.europesays.com\/fi\/wp-json\/wp\/v2\/tags?post=105854"}],"curies":[{"name":"wp","href":"https:\/\/api.w.org\/{rel}","templated":true}]}}