{"id":105856,"date":"2025-12-02T16:49:12","date_gmt":"2025-12-02T16:49:12","guid":{"rendered":"https:\/\/www.europesays.com\/fi\/105856\/"},"modified":"2025-12-02T16:49:12","modified_gmt":"2025-12-02T16:49:12","slug":"yhdysvaltain-erityislahettilas-tapaa-putinin-moskovassa-taman-tiedamme-nyt-rauhanponnisteluista-ukrainaan-ulkomaat","status":"publish","type":"post","link":"https:\/\/www.europesays.com\/fi\/105856\/","title":{"rendered":"Yhdysvaltain erityis\u00adl\u00e4hettil\u00e4s tapaa Putinin Moskovassa \u2013 t\u00e4m\u00e4n tied\u00e4mme nyt rauhan\u00adponnisteluista Ukrainaan | Ulkomaat"},"content":{"rendered":"<p class=\"aw-1gybjub aw-5vja16 kEtdKx kmuxyA yle__article__paragraph\">Yhdysvaltain edustajat tapaavat Floridassa kaksi p\u00e4iv\u00e4\u00e4 kest\u00e4neiden neuvottelujen j\u00e4lkeen Ven\u00e4j\u00e4n presidentin Moskovassa. Neuvottelujen tarkoituksena oli hioa rauhan\u00adsuunnitelmaa.<\/p>\n<p><img decoding=\"async\" alt=\"Kirill Dmitriev ja Steve Witkoff keskustelevat.\" src=\"https:\/\/www.europesays.com\/fi\/wp-content\/uploads\/2025\/12\/39-1557380692014ab5cb81.jpeg\" class=\"aw-1l9m598 hKVVvP\"\/><\/p>\n<p>Avaa kuvien katselu<\/p>\n<p>Steve Witkoff Moskovassa huhtikuussa. Kuva: Kremlin lehdist\u00f6palvelu \/ AOP<\/p>\n<p>12:45\u2022P\u00e4ivitetty 18:45<\/p>\n<p class=\"aw-1gybjub aw-1p7kakr kEtdKx cEmitX yle__article__paragraph\">Ven\u00e4j\u00e4n presidentti <strong class=\"aw-ak79eh KyCXm yle__article__strong\">Vladimir Putin<\/strong> tapaa Yhdysvaltain erityisl\u00e4hettil\u00e4\u00e4n <strong class=\"aw-ak79eh KyCXm yle__article__strong\">Steve Witkoffin<\/strong> Moskovassa tiistaina.<\/p>\n<p class=\"aw-1gybjub aw-1p7kakr kEtdKx cEmitX yle__article__paragraph\">Lis\u00e4ksi ainakin Yhdysvaltain <a class=\"aw-iao6s4 iHOxEa yle__article__link\" href=\"https:\/\/www.bbc.com\/news\/articles\/ce8ng3yjenpo\" role=\"link\" rel=\"nofollow noopener\" target=\"_blank\">presidentti Donald Trumpin v\u00e4vyn<\/a>, <strong class=\"aw-ak79eh KyCXm yle__article__strong\">Jared Kushnerin<\/strong> odotetaan osallistuvan tapaamiseen.<\/p>\n<p class=\"aw-1gybjub aw-1p7kakr kEtdKx cEmitX yle__article__paragraph\">Ven\u00e4j\u00e4n valtiollisen RIA Novosti -uutistoimiston <a class=\"aw-iao6s4 iHOxEa yle__article__link\" href=\"https:\/\/ria.ru\/20251202\/uitkoff-2059284344.html\" role=\"link\" rel=\"nofollow noopener\" target=\"_blank\">mukaan<\/a> Witkoff ja Ven\u00e4j\u00e4n valtiollisen investointirahaston RFPI:n johtaja <strong class=\"aw-ak79eh KyCXm yle__article__strong\">Kirill Dmitrijev<\/strong> ovat saapuneet Kremliin. Juuri Dmitrijev <a class=\"aw-iao6s4 iHOxEa yle__article__link\" href=\"https:\/\/yle.fi\/a\/74-20197120\" role=\"link\" rel=\"nofollow noopener\" target=\"_blank\">on k\u00e4ynyt<\/a> Ven\u00e4j\u00e4n puolesta keskusteluja Witkoffin kanssa.<\/p>\n<p class=\"aw-1gybjub aw-1p7kakr kEtdKx cEmitX yle__article__paragraph\">Ennen tapaamistaan Witkoffin kanssa Putin syytti Euroopan maiden yritt\u00e4v\u00e4n sabotoida rauhanneuvotteluja lis\u00e4\u00e4m\u00e4ll\u00e4 mukaan esityksi\u00e4, joita Ven\u00e4j\u00e4 ei voi hyv\u00e4ksy\u00e4.<\/p>\n<p><img decoding=\"async\" alt=\"Jared Kushner Tel Avivissa lokakuussa.\" src=\"https:\/\/www.europesays.com\/fi\/wp-content\/uploads\/2025\/12\/39-1562109692d557b86482.jpeg\" loading=\"lazy\" class=\"aw-1l9m598 hKVVvP\"\/><\/p>\n<p>Avaa kuvien katselu<\/p>\n<p>Yhdysvaltain presidentin v\u00e4vy kuvattuna Israelissa lokakuussa.  Kuva: Abir Sultan \/ EPA<\/p>\n<p class=\"aw-1gybjub aw-1p7kakr kEtdKx cEmitX yle__article__paragraph\">Uutistoimisto Reuters kertoi 18.40 Suomen aikaa, ett\u00e4 Putinin tapaaminen Witkoffin ja Kushnerin kanssa on alkanut. Alun perin tapaamisen odotettiin alkavan jo kello 16.<\/p>\n<p class=\"aw-1gybjub aw-1p7kakr kEtdKx cEmitX yle__article__paragraph\">Uutistoimisto AFP:lle puhunut korkea-arvoinen ukrainalainen virkamiesl\u00e4hde sanoi, ett\u00e4 Ukrainan valtuuskunta voisi tavata Witkoffin ja Kushnerin huomenna keskiviikkona, mahdollisesti Brysseliss\u00e4. Asiasta ei ole viel\u00e4 sovittu.<\/p>\n<p class=\"aw-1gybjub aw-1p7kakr kEtdKx cEmitX yle__article__paragraph\">Ukrainan presidentti <strong class=\"aw-ak79eh KyCXm yle__article__strong\">Volodymyr Zelenskyi<\/strong> sanoi maanantaina Ranskan presidentti <strong class=\"aw-ak79eh KyCXm yle__article__strong\">Emmanuel Macronin<\/strong> tavattuaan, ett\u00e4 Ukrainan prioriteetteina rauhanneuvotteluissa ovat itsem\u00e4\u00e4r\u00e4\u00e4misoikeuden s\u00e4ilytt\u00e4mien ja vahvat turvallisuustakuut.<\/p>\n<p class=\"aw-1gybjub aw-1p7kakr kEtdKx cEmitX yle__article__paragraph\">Useat eurooppalaiset johtajat osallistuivat tapaamiseen virtuaalisesti.<\/p>\n<p class=\"aw-1gybjub aw-1p7kakr kEtdKx cEmitX yle__article__paragraph\">Erityisl\u00e4hettil\u00e4s Witkoff keskusteli Ison-Britannian p\u00e4\u00e4ministerin <strong class=\"aw-ak79eh KyCXm yle__article__strong\">Keir Starmerin<\/strong>, Zelenskyin ja Ukrainan uuden p\u00e4\u00e4neuvottelijan <strong class=\"aw-ak79eh KyCXm yle__article__strong\">Rustem Umjerovin<\/strong> kanssa.<\/p>\n<p class=\"aw-1gybjub aw-1p7kakr kEtdKx cEmitX yle__article__paragraph\">Valkoisen talon lehdist\u00f6sihteeri <strong class=\"aw-ak79eh KyCXm yle__article__strong\">Karoline Leavitt<\/strong> sanoi maanantaina, ett\u00e4 rauhansopimusluonnosta on \u201dhiottu paljon\u201d.<\/p>\n<p><img decoding=\"async\" alt=\"Kaksi miest\u00e4 puhuu mikrofonin edess\u00e4.\" src=\"https:\/\/www.europesays.com\/fi\/wp-content\/uploads\/2025\/12\/39-1562040692ca34d27b35.jpeg\" loading=\"lazy\" class=\"aw-1l9m598 hKVVvP\"\/><\/p>\n<p>Avaa kuvien katselu<\/p>\n<p>Yhdysvaltain ulkoministeri Marco Rubio sek\u00e4 Ukrainan uusi p\u00e4\u00e4neuvottelija Rustem Umjerov hioivat rauhansuunnitelmaa sunnuntaina Floridassa. Kuva: Chandan Khanna \/ AFP<\/p>\n<p class=\"aw-1gybjub aw-1p7kakr kEtdKx cEmitX yle__article__paragraph\">Putin sanoi viime viikolla, ett\u00e4 Yhdysvaltojen ehdottamasta rauhansuunnitelmaluonnoksesta voisi tulla \u201dperusta\u201d tulevalle sodan p\u00e4\u00e4tt\u00e4miseen t\u00e4ht\u00e4\u00e4v\u00e4lle sopimukselle.<\/p>\n<p class=\"aw-1gybjub aw-1p7kakr kEtdKx cEmitX yle__article__paragraph\">Kremlin virkamiehet kuitenkin ep\u00e4iliv\u00e4t my\u00f6hemmin, voisiko Ven\u00e4j\u00e4 hyv\u00e4ksy\u00e4 ehdotuksen sen j\u00e4lkeen, kun Ukraina ja sen eurooppalaiset liittolaiset ilmoittivat tehneens\u00e4 siihen muutoksia.<\/p>\n<p class=\"aw-1gybjub aw-1p7kakr kEtdKx cEmitX yle__article__paragraph\">Alkuper\u00e4isen 28-kohtaisen luonnoksen rauhansuunnitelmaksi voit lukea kohta kohdalta <a class=\"aw-iao6s4 iHOxEa yle__article__link\" href=\"https:\/\/yle.fi\/a\/74-20195365\" role=\"link\" rel=\"nofollow noopener\" target=\"_blank\">t\u00e4st\u00e4<\/a>.<\/p>\n<p class=\"aw-1gybjub aw-1p7kakr kEtdKx cEmitX yle__article__paragraph\"><a class=\"aw-iao6s4 iHOxEa yle__article__link\" href=\"https:\/\/yle.fi\/a\/74-20197120\" role=\"link\" rel=\"nofollow noopener\" target=\"_blank\">Ukrainan rauhan\u00adsuunnitelma on nelj\u00e4n liikemiehen k\u00e4siss\u00e4<\/a>. Ukrainan rauhansuunnitelmasta on ollut neuvottelemassa kiinteist\u00f6miljard\u00f6\u00f6ri ja kolme rikasta sijoitusrahaston johtajaa.<\/p>\n<p class=\"aw-1gybjub aw-1p7kakr kEtdKx cEmitX yle__article__paragraph\">Kaikkien ulkopoliittinen osaaminen on v\u00e4h\u00e4ist\u00e4.<\/p>\n<p>\u201dKyse ei ole rauhasta vaan bisneksest\u00e4\u201d<\/p>\n<p class=\"aw-1gybjub aw-1p7kakr kEtdKx cEmitX yle__article__paragraph\">Wall Street Journal -lehti kertoi viikonloppuna, ett\u00e4 rauhanneuvottelujen yhteydess\u00e4 on puhuttu my\u00f6s liiketoimista. Lehden mukaan <a class=\"aw-iao6s4 iHOxEa yle__article__link\" href=\"https:\/\/yle.fi\/a\/74-20197129\" role=\"link\" rel=\"nofollow noopener\" target=\"_blank\">Ven\u00e4j\u00e4n ja Yhdysvaltain neuvottelijoilla on suuria suunnitelmia<\/a> maiden v\u00e4lisen kaupan palauttamiseksi.<\/p>\n<p class=\"aw-1gybjub aw-1p7kakr kEtdKx cEmitX yle__article__paragraph\">Puolan p\u00e4\u00e4ministerin kerrotaan piikitelleen, etteiv\u00e4t Yhdysvaltain Witkoff ja Putin todenn\u00e4k\u00f6isesti muusta puhukaan kuin kauppasuhteista.<\/p>\n<p class=\"aw-1gybjub aw-1p7kakr kEtdKx cEmitX yle__article__paragraph\">\u2013 Tied\u00e4mme, ettei kyse ole rauhasta vaan bisneksest\u00e4, <strong class=\"aw-ak79eh KyCXm yle__article__strong\">Donald Tusk<\/strong> sanoi <a class=\"aw-iao6s4 iHOxEa yle__article__link\" href=\"https:\/\/www.wsj.com\/world\/russia\/russia-u-s-peace-business-ties-4db9b290\" role=\"link\" rel=\"nofollow noopener\" target=\"_blank\">Wall Street Journal -lehden<\/a> mukaan.<\/p>\n<p><img decoding=\"async\" alt=\"Pulan p\u00e4\u00e4ministeri Donald Tusk Puolan ja EU:n lippujen edess\u00e4.\" src=\"https:\/\/www.europesays.com\/fi\/wp-content\/uploads\/2025\/12\/39-152035668c17808ee6fe.jpeg\" loading=\"lazy\" class=\"aw-1l9m598 hKVVvP\"\/><\/p>\n<p>Avaa kuvien katselu<\/p>\n<p>Puolan p\u00e4\u00e4ministeri Tusk suhtautuu neuvotteluihin kriittisesti.  Kuva: Szymon Pulcyn \/ EPA<\/p>\n<p class=\"aw-1gybjub aw-1p7kakr kEtdKx cEmitX yle__article__paragraph\">Ven\u00e4l\u00e4iset ovat lehden mukaan tarjoamassa yhdysvaltalaisille muun muassa p\u00e4\u00e4sy\u00e4 harvinaisten maametalliensa l\u00e4hteille.<\/p>\n<p class=\"aw-1gybjub aw-1p7kakr kEtdKx cEmitX yle__article__paragraph\">Ylen Ukrainan-toimittaja <strong class=\"aw-ak79eh KyCXm yle__article__strong\">Justas<\/strong> <strong class=\"aw-ak79eh KyCXm yle__article__strong\">Stasevskij<\/strong> arvioi Witkoffin matkaa Moskovaan maanantaina n\u00e4in.<\/p>\n","protected":false},"excerpt":{"rendered":"Yhdysvaltain edustajat tapaavat Floridassa kaksi p\u00e4iv\u00e4\u00e4 kest\u00e4neiden neuvottelujen j\u00e4lkeen Ven\u00e4j\u00e4n presidentin Moskovassa. Neuvottelujen tarkoituksena oli hioa rauhan\u00adsuunnitelmaa. Avaa&hellip;\n","protected":false},"author":2,"featured_media":105857,"comment_status":"","ping_status":"","sticky":false,"template":"","format":"standard","meta":{"footnotes":""},"categories":[5],"tags":[22,23,585,4759,26,27,33,31,30,17,2593,24,25,28,29,15,18,21,32,19,20,1303,5914,56,16,547,987,2388,2257,3963,619],"class_list":{"0":"post-105856","1":"post","2":"type-post","3":"status-publish","4":"format-standard","5":"has-post-thumbnail","7":"category-otsikot","8":"tag-breaking-news","9":"tag-breakingnews","10":"tag-donald-trump","11":"tag-emmanuel-macron","12":"tag-featured-news","13":"tag-featurednews","14":"tag-fi","15":"tag-finland","16":"tag-finnish","17":"tag-headlines","18":"tag-krim","19":"tag-latest-news","20":"tag-latestnews","21":"tag-main-news","22":"tag-mainnews","23":"tag-news","24":"tag-otsikot","25":"tag-paauutiset","26":"tag-suomi","27":"tag-top-stories","28":"tag-topstories","29":"tag-ukraina","30":"tag-ukrainan-asevoimat","31":"tag-ulkomaat","32":"tag-uutiset","33":"tag-venaja","34":"tag-venajan-hyokkays","35":"tag-venajan-hyokkays-ukrainaan-2022","36":"tag-vladimir-putin","37":"tag-volodymyr-zelenskyi","38":"tag-yhdysvallat"},"share_on_mastodon":{"url":"","error":"Validation failed: Text character limit of 500 exceeded"},"_links":{"self":[{"href":"https:\/\/www.europesays.com\/fi\/wp-json\/wp\/v2\/posts\/105856","targetHints":{"allow":["GET"]}}],"collection":[{"href":"https:\/\/www.europesays.com\/fi\/wp-json\/wp\/v2\/posts"}],"about":[{"href":"https:\/\/www.europesays.com\/fi\/wp-json\/wp\/v2\/types\/post"}],"author":[{"embeddable":true,"href":"https:\/\/www.europesays.com\/fi\/wp-json\/wp\/v2\/users\/2"}],"replies":[{"embeddable":true,"href":"https:\/\/www.europesays.com\/fi\/wp-json\/wp\/v2\/comments?post=105856"}],"version-history":[{"count":0,"href":"https:\/\/www.europesays.com\/fi\/wp-json\/wp\/v2\/posts\/105856\/revisions"}],"wp:featuredmedia":[{"embeddable":true,"href":"https:\/\/www.europesays.com\/fi\/wp-json\/wp\/v2\/media\/105857"}],"wp:attachment":[{"href":"https:\/\/www.europesays.com\/fi\/wp-json\/wp\/v2\/media?parent=105856"}],"wp:term":[{"taxonomy":"category","embeddable":true,"href":"https:\/\/www.europesays.com\/fi\/wp-json\/wp\/v2\/categories?post=105856"},{"taxonomy":"post_tag","embeddable":true,"href":"https:\/\/www.europesays.com\/fi\/wp-json\/wp\/v2\/tags?post=105856"}],"curies":[{"name":"wp","href":"https:\/\/api.w.org\/{rel}","templated":true}]}}